{"id":92362,"date":"2019-11-04T11:42:33","date_gmt":"2019-11-04T08:42:33","guid":{"rendered":"http:\/\/arantv.az\/?p=92362"},"modified":"2019-11-04T11:42:33","modified_gmt":"2019-11-04T08:42:33","slug":"m%c9%99mm%c9%99dyarov-%c9%99l-s%c9%99baabi-pisl%c9%99di","status":"publish","type":"post","link":"https:\/\/arantv.az\/?p=92362","title":{"rendered":"M\u0259mm\u0259dyarov \u201c\u018fl-\u015e\u0259baab\u201d\u0131 pisl\u0259di"},"content":{"rendered":"<p>Somalid\u0259 t\u0259hl\u00fck\u0259sizliyin g\u0259l\u0259c\u0259yin\u0259 nail olmaq \u00fc\u00e7\u00fcn idar\u0259etm\u0259 v\u0259 idar\u0259etm\u0259 qurumlar\u0131 \u00e7ox diqq\u0259tli v\u0259 bir yerd\u0259 olmal\u0131d\u0131rlar, h\u0259m\u00e7inin, laz\u0131ms\u0131z yay\u0131nd\u0131rmalar\u0131n qar\u015f\u0131s\u0131n\u0131 almal\u0131d\u0131rlar.<\/p>\n<p><b>ARANTV.AZ<\/b>-\u0131n m\u0259lumat\u0131na g\u00f6r\u0259, bunu Xarici \u0130\u015fl\u0259r naziri Elmar M\u0259mm\u0259dyarov Q\u0259t\u0259rd\u0259 ke\u00e7iril\u0259n \u0130slam \u018fm\u0259kda\u015fl\u0131q T\u0259\u015fkilat\u0131n\u0131n Somali \u00fczr\u0259 \u018flaq\u0259 Qrupunun iclas\u0131nda bildirib.<\/p>\n<p>Onun s\u00f6zl\u0259rin\u0259 g\u00f6r\u0259, Az\u0259rbaycan, s\u00fclh v\u0259 d\u00f6vl\u0259t quruculu\u011fu prosesi, h\u0259m\u00e7inin, \u00f6lk\u0259nin sabitliyinin t\u0259min olunmas\u0131n\u0131 diqq\u0259t m\u0259rk\u0259zind\u0259 saxlay\u0131r.<\/p>\n<div id=\"AdviadNativeVideo0\" class=\"AdviadNativeVideo\"><\/div>\n<p>Nazir qeyd edib ki, Az\u0259rbaycan Somali il\u0259 tam h\u0259mr\u0259yliyini bir daha b\u0259yan edir. E.M\u0259mm\u0259dyarov Somalid\u0259 t\u00f6r\u0259dil\u0259n terror aktlar\u0131n\u0131 pisl\u0259yib:<\/p>\n<p>\u201c\u018fl-\u015e\u0259baab\u201d d\u00f6y\u00fc\u015f\u00e7\u00fcl\u0259rinin qal\u0131qlar\u0131 t\u0259r\u0259find\u0259n t\u00f6r\u0259dil\u0259n b\u00fct\u00fcn terror aktlar\u0131n\u0131 v\u0259 zorak\u0131 ekstremizmi q\u0259tiyy\u0259tl\u0259 pisl\u0259yirik. Onlar\u0131 s\u00fclh v\u0259 bar\u0131\u015f\u0131q prosesin\u0259 qo\u015fularaq a\u011f\u0131l s\u0259sini\u00a0dinl\u0259m\u0259y\u0259 v\u0259 zorak\u0131l\u0131qdan imtina etm\u0259y\u0259 \u00e7a\u011f\u0131r\u0131r\u0131q.<\/p>\n<p>Somali Federal h\u00f6kum\u0259tin\u0259 \u00e7\u0259tinlikl\u0259rin \u00f6hd\u0259sind\u0259n g\u0259lm\u0259k, bar\u0131\u015f\u0131q \u0259ld\u0259 etm\u0259k v\u0259 etibarl\u0131, sabit, birl\u0259\u015fmi\u015f, demokratik v\u0259 firavan bir d\u00f6vl\u0259t qurmaq s\u0259yl\u0259rind\u0259 d\u0259st\u0259yimizi bildirm\u0259k ist\u0259rdim\u201d.<\/p>\n<p>X\u0130N ba\u015f\u00e7\u0131s\u0131 qeyd edib ki, Az\u0259rbaycan Somalid\u0259 v\u0259 b\u00f6lg\u0259nin dig\u0259r \u00f6lk\u0259l\u0259rind\u0259 ehtiyac\u0131 olanlara \u00f6z d\u0259st\u0259yini davam etdirm\u0259y\u0259 haz\u0131rd\u0131r.oxu.az<\/p>\n","protected":false},"excerpt":{"rendered":"<p>Somalid\u0259 t\u0259hl\u00fck\u0259sizliyin g\u0259l\u0259c\u0259yin\u0259 nail olmaq \u00fc\u00e7\u00fcn idar\u0259etm\u0259 v\u0259 idar\u0259etm\u0259 qurumlar\u0131 \u00e7ox diqq\u0259tli v\u0259 bir yerd\u0259 olmal\u0131d\u0131rlar, h\u0259m\u00e7inin, laz\u0131ms\u0131z yay\u0131nd\u0131rmalar\u0131n qar\u015f\u0131s\u0131n\u0131 almal\u0131d\u0131rlar. ARANTV.AZ-\u0131n m\u0259lumat\u0131na g\u00f6r\u0259, bunu Xarici \u0130\u015fl\u0259r naziri Elmar M\u0259mm\u0259dyarov Q\u0259t\u0259rd\u0259 ke\u00e7iril\u0259n \u0130slam \u018fm\u0259kda\u015fl\u0131q T\u0259\u015fkilat\u0131n\u0131n Somali \u00fczr\u0259 \u018flaq\u0259 Qrupunun iclas\u0131nda bildirib. Onun s\u00f6zl\u0259rin\u0259 g\u00f6r\u0259, Az\u0259rbaycan, s\u00fclh v\u0259 d\u00f6vl\u0259t quruculu\u011fu prosesi, h\u0259m\u00e7inin, \u00f6lk\u0259nin sabitliyinin t\u0259min olunmas\u0131n\u0131 diqq\u0259t m\u0259rk\u0259zind\u0259 saxlay\u0131r. Nazir qeyd edib ki, Az\u0259rbaycan Somali il\u0259 tam h\u0259mr\u0259yliyini bir daha b\u0259yan edir. E.M\u0259mm\u0259dyarov Somalid\u0259 t\u00f6r\u0259dil\u0259n terror aktlar\u0131n\u0131 pisl\u0259yib: \u201c\u018fl-\u015e\u0259baab\u201d d\u00f6y\u00fc\u015f\u00e7\u00fcl\u0259rinin qal\u0131qlar\u0131 t\u0259r\u0259find\u0259n t\u00f6r\u0259dil\u0259n b\u00fct\u00fcn terror aktlar\u0131n\u0131 v\u0259 zorak\u0131 ekstremizmi q\u0259tiyy\u0259tl\u0259 pisl\u0259yirik.&hellip;<\/p>\n","protected":false},"author":2,"featured_media":92363,"comment_status":"closed","ping_status":"closed","sticky":false,"template":"","format":"standard","meta":{"om_disable_all_campaigns":false,"_monsterinsights_skip_tracking":false,"_monsterinsights_sitenote_active":false,"_monsterinsights_sitenote_note":"","_monsterinsights_sitenote_category":0},"categories":[4],"tags":[],"aioseo_notices":[],"gutentor_comment":0,"rttpg_featured_image_url":{"full":["https:\/\/arantv.az\/wp-content\/uploads\/2019\/11\/1572850003img__1.jpg",620,413,false],"landscape":["https:\/\/arantv.az\/wp-content\/uploads\/2019\/11\/1572850003img__1.jpg",620,413,false],"portraits":["https:\/\/arantv.az\/wp-content\/uploads\/2019\/11\/1572850003img__1.jpg",620,413,false],"thumbnail":["https:\/\/arantv.az\/wp-content\/uploads\/2019\/11\/1572850003img__1-150x150.jpg",150,150,true],"medium":["https:\/\/arantv.az\/wp-content\/uploads\/2019\/11\/1572850003img__1-300x200.jpg",300,200,true],"large":["https:\/\/arantv.az\/wp-content\/uploads\/2019\/11\/1572850003img__1.jpg",620,413,false],"1536x1536":["https:\/\/arantv.az\/wp-content\/uploads\/2019\/11\/1572850003img__1.jpg",620,413,false],"2048x2048":["https:\/\/arantv.az\/wp-content\/uploads\/2019\/11\/1572850003img__1.jpg",620,413,false],"post-thumbnail":["https:\/\/arantv.az\/wp-content\/uploads\/2019\/11\/1572850003img__1-240x172.jpg",240,172,true],"advps-thumb-one":["https:\/\/arantv.az\/wp-content\/uploads\/2019\/11\/1572850003img__1.jpg",620,413,false]},"rttpg_author":{"display_name":"V\u00fcsal Rafiqo\u011flu","author_link":"https:\/\/arantv.az\/?author=2"},"rttpg_comment":0,"rttpg_category":"<a href=\"https:\/\/arantv.az\/?cat=4\" rel=\"category\">Siyas\u0259t<\/a>","rttpg_excerpt":"Somalid\u0259 t\u0259hl\u00fck\u0259sizliyin g\u0259l\u0259c\u0259yin\u0259 nail olmaq \u00fc\u00e7\u00fcn idar\u0259etm\u0259 v\u0259 idar\u0259etm\u0259 qurumlar\u0131 \u00e7ox diqq\u0259tli v\u0259 bir yerd\u0259 olmal\u0131d\u0131rlar, h\u0259m\u00e7inin, laz\u0131ms\u0131z yay\u0131nd\u0131rmalar\u0131n qar\u015f\u0131s\u0131n\u0131 almal\u0131d\u0131rlar. ARANTV.AZ-\u0131n m\u0259lumat\u0131na g\u00f6r\u0259, bunu Xarici \u0130\u015fl\u0259r naziri Elmar M\u0259mm\u0259dyarov Q\u0259t\u0259rd\u0259 ke\u00e7iril\u0259n \u0130slam \u018fm\u0259kda\u015fl\u0131q T\u0259\u015fkilat\u0131n\u0131n Somali \u00fczr\u0259 \u018flaq\u0259 Qrupunun iclas\u0131nda bildirib. Onun s\u00f6zl\u0259rin\u0259 g\u00f6r\u0259, Az\u0259rbaycan, s\u00fclh v\u0259 d\u00f6vl\u0259t quruculu\u011fu prosesi, h\u0259m\u00e7inin, \u00f6lk\u0259nin sabitliyinin t\u0259min olunmas\u0131n\u0131&hellip;","_links":{"self":[{"href":"https:\/\/arantv.az\/index.php?rest_route=\/wp\/v2\/posts\/92362"}],"collection":[{"href":"https:\/\/arantv.az\/index.php?rest_route=\/wp\/v2\/posts"}],"about":[{"href":"https:\/\/arantv.az\/index.php?rest_route=\/wp\/v2\/types\/post"}],"author":[{"embeddable":true,"href":"https:\/\/arantv.az\/index.php?rest_route=\/wp\/v2\/users\/2"}],"replies":[{"embeddable":true,"href":"https:\/\/arantv.az\/index.php?rest_route=%2Fwp%2Fv2%2Fcomments&post=92362"}],"version-history":[{"count":0,"href":"https:\/\/arantv.az\/index.php?rest_route=\/wp\/v2\/posts\/92362\/revisions"}],"wp:featuredmedia":[{"embeddable":true,"href":"https:\/\/arantv.az\/index.php?rest_route=\/wp\/v2\/media\/92363"}],"wp:attachment":[{"href":"https:\/\/arantv.az\/index.php?rest_route=%2Fwp%2Fv2%2Fmedia&parent=92362"}],"wp:term":[{"taxonomy":"category","embeddable":true,"href":"https:\/\/arantv.az\/index.php?rest_route=%2Fwp%2Fv2%2Fcategories&post=92362"},{"taxonomy":"post_tag","embeddable":true,"href":"https:\/\/arantv.az\/index.php?rest_route=%2Fwp%2Fv2%2Ftags&post=92362"}],"curies":[{"name":"wp","href":"https:\/\/api.w.org\/{rel}","templated":true}]}}