{"id":92591,"date":"2019-11-04T16:36:59","date_gmt":"2019-11-04T13:36:59","guid":{"rendered":"http:\/\/arantv.az\/?p=92591"},"modified":"2019-11-04T16:36:59","modified_gmt":"2019-11-04T13:36:59","slug":"az%c9%99rbaycan-prezidenti-baki-s%c9%99h%c9%99ri-t%c9%99kc%c9%99-m%c9%99rk%c9%99zd%c9%99n-ibar%c9%99t-deyil","status":"publish","type":"post","link":"https:\/\/arantv.az\/?p=92591","title":{"rendered":"Az\u0259rbaycan Prezidenti: &#8220;Bak\u0131 \u015f\u0259h\u0259ri t\u0259kc\u0259 m\u0259rk\u0259zd\u0259n ibar\u0259t deyil&#8221;"},"content":{"rendered":"<p>&#8220;Bak\u0131 \u015f\u0259h\u0259ri t\u0259kc\u0259 m\u0259rk\u0259zd\u0259n ibar\u0259t deyil&#8221;.<\/p>\n<p><strong>ARANTV.AZ\u00a0\u00a0<\/strong><a href=\"https:\/\/azertag.az\/\" target=\"_blank\" rel=\"noopener\">AZ\u018fRTAC<\/a>-a istinad\u0259n x\u0259b\u0259r verir ki, bunu Prezident \u0130lham \u018fliyev Bak\u0131 \u015e\u0259h\u0259r \u0130cra Hakimiyy\u0259tinin ba\u015f\u00e7\u0131s\u0131 Eldar \u018fzizovu q\u0259bul ed\u0259rk\u0259n deyib.<\/p>\n<p>D\u00f6vl\u0259t ba\u015f\u00e7\u0131s\u0131 bildirib: &#8220;\u015e\u0259h\u0259rin h\u0259r bir yeri abad olmal\u0131d\u0131r. B\u0259zi yerl\u0259rd\u0259 \u00fcmumiyy\u0259tl\u0259, k\u00fc\u00e7\u0259 i\u015f\u0131qlar\u0131 yoxdur, q\u0259s\u0259b\u0259l\u0259rd\u0259, bir \u00e7ox yerl\u0259rd\u0259 torpaq yollar var. M\u0259n art\u0131q bu bar\u0259d\u0259 Az\u0259ravtoyol Agentliyin\u0259 ciddi tap\u015f\u0131r\u0131q vermi\u015f\u0259m, siz d\u0259 n\u0259zar\u0259t edin. Y\u0259ni, \u015f\u0259h\u0259rin h\u0259r bir yeri bizim \u00fc\u00e7\u00fcn \u0259zizdir. Bak\u0131 \u015f\u0259h\u0259ri t\u0259kc\u0259 m\u0259rk\u0259zd\u0259n ibar\u0259t deyil. Biz \u015f\u0259h\u0259rin infrastrukturunu, ilk n\u00f6vb\u0259d\u0259, v\u0259t\u0259nda\u015flar, ondan sonra turistl\u0259r, xarici qonaqlar \u00fc\u00e7\u00fcn yarad\u0131r\u0131q. Onlar da \u0259lb\u0259tt\u0259 ki, \u00f6zl\u0259rini Bak\u0131da rahat hiss etm\u0259lidirl\u0259r. Ancaq biz, ilk n\u00f6vb\u0259d\u0259, \u015f\u0259h\u0259r sakinl\u0259rinin probleml\u0259rini h\u0259ll etm\u0259liyik. Ona g\u00f6r\u0259 siz rayon icra hakimiyy\u0259tl\u0259rinin ba\u015f\u00e7\u0131lar\u0131n\u0131 y\u0131\u011f\u0131n v\u0259 h\u0259m abadl\u0131qla, h\u0259m d\u0259 t\u0259s\u0259rr\u00fcfat i\u015fl\u0259ri il\u0259 ba\u011fl\u0131 m\u00fc\u015favir\u0259 ke\u00e7irin. \u0130lk n\u00f6vb\u0259d\u0259, xo\u015fag\u0259lm\u0259z hallara son qoyulmal\u0131d\u0131r. S\u00fcr\u00fcnd\u00fcrm\u0259\u00e7ilik, r\u00fc\u015fv\u0259txorluq, v\u0259t\u0259nda\u015flara bigan\u0259 m\u00fcnasib\u0259t &#8211; bunlara son qoyulmal\u0131d\u0131r. \u018fg\u0259r kim bu sah\u0259d\u0259 \u00f6z i\u015fin\u0259 d\u00fcz\u0259li\u015f etm\u0259s\u0259, biz o adamlarla vidala\u015faca\u011f\u0131q v\u0259 bu, onlar \u00fc\u00e7\u00fcn h\u0259l\u0259 \u0259n y\u00fcng\u00fcl c\u0259za olacaqd\u0131r. Biz \u015f\u0259h\u0259rimizi inki\u015faf etdirm\u0259liyik. Bir daha dem\u0259k ist\u0259yir\u0259m ki, Bak\u0131 \u015f\u0259h\u0259ri d\u00fcnyan\u0131n \u0259n g\u00f6z\u0259l \u015f\u0259h\u0259rl\u0259rind\u0259n biridir v\u0259 g\u0259l\u0259c\u0259kd\u0259 d\u0259 \u015f\u0259h\u0259rin inki\u015faf\u0131 il\u0259 ba\u011fl\u0131 \u0259lav\u0259 add\u0131mlar at\u0131lacaqd\u0131r&#8221;.<\/p>\n","protected":false},"excerpt":{"rendered":"<p>&#8220;Bak\u0131 \u015f\u0259h\u0259ri t\u0259kc\u0259 m\u0259rk\u0259zd\u0259n ibar\u0259t deyil&#8221;. ARANTV.AZ\u00a0\u00a0AZ\u018fRTAC-a istinad\u0259n x\u0259b\u0259r verir ki, bunu Prezident \u0130lham \u018fliyev Bak\u0131 \u015e\u0259h\u0259r \u0130cra Hakimiyy\u0259tinin ba\u015f\u00e7\u0131s\u0131 Eldar \u018fzizovu q\u0259bul ed\u0259rk\u0259n deyib. D\u00f6vl\u0259t ba\u015f\u00e7\u0131s\u0131 bildirib: &#8220;\u015e\u0259h\u0259rin h\u0259r bir yeri abad olmal\u0131d\u0131r. B\u0259zi yerl\u0259rd\u0259 \u00fcmumiyy\u0259tl\u0259, k\u00fc\u00e7\u0259 i\u015f\u0131qlar\u0131 yoxdur, q\u0259s\u0259b\u0259l\u0259rd\u0259, bir \u00e7ox yerl\u0259rd\u0259 torpaq yollar var. M\u0259n art\u0131q bu bar\u0259d\u0259 Az\u0259ravtoyol Agentliyin\u0259 ciddi tap\u015f\u0131r\u0131q vermi\u015f\u0259m, siz d\u0259 n\u0259zar\u0259t edin. Y\u0259ni, \u015f\u0259h\u0259rin h\u0259r bir yeri bizim \u00fc\u00e7\u00fcn \u0259zizdir. Bak\u0131 \u015f\u0259h\u0259ri t\u0259kc\u0259 m\u0259rk\u0259zd\u0259n ibar\u0259t deyil. Biz \u015f\u0259h\u0259rin infrastrukturunu, ilk n\u00f6vb\u0259d\u0259, v\u0259t\u0259nda\u015flar, ondan sonra turistl\u0259r, xarici qonaqlar \u00fc\u00e7\u00fcn yarad\u0131r\u0131q. Onlar da \u0259lb\u0259tt\u0259&hellip;<\/p>\n","protected":false},"author":2,"featured_media":89964,"comment_status":"closed","ping_status":"closed","sticky":false,"template":"","format":"standard","meta":{"om_disable_all_campaigns":false,"_monsterinsights_skip_tracking":false,"_monsterinsights_sitenote_active":false,"_monsterinsights_sitenote_note":"","_monsterinsights_sitenote_category":0},"categories":[4],"tags":[],"aioseo_notices":[],"gutentor_comment":0,"rttpg_featured_image_url":{"full":["https:\/\/arantv.az\/wp-content\/uploads\/2019\/10\/2018_ilham_aliyev_04-1.jpg",1200,900,false],"landscape":["https:\/\/arantv.az\/wp-content\/uploads\/2019\/10\/2018_ilham_aliyev_04-1.jpg",1200,900,false],"portraits":["https:\/\/arantv.az\/wp-content\/uploads\/2019\/10\/2018_ilham_aliyev_04-1.jpg",1200,900,false],"thumbnail":["https:\/\/arantv.az\/wp-content\/uploads\/2019\/10\/2018_ilham_aliyev_04-1-150x150.jpg",150,150,true],"medium":["https:\/\/arantv.az\/wp-content\/uploads\/2019\/10\/2018_ilham_aliyev_04-1-300x225.jpg",300,225,true],"large":["https:\/\/arantv.az\/wp-content\/uploads\/2019\/10\/2018_ilham_aliyev_04-1-1024x768.jpg",640,480,true],"1536x1536":["https:\/\/arantv.az\/wp-content\/uploads\/2019\/10\/2018_ilham_aliyev_04-1.jpg",1200,900,false],"2048x2048":["https:\/\/arantv.az\/wp-content\/uploads\/2019\/10\/2018_ilham_aliyev_04-1.jpg",1200,900,false],"post-thumbnail":["https:\/\/arantv.az\/wp-content\/uploads\/2019\/10\/2018_ilham_aliyev_04-1-240x172.jpg",240,172,true],"advps-thumb-one":["https:\/\/arantv.az\/wp-content\/uploads\/2019\/10\/2018_ilham_aliyev_04-1-1200x620.jpg",1200,620,true]},"rttpg_author":{"display_name":"V\u00fcsal Rafiqo\u011flu","author_link":"https:\/\/arantv.az\/?author=2"},"rttpg_comment":0,"rttpg_category":"<a href=\"https:\/\/arantv.az\/?cat=4\" rel=\"category\">Siyas\u0259t<\/a>","rttpg_excerpt":"&#8220;Bak\u0131 \u015f\u0259h\u0259ri t\u0259kc\u0259 m\u0259rk\u0259zd\u0259n ibar\u0259t deyil&#8221;. ARANTV.AZ\u00a0\u00a0AZ\u018fRTAC-a istinad\u0259n x\u0259b\u0259r verir ki, bunu Prezident \u0130lham \u018fliyev Bak\u0131 \u015e\u0259h\u0259r \u0130cra Hakimiyy\u0259tinin ba\u015f\u00e7\u0131s\u0131 Eldar \u018fzizovu q\u0259bul ed\u0259rk\u0259n deyib. D\u00f6vl\u0259t ba\u015f\u00e7\u0131s\u0131 bildirib: &#8220;\u015e\u0259h\u0259rin h\u0259r bir yeri abad olmal\u0131d\u0131r. B\u0259zi yerl\u0259rd\u0259 \u00fcmumiyy\u0259tl\u0259, k\u00fc\u00e7\u0259 i\u015f\u0131qlar\u0131 yoxdur, q\u0259s\u0259b\u0259l\u0259rd\u0259, bir \u00e7ox yerl\u0259rd\u0259 torpaq yollar var. M\u0259n art\u0131q bu bar\u0259d\u0259 Az\u0259ravtoyol Agentliyin\u0259 ciddi tap\u015f\u0131r\u0131q&hellip;","_links":{"self":[{"href":"https:\/\/arantv.az\/index.php?rest_route=\/wp\/v2\/posts\/92591"}],"collection":[{"href":"https:\/\/arantv.az\/index.php?rest_route=\/wp\/v2\/posts"}],"about":[{"href":"https:\/\/arantv.az\/index.php?rest_route=\/wp\/v2\/types\/post"}],"author":[{"embeddable":true,"href":"https:\/\/arantv.az\/index.php?rest_route=\/wp\/v2\/users\/2"}],"replies":[{"embeddable":true,"href":"https:\/\/arantv.az\/index.php?rest_route=%2Fwp%2Fv2%2Fcomments&post=92591"}],"version-history":[{"count":0,"href":"https:\/\/arantv.az\/index.php?rest_route=\/wp\/v2\/posts\/92591\/revisions"}],"wp:featuredmedia":[{"embeddable":true,"href":"https:\/\/arantv.az\/index.php?rest_route=\/wp\/v2\/media\/89964"}],"wp:attachment":[{"href":"https:\/\/arantv.az\/index.php?rest_route=%2Fwp%2Fv2%2Fmedia&parent=92591"}],"wp:term":[{"taxonomy":"category","embeddable":true,"href":"https:\/\/arantv.az\/index.php?rest_route=%2Fwp%2Fv2%2Fcategories&post=92591"},{"taxonomy":"post_tag","embeddable":true,"href":"https:\/\/arantv.az\/index.php?rest_route=%2Fwp%2Fv2%2Ftags&post=92591"}],"curies":[{"name":"wp","href":"https:\/\/api.w.org\/{rel}","templated":true}]}}