{"id":92598,"date":"2019-11-04T16:45:29","date_gmt":"2019-11-04T13:45:29","guid":{"rendered":"http:\/\/arantv.az\/?p=92598"},"modified":"2019-11-04T16:45:29","modified_gmt":"2019-11-04T13:45:29","slug":"surucul%c9%99r-d%c9%99hs%c9%99tli-q%c9%99zada-mocuz%c9%99vi-s%c9%99kild%c9%99-sag-qaldi-video","status":"publish","type":"post","link":"https:\/\/arantv.az\/?p=92598","title":{"rendered":"S\u00fcr\u00fcc\u00fcl\u0259r d\u0259h\u015f\u0259tli q\u0259zada m\u00f6c\u00fcz\u0259vi \u015f\u0259kild\u0259 sa\u011f qald\u0131 &#8211; V\u0130DEO"},"content":{"rendered":"<article class=\"news\">\n<div class=\"news-inner\">\n<p>Da\u011f\u0131stan\u0131n Maha\u00e7qala \u015f\u0259h\u0259rind\u0259ki\u00a0k\u00fctl\u0259vi q\u0259zada avtomobill\u0259rd\u0259n birinin s\u00fcr\u00fcc\u00fcs\u00fc g\u00fccl\u00fc z\u0259rb\u0259d\u0259n sonra s\u0259rni\u015fin oturaca\u011f\u0131ndan \u201cu\u00e7sa\u201d da, m\u00f6c\u00fcz\u0259vi \u015f\u0259kild\u0259 sa\u011f qal\u0131b.<\/p>\n<p>M\u00fc\u015fahid\u0259 kameras\u0131 q\u0259zan\u0131 anbaan\u00a0<a href=\"https:\/\/www.vesti.ru\/doc.html?id=3206448&amp;cid=8&amp;fbclid=IwAR0DftNYas_BwemmghmwesieRdU5TwoUQAjt-jiticyogmlUPnjjcr8djbM#\" target=\"_blank\" rel=\"noopener\">lent\u0259 al\u0131b.<\/a><\/p>\n<div id=\"AdviadNativeVideo0\" class=\"AdviadNativeVideo\"><\/div>\n<p>Q\u0259za noyabr\u0131n 4-d\u0259 s\u0259h\u0259r saatlar\u0131nda Abubakarov v\u0259 Salavatov k\u00fc\u00e7\u0259l\u0259rinin k\u0259si\u015fm\u0259sind\u0259 ba\u015f verib. Daxili \u0130\u015fl\u0259r Nazirliyi q\u0259zada \u201cPriora\u201dya yol verm\u0259y\u0259n \u201cs\u0131f\u0131r yeddi\u201dnin s\u00fcr\u00fcc\u00fcs\u00fcn\u00fc t\u0259qsirl\u0259ndirib. Qeyd ed\u0259k ki, q\u0259za zaman\u0131 \u201cPriora\u201d markal\u0131 avtomobil \u0259ks yola \u00e7\u0131xaraq \u201cHyundai\u201d markal\u0131 avtomobil\u0259 \u00e7\u0131rp\u0131l\u0131b.<\/p>\n<p>Z\u0259rb\u0259 o q\u0259d\u0259r g\u00fccl\u00fc olub ki, \u201cPriora\u201dn\u0131n sahibi s\u0259rni\u015fin oturaca\u011f\u0131ndan \u00e7\u00f6l\u0259 \u201cu\u00e7ub\u201d \u2013 ehtimal ki, o, t\u0259hl\u00fck\u0259sizlik k\u0259m\u0259ri taxmay\u0131b. 40 ya\u015fl\u0131 ki\u015fi v\u0259 37 ya\u015fl\u0131 h\u0259yat yolda\u015f\u0131 \u00e7ox sayda x\u0259sar\u0259tl\u0259 x\u0259st\u0259xanaya yerl\u0259\u015fdirilib. Hadis\u0259 s\u0259b\u0259bkar\u0131 is\u0259 g\u00f6y\u0259rm\u0259 v\u0259 s\u00fcrt\u00fcnm\u0259l\u0259rl\u0259 xilas ola bilib.<\/p>\n<div>\n<div><iframe loading=\"lazy\" src=\"https:\/\/player.vgtrk.com\/iframe\/video\/id\/1960190\/sid\/vesti\/start_zoom\/true\/showZoomBtn\/false\/isPlay\/false\/\" width=\"300\" height=\"150\" frameborder=\"0\" allowfullscreen=\"allowfullscreen\" data-mce-fragment=\"1\"><\/iframe><\/div>\n<\/div>\n<\/div>\n<\/article>\n<h2 class=\"news-share-title\"><\/h2>\n","protected":false},"excerpt":{"rendered":"<p>Da\u011f\u0131stan\u0131n Maha\u00e7qala \u015f\u0259h\u0259rind\u0259ki\u00a0k\u00fctl\u0259vi q\u0259zada avtomobill\u0259rd\u0259n birinin s\u00fcr\u00fcc\u00fcs\u00fc g\u00fccl\u00fc z\u0259rb\u0259d\u0259n sonra s\u0259rni\u015fin oturaca\u011f\u0131ndan \u201cu\u00e7sa\u201d da, m\u00f6c\u00fcz\u0259vi \u015f\u0259kild\u0259 sa\u011f qal\u0131b. M\u00fc\u015fahid\u0259 kameras\u0131 q\u0259zan\u0131 anbaan\u00a0lent\u0259 al\u0131b. Q\u0259za noyabr\u0131n 4-d\u0259 s\u0259h\u0259r saatlar\u0131nda Abubakarov v\u0259 Salavatov k\u00fc\u00e7\u0259l\u0259rinin k\u0259si\u015fm\u0259sind\u0259 ba\u015f verib. Daxili \u0130\u015fl\u0259r Nazirliyi q\u0259zada \u201cPriora\u201dya yol verm\u0259y\u0259n \u201cs\u0131f\u0131r yeddi\u201dnin s\u00fcr\u00fcc\u00fcs\u00fcn\u00fc t\u0259qsirl\u0259ndirib. Qeyd ed\u0259k ki, q\u0259za zaman\u0131 \u201cPriora\u201d markal\u0131 avtomobil \u0259ks yola \u00e7\u0131xaraq \u201cHyundai\u201d markal\u0131 avtomobil\u0259 \u00e7\u0131rp\u0131l\u0131b. Z\u0259rb\u0259 o q\u0259d\u0259r g\u00fccl\u00fc olub ki, \u201cPriora\u201dn\u0131n sahibi s\u0259rni\u015fin oturaca\u011f\u0131ndan \u00e7\u00f6l\u0259 \u201cu\u00e7ub\u201d \u2013 ehtimal ki, o, t\u0259hl\u00fck\u0259sizlik k\u0259m\u0259ri taxmay\u0131b. 40 ya\u015fl\u0131 ki\u015fi v\u0259 37 ya\u015fl\u0131 h\u0259yat yolda\u015f\u0131 \u00e7ox sayda&hellip;<\/p>\n","protected":false},"author":2,"featured_media":92599,"comment_status":"closed","ping_status":"closed","sticky":false,"template":"","format":"standard","meta":{"om_disable_all_campaigns":false,"_monsterinsights_skip_tracking":false,"_monsterinsights_sitenote_active":false,"_monsterinsights_sitenote_note":"","_monsterinsights_sitenote_category":0},"categories":[7],"tags":[],"aioseo_notices":[],"gutentor_comment":0,"rttpg_featured_image_url":{"full":["https:\/\/arantv.az\/wp-content\/uploads\/2019\/11\/xw_1733283.jpg",620,352,false],"landscape":["https:\/\/arantv.az\/wp-content\/uploads\/2019\/11\/xw_1733283.jpg",620,352,false],"portraits":["https:\/\/arantv.az\/wp-content\/uploads\/2019\/11\/xw_1733283.jpg",620,352,false],"thumbnail":["https:\/\/arantv.az\/wp-content\/uploads\/2019\/11\/xw_1733283-150x150.jpg",150,150,true],"medium":["https:\/\/arantv.az\/wp-content\/uploads\/2019\/11\/xw_1733283-300x170.jpg",300,170,true],"large":["https:\/\/arantv.az\/wp-content\/uploads\/2019\/11\/xw_1733283.jpg",620,352,false],"1536x1536":["https:\/\/arantv.az\/wp-content\/uploads\/2019\/11\/xw_1733283.jpg",620,352,false],"2048x2048":["https:\/\/arantv.az\/wp-content\/uploads\/2019\/11\/xw_1733283.jpg",620,352,false],"post-thumbnail":["https:\/\/arantv.az\/wp-content\/uploads\/2019\/11\/xw_1733283-240x172.jpg",240,172,true],"advps-thumb-one":["https:\/\/arantv.az\/wp-content\/uploads\/2019\/11\/xw_1733283.jpg",620,352,false]},"rttpg_author":{"display_name":"V\u00fcsal Rafiqo\u011flu","author_link":"https:\/\/arantv.az\/?author=2"},"rttpg_comment":0,"rttpg_category":"<a href=\"https:\/\/arantv.az\/?cat=7\" rel=\"category\">D\u00fcnya<\/a>","rttpg_excerpt":"Da\u011f\u0131stan\u0131n Maha\u00e7qala \u015f\u0259h\u0259rind\u0259ki\u00a0k\u00fctl\u0259vi q\u0259zada avtomobill\u0259rd\u0259n birinin s\u00fcr\u00fcc\u00fcs\u00fc g\u00fccl\u00fc z\u0259rb\u0259d\u0259n sonra s\u0259rni\u015fin oturaca\u011f\u0131ndan \u201cu\u00e7sa\u201d da, m\u00f6c\u00fcz\u0259vi \u015f\u0259kild\u0259 sa\u011f qal\u0131b. M\u00fc\u015fahid\u0259 kameras\u0131 q\u0259zan\u0131 anbaan\u00a0lent\u0259 al\u0131b. Q\u0259za noyabr\u0131n 4-d\u0259 s\u0259h\u0259r saatlar\u0131nda Abubakarov v\u0259 Salavatov k\u00fc\u00e7\u0259l\u0259rinin k\u0259si\u015fm\u0259sind\u0259 ba\u015f verib. Daxili \u0130\u015fl\u0259r Nazirliyi q\u0259zada \u201cPriora\u201dya yol verm\u0259y\u0259n \u201cs\u0131f\u0131r yeddi\u201dnin s\u00fcr\u00fcc\u00fcs\u00fcn\u00fc t\u0259qsirl\u0259ndirib. Qeyd ed\u0259k ki, q\u0259za zaman\u0131 \u201cPriora\u201d markal\u0131 avtomobil \u0259ks&hellip;","_links":{"self":[{"href":"https:\/\/arantv.az\/index.php?rest_route=\/wp\/v2\/posts\/92598"}],"collection":[{"href":"https:\/\/arantv.az\/index.php?rest_route=\/wp\/v2\/posts"}],"about":[{"href":"https:\/\/arantv.az\/index.php?rest_route=\/wp\/v2\/types\/post"}],"author":[{"embeddable":true,"href":"https:\/\/arantv.az\/index.php?rest_route=\/wp\/v2\/users\/2"}],"replies":[{"embeddable":true,"href":"https:\/\/arantv.az\/index.php?rest_route=%2Fwp%2Fv2%2Fcomments&post=92598"}],"version-history":[{"count":0,"href":"https:\/\/arantv.az\/index.php?rest_route=\/wp\/v2\/posts\/92598\/revisions"}],"wp:featuredmedia":[{"embeddable":true,"href":"https:\/\/arantv.az\/index.php?rest_route=\/wp\/v2\/media\/92599"}],"wp:attachment":[{"href":"https:\/\/arantv.az\/index.php?rest_route=%2Fwp%2Fv2%2Fmedia&parent=92598"}],"wp:term":[{"taxonomy":"category","embeddable":true,"href":"https:\/\/arantv.az\/index.php?rest_route=%2Fwp%2Fv2%2Fcategories&post=92598"},{"taxonomy":"post_tag","embeddable":true,"href":"https:\/\/arantv.az\/index.php?rest_route=%2Fwp%2Fv2%2Ftags&post=92598"}],"curies":[{"name":"wp","href":"https:\/\/api.w.org\/{rel}","templated":true}]}}