{"id":92602,"date":"2019-11-05T07:51:23","date_gmt":"2019-11-05T04:51:23","guid":{"rendered":"http:\/\/arantv.az\/?p=92602"},"modified":"2019-11-05T07:51:23","modified_gmt":"2019-11-05T04:51:23","slug":"cudocularimiz-q%c9%99l%c9%99b%c9%99-il%c9%99-v%c9%99t%c9%99n%c9%99-dondu-foto","status":"publish","type":"post","link":"https:\/\/arantv.az\/?p=92602","title":{"rendered":"C\u00fcdo\u00e7ular\u0131m\u0131z q\u0259l\u0259b\u0259 il\u0259 V\u0259t\u0259n\u0259 d\u00f6nd\u00fc &#8211; FOTO"},"content":{"rendered":"<p>Rusiyan\u0131n \u0130jevsk \u015f\u0259h\u0259rind\u0259 23 ya\u015fad\u0259k c\u00fcdo\u00e7ular aras\u0131nda ke\u00e7iril\u0259n Avropa \u00e7empionat\u0131nda u\u011fur qazanan Az\u0259rbaycan milli komandas\u0131n\u0131n \u00fczvl\u0259ri V\u0259t\u0259n\u0259 d\u00f6n\u00fcb.<\/p>\n<p><b>ARANTV.AZ\u00a0<\/b>x\u0259b\u0259r verir ki,\u00a0Heyd\u0259r \u018fliyev\u00a0ad\u0131na Hava Liman\u0131nda g\u0259nc c\u00fcdo\u00e7ular\u0131n qar\u015f\u0131lanma m\u0259rasimi olub.<\/p>\n<p>Milli komandan\u0131n \u00fczvl\u0259rini ictimaiyy\u0259t n\u00fcmay\u0259nd\u0259l\u0259ri, idman\u00e7\u0131lar\u0131n valideynl\u0259ri, atletl\u0259r v\u0259 m\u0259tbuat n\u00fcmay\u0259nd\u0259l\u0259ri qar\u015f\u0131lay\u0131blar.<\/p>\n<div id=\"AdviadNativeVideo0\" class=\"AdviadNativeVideo\"><\/div>\n<p>Qeyd ed\u0259k ki, Rusiyada ke\u00e7iril\u0259n Avropa birinciliyi Az\u0259rbaycan \u00fc\u00e7\u00fcn \u0259lam\u0259tdar olub. Bel\u0259 ki, f\u0259rdi yar\u0131\u015flarda\u00a0R\u0259\u015fid M\u0259mm\u0259d\u0259liyev\u00a0q\u0131z\u0131l,\u00a0Nurlan Osmanov\u00a0g\u00fcm\u00fc\u015f medal qazan\u0131b.<\/p>\n<p>Avropa birinciliyind\u0259 az\u0259rbaycanl\u0131 beyn\u0259lxalq d\u0259r\u0259c\u0259li hakim\u00a0Nazim Umbayev\u00a0qit\u0259 \u00e7empionat\u0131nda \u0259dal\u0259t t\u0259msil\u00e7isi olub. Avropa birinciliyinin\u00a02\u00a0final g\u00f6r\u00fc\u015f\u00fc v\u0259 bir ne\u00e7\u0259 prinsipial qar\u015f\u0131la\u015fmas\u0131 referimiz\u0259 h\u0259val\u0259 edilib.oxu.az<\/p>\n<div class=\"gallery\">\n<div class=\"gallery-i\"><img src=\"https:\/\/assets.oxu.az\/uploads\/W1siZiIsIjIwMTkvMTEvMDUvMDcvMTkvMzgvNWZlNzQ4ODItOTQ2OS00ZjU4LWJmOTctOTljZmM4YTIwMDA5L2N1ZG8xLmpwZyJdLFsicCIsImVuY29kZSIsImpwZyIsIi1xdWFsaXR5IDgwIl0sWyJwIiwidGh1bWIiLCI1OTB4NTkwXHUwMDNlIl1d?sha=8ddc410a3b6cf09c\" alt=\"\" \/><\/p>\n<div class=\"gallery-i-caption\"><\/div>\n<\/div>\n<div class=\"gallery-i\"><img src=\"https:\/\/assets.oxu.az\/uploads\/W1siZiIsIjIwMTkvMTEvMDUvMDcvMTkvMzgvYTg0NDgyMTctODE4OC00OWEwLWI5YjItYzdlNmRiMjM0NDI0L2N1ZG8yLmpwZyJdLFsicCIsImVuY29kZSIsImpwZyIsIi1xdWFsaXR5IDgwIl0sWyJwIiwidGh1bWIiLCI1OTB4NTkwXHUwMDNlIl1d?sha=5d21f7bb62709ae1\" alt=\"\" \/><\/p>\n<div class=\"gallery-i-caption\"><\/div>\n<\/div>\n<div class=\"gallery-i\"><img src=\"https:\/\/assets.oxu.az\/uploads\/W1siZiIsIjIwMTkvMTEvMDUvMDcvMTkvMzgvY2NhZTljN2ItMzIzMS00MGY2LTgwOTQtYWE1OGM3NzQ4ODM5L2N1ZG8zLmpwZyJdLFsicCIsImVuY29kZSIsImpwZyIsIi1xdWFsaXR5IDgwIl0sWyJwIiwidGh1bWIiLCI1OTB4NTkwXHUwMDNlIl1d?sha=d9fd973d75b9410b\" alt=\"\" \/><\/p>\n<div class=\"gallery-i-caption\"><\/div>\n<\/div>\n<div class=\"gallery-i\"><img src=\"https:\/\/assets.oxu.az\/uploads\/W1siZiIsIjIwMTkvMTEvMDUvMDcvMTkvMzgvM2Y4Y2ExYmUtY2JmOC00YzU3LTliMmQtNTg1N2JlMTljOWJkL2N1ZG80LmpwZyJdLFsicCIsImVuY29kZSIsImpwZyIsIi1xdWFsaXR5IDgwIl0sWyJwIiwidGh1bWIiLCI1OTB4NTkwXHUwMDNlIl1d?sha=b92e74064e77842e\" alt=\"\" \/><\/p>\n<div class=\"gallery-i-caption\"><\/div>\n<\/div>\n<div class=\"gallery-i\"><img src=\"https:\/\/assets.oxu.az\/uploads\/W1siZiIsIjIwMTkvMTEvMDUvMDcvMTkvMzkvYzViMTI5NzQtNWI3MC00MGYwLWJjYzQtYWU3MTRhZjQxNmY2L2N1ZG81LmpwZyJdLFsicCIsImVuY29kZSIsImpwZyIsIi1xdWFsaXR5IDgwIl0sWyJwIiwidGh1bWIiLCI1OTB4NTkwXHUwMDNlIl1d?sha=078fae9d3e3b8738\" alt=\"\" \/><\/div>\n<\/div>\n","protected":false},"excerpt":{"rendered":"<p>Rusiyan\u0131n \u0130jevsk \u015f\u0259h\u0259rind\u0259 23 ya\u015fad\u0259k c\u00fcdo\u00e7ular aras\u0131nda ke\u00e7iril\u0259n Avropa \u00e7empionat\u0131nda u\u011fur qazanan Az\u0259rbaycan milli komandas\u0131n\u0131n \u00fczvl\u0259ri V\u0259t\u0259n\u0259 d\u00f6n\u00fcb. ARANTV.AZ\u00a0x\u0259b\u0259r verir ki,\u00a0Heyd\u0259r \u018fliyev\u00a0ad\u0131na Hava Liman\u0131nda g\u0259nc c\u00fcdo\u00e7ular\u0131n qar\u015f\u0131lanma m\u0259rasimi olub. Milli komandan\u0131n \u00fczvl\u0259rini ictimaiyy\u0259t n\u00fcmay\u0259nd\u0259l\u0259ri, idman\u00e7\u0131lar\u0131n valideynl\u0259ri, atletl\u0259r v\u0259 m\u0259tbuat n\u00fcmay\u0259nd\u0259l\u0259ri qar\u015f\u0131lay\u0131blar. Qeyd ed\u0259k ki, Rusiyada ke\u00e7iril\u0259n Avropa birinciliyi Az\u0259rbaycan \u00fc\u00e7\u00fcn \u0259lam\u0259tdar olub. Bel\u0259 ki, f\u0259rdi yar\u0131\u015flarda\u00a0R\u0259\u015fid M\u0259mm\u0259d\u0259liyev\u00a0q\u0131z\u0131l,\u00a0Nurlan Osmanov\u00a0g\u00fcm\u00fc\u015f medal qazan\u0131b. Avropa birinciliyind\u0259 az\u0259rbaycanl\u0131 beyn\u0259lxalq d\u0259r\u0259c\u0259li hakim\u00a0Nazim Umbayev\u00a0qit\u0259 \u00e7empionat\u0131nda \u0259dal\u0259t t\u0259msil\u00e7isi olub. Avropa birinciliyinin\u00a02\u00a0final g\u00f6r\u00fc\u015f\u00fc v\u0259 bir ne\u00e7\u0259 prinsipial qar\u015f\u0131la\u015fmas\u0131 referimiz\u0259 h\u0259val\u0259 edilib.oxu.az<\/p>\n","protected":false},"author":2,"featured_media":92603,"comment_status":"closed","ping_status":"closed","sticky":false,"template":"","format":"standard","meta":{"om_disable_all_campaigns":false,"_monsterinsights_skip_tracking":false,"_monsterinsights_sitenote_active":false,"_monsterinsights_sitenote_note":"","_monsterinsights_sitenote_category":0},"categories":[6],"tags":[],"aioseo_notices":[],"gutentor_comment":0,"rttpg_featured_image_url":{"full":["https:\/\/arantv.az\/wp-content\/uploads\/2019\/11\/cudo5.jpg",620,363,false],"landscape":["https:\/\/arantv.az\/wp-content\/uploads\/2019\/11\/cudo5.jpg",620,363,false],"portraits":["https:\/\/arantv.az\/wp-content\/uploads\/2019\/11\/cudo5.jpg",620,363,false],"thumbnail":["https:\/\/arantv.az\/wp-content\/uploads\/2019\/11\/cudo5-150x150.jpg",150,150,true],"medium":["https:\/\/arantv.az\/wp-content\/uploads\/2019\/11\/cudo5-300x176.jpg",300,176,true],"large":["https:\/\/arantv.az\/wp-content\/uploads\/2019\/11\/cudo5.jpg",620,363,false],"1536x1536":["https:\/\/arantv.az\/wp-content\/uploads\/2019\/11\/cudo5.jpg",620,363,false],"2048x2048":["https:\/\/arantv.az\/wp-content\/uploads\/2019\/11\/cudo5.jpg",620,363,false],"post-thumbnail":["https:\/\/arantv.az\/wp-content\/uploads\/2019\/11\/cudo5-240x172.jpg",240,172,true],"advps-thumb-one":["https:\/\/arantv.az\/wp-content\/uploads\/2019\/11\/cudo5.jpg",620,363,false]},"rttpg_author":{"display_name":"V\u00fcsal Rafiqo\u011flu","author_link":"https:\/\/arantv.az\/?author=2"},"rttpg_comment":0,"rttpg_category":"<a href=\"https:\/\/arantv.az\/?cat=6\" rel=\"category\">\u0130dman<\/a>","rttpg_excerpt":"Rusiyan\u0131n \u0130jevsk \u015f\u0259h\u0259rind\u0259 23 ya\u015fad\u0259k c\u00fcdo\u00e7ular aras\u0131nda ke\u00e7iril\u0259n Avropa \u00e7empionat\u0131nda u\u011fur qazanan Az\u0259rbaycan milli komandas\u0131n\u0131n \u00fczvl\u0259ri V\u0259t\u0259n\u0259 d\u00f6n\u00fcb. ARANTV.AZ\u00a0x\u0259b\u0259r verir ki,\u00a0Heyd\u0259r \u018fliyev\u00a0ad\u0131na Hava Liman\u0131nda g\u0259nc c\u00fcdo\u00e7ular\u0131n qar\u015f\u0131lanma m\u0259rasimi olub. Milli komandan\u0131n \u00fczvl\u0259rini ictimaiyy\u0259t n\u00fcmay\u0259nd\u0259l\u0259ri, idman\u00e7\u0131lar\u0131n valideynl\u0259ri, atletl\u0259r v\u0259 m\u0259tbuat n\u00fcmay\u0259nd\u0259l\u0259ri qar\u015f\u0131lay\u0131blar. Qeyd ed\u0259k ki, Rusiyada ke\u00e7iril\u0259n Avropa birinciliyi Az\u0259rbaycan \u00fc\u00e7\u00fcn \u0259lam\u0259tdar olub. Bel\u0259 ki, f\u0259rdi&hellip;","_links":{"self":[{"href":"https:\/\/arantv.az\/index.php?rest_route=\/wp\/v2\/posts\/92602"}],"collection":[{"href":"https:\/\/arantv.az\/index.php?rest_route=\/wp\/v2\/posts"}],"about":[{"href":"https:\/\/arantv.az\/index.php?rest_route=\/wp\/v2\/types\/post"}],"author":[{"embeddable":true,"href":"https:\/\/arantv.az\/index.php?rest_route=\/wp\/v2\/users\/2"}],"replies":[{"embeddable":true,"href":"https:\/\/arantv.az\/index.php?rest_route=%2Fwp%2Fv2%2Fcomments&post=92602"}],"version-history":[{"count":0,"href":"https:\/\/arantv.az\/index.php?rest_route=\/wp\/v2\/posts\/92602\/revisions"}],"wp:featuredmedia":[{"embeddable":true,"href":"https:\/\/arantv.az\/index.php?rest_route=\/wp\/v2\/media\/92603"}],"wp:attachment":[{"href":"https:\/\/arantv.az\/index.php?rest_route=%2Fwp%2Fv2%2Fmedia&parent=92602"}],"wp:term":[{"taxonomy":"category","embeddable":true,"href":"https:\/\/arantv.az\/index.php?rest_route=%2Fwp%2Fv2%2Fcategories&post=92602"},{"taxonomy":"post_tag","embeddable":true,"href":"https:\/\/arantv.az\/index.php?rest_route=%2Fwp%2Fv2%2Ftags&post=92602"}],"curies":[{"name":"wp","href":"https:\/\/api.w.org\/{rel}","templated":true}]}}