{"id":92614,"date":"2019-11-05T07:57:00","date_gmt":"2019-11-05T04:57:00","guid":{"rendered":"http:\/\/arantv.az\/?p=92614"},"modified":"2019-11-05T07:57:00","modified_gmt":"2019-11-05T04:57:00","slug":"sevgilisinin-evin%c9%99-getdi-bir-d%c9%99-geri-qayitmadi-bakida-mu%c9%99mmali-olay","status":"publish","type":"post","link":"https:\/\/arantv.az\/?p=92614","title":{"rendered":"Sevgilisinin evin\u0259 getdi, bir d\u0259 geri qay\u0131tmad\u0131: Bak\u0131da M\u00dc\u018fMMALI OLAY"},"content":{"rendered":"<p><strong>Bak\u0131da 35 ya\u015fl\u0131 \u015f\u0259xs itkin d\u00fc\u015f\u00fcb.<\/strong><\/p>\n<p><strong>ARANTV.AZ<\/strong> -\u0131n m\u0259lumat\u0131na g\u00f6r\u0259, hadis\u0259 paytaxt\u0131n Sabun\u00e7u rayonunda ba\u015f verib.<\/p>\n<p>Rayonun Bak\u0131xanov q\u0259s\u0259b\u0259si, F\u0259t\u0259liyev k\u00fc\u00e7\u0259si, ev 28, m\u0259nzil 26-da ya\u015fayan Heyd\u0259rova Bahar \u0130dris q\u0131z\u0131 polis\u0259 \u0259riz\u0259 il\u0259 m\u00fcraci\u0259t ed\u0259r\u0259k bildirib ki, onunla birlikd\u0259 ya\u015fayan v\u0259 qeyri-r\u0259smi m\u00fcnasib\u0259td\u0259 olan 1984-c\u00fc il t\u0259v\u0259ll\u00fcdl\u00fc G\u00fclm\u0259mm\u0259dov Cavid Valeh o\u011flu oktyabr\u0131n 30-da ya\u015fad\u0131\u011f\u0131 evd\u0259n \u00e7\u0131x\u0131b v\u0259 bir daha geri qay\u0131tmay\u0131b.<\/p>\n<p>Faktla ba\u011fl\u0131 ara\u015fd\u0131rma apar\u0131l\u0131r.Publika.az<\/p>\n","protected":false},"excerpt":{"rendered":"<p>Bak\u0131da 35 ya\u015fl\u0131 \u015f\u0259xs itkin d\u00fc\u015f\u00fcb. ARANTV.AZ -\u0131n m\u0259lumat\u0131na g\u00f6r\u0259, hadis\u0259 paytaxt\u0131n Sabun\u00e7u rayonunda ba\u015f verib. Rayonun Bak\u0131xanov q\u0259s\u0259b\u0259si, F\u0259t\u0259liyev k\u00fc\u00e7\u0259si, ev 28, m\u0259nzil 26-da ya\u015fayan Heyd\u0259rova Bahar \u0130dris q\u0131z\u0131 polis\u0259 \u0259riz\u0259 il\u0259 m\u00fcraci\u0259t ed\u0259r\u0259k bildirib ki, onunla birlikd\u0259 ya\u015fayan v\u0259 qeyri-r\u0259smi m\u00fcnasib\u0259td\u0259 olan 1984-c\u00fc il t\u0259v\u0259ll\u00fcdl\u00fc G\u00fclm\u0259mm\u0259dov Cavid Valeh o\u011flu oktyabr\u0131n 30-da ya\u015fad\u0131\u011f\u0131 evd\u0259n \u00e7\u0131x\u0131b v\u0259 bir daha geri qay\u0131tmay\u0131b. Faktla ba\u011fl\u0131 ara\u015fd\u0131rma apar\u0131l\u0131r.Publika.az<\/p>\n","protected":false},"author":2,"featured_media":92615,"comment_status":"closed","ping_status":"closed","sticky":false,"template":"","format":"standard","meta":{"om_disable_all_campaigns":false,"_monsterinsights_skip_tracking":false,"_monsterinsights_sitenote_active":false,"_monsterinsights_sitenote_note":"","_monsterinsights_sitenote_category":0},"categories":[5],"tags":[],"aioseo_notices":[],"gutentor_comment":0,"rttpg_featured_image_url":{"full":["https:\/\/arantv.az\/wp-content\/uploads\/2019\/11\/120093_m3l5abwb5n.jpg",800,450,false],"landscape":["https:\/\/arantv.az\/wp-content\/uploads\/2019\/11\/120093_m3l5abwb5n.jpg",800,450,false],"portraits":["https:\/\/arantv.az\/wp-content\/uploads\/2019\/11\/120093_m3l5abwb5n.jpg",800,450,false],"thumbnail":["https:\/\/arantv.az\/wp-content\/uploads\/2019\/11\/120093_m3l5abwb5n-150x150.jpg",150,150,true],"medium":["https:\/\/arantv.az\/wp-content\/uploads\/2019\/11\/120093_m3l5abwb5n-300x169.jpg",300,169,true],"large":["https:\/\/arantv.az\/wp-content\/uploads\/2019\/11\/120093_m3l5abwb5n.jpg",640,360,false],"1536x1536":["https:\/\/arantv.az\/wp-content\/uploads\/2019\/11\/120093_m3l5abwb5n.jpg",800,450,false],"2048x2048":["https:\/\/arantv.az\/wp-content\/uploads\/2019\/11\/120093_m3l5abwb5n.jpg",800,450,false],"post-thumbnail":["https:\/\/arantv.az\/wp-content\/uploads\/2019\/11\/120093_m3l5abwb5n-240x172.jpg",240,172,true],"advps-thumb-one":["https:\/\/arantv.az\/wp-content\/uploads\/2019\/11\/120093_m3l5abwb5n.jpg",800,450,false]},"rttpg_author":{"display_name":"V\u00fcsal Rafiqo\u011flu","author_link":"https:\/\/arantv.az\/?author=2"},"rttpg_comment":0,"rttpg_category":"<a href=\"https:\/\/arantv.az\/?cat=5\" rel=\"category\">Hadis\u0259<\/a>","rttpg_excerpt":"Bak\u0131da 35 ya\u015fl\u0131 \u015f\u0259xs itkin d\u00fc\u015f\u00fcb. ARANTV.AZ -\u0131n m\u0259lumat\u0131na g\u00f6r\u0259, hadis\u0259 paytaxt\u0131n Sabun\u00e7u rayonunda ba\u015f verib. Rayonun Bak\u0131xanov q\u0259s\u0259b\u0259si, F\u0259t\u0259liyev k\u00fc\u00e7\u0259si, ev 28, m\u0259nzil 26-da ya\u015fayan Heyd\u0259rova Bahar \u0130dris q\u0131z\u0131 polis\u0259 \u0259riz\u0259 il\u0259 m\u00fcraci\u0259t ed\u0259r\u0259k bildirib ki, onunla birlikd\u0259 ya\u015fayan v\u0259 qeyri-r\u0259smi m\u00fcnasib\u0259td\u0259 olan 1984-c\u00fc il t\u0259v\u0259ll\u00fcdl\u00fc G\u00fclm\u0259mm\u0259dov Cavid Valeh o\u011flu oktyabr\u0131n 30-da ya\u015fad\u0131\u011f\u0131 evd\u0259n&hellip;","_links":{"self":[{"href":"https:\/\/arantv.az\/index.php?rest_route=\/wp\/v2\/posts\/92614"}],"collection":[{"href":"https:\/\/arantv.az\/index.php?rest_route=\/wp\/v2\/posts"}],"about":[{"href":"https:\/\/arantv.az\/index.php?rest_route=\/wp\/v2\/types\/post"}],"author":[{"embeddable":true,"href":"https:\/\/arantv.az\/index.php?rest_route=\/wp\/v2\/users\/2"}],"replies":[{"embeddable":true,"href":"https:\/\/arantv.az\/index.php?rest_route=%2Fwp%2Fv2%2Fcomments&post=92614"}],"version-history":[{"count":0,"href":"https:\/\/arantv.az\/index.php?rest_route=\/wp\/v2\/posts\/92614\/revisions"}],"wp:featuredmedia":[{"embeddable":true,"href":"https:\/\/arantv.az\/index.php?rest_route=\/wp\/v2\/media\/92615"}],"wp:attachment":[{"href":"https:\/\/arantv.az\/index.php?rest_route=%2Fwp%2Fv2%2Fmedia&parent=92614"}],"wp:term":[{"taxonomy":"category","embeddable":true,"href":"https:\/\/arantv.az\/index.php?rest_route=%2Fwp%2Fv2%2Fcategories&post=92614"},{"taxonomy":"post_tag","embeddable":true,"href":"https:\/\/arantv.az\/index.php?rest_route=%2Fwp%2Fv2%2Ftags&post=92614"}],"curies":[{"name":"wp","href":"https:\/\/api.w.org\/{rel}","templated":true}]}}