{"id":92618,"date":"2019-11-05T07:59:04","date_gmt":"2019-11-05T04:59:04","guid":{"rendered":"http:\/\/arantv.az\/?p=92618"},"modified":"2019-11-05T07:59:04","modified_gmt":"2019-11-05T04:59:04","slug":"%c9%99li-%c9%99s%c9%99dov-bas-nazir-kimi-ilk-q%c9%99rarini-imzaladi","status":"publish","type":"post","link":"https:\/\/arantv.az\/?p=92618","title":{"rendered":"\u018fli \u018fs\u0259dov Ba\u015f Nazir kimi &#8211; \u0130LK Q\u018fRARINI \u0130MZALADI"},"content":{"rendered":"<p>D\u00f6vl\u0259t \u015e\u0259h\u0259rsalma v\u0259 Arxitektura Komit\u0259sinin Kollegiyas\u0131n\u0131n yeni t\u0259rkibi t\u0259sdiql\u0259nib.<\/p>\n<p><strong>ARANTV.AZ-<\/strong>\u0131n APA-ya istinad\u0259n m\u0259lumat\u0131na g\u00f6r\u0259, Nazirl\u0259r Kabineti bununla ba\u011fl\u0131 \u201cAz\u0259rbaycan Respublikas\u0131 D\u00f6vl\u0259t \u015e\u0259h\u0259rsalma v\u0259 Arxitektura Komit\u0259sinin kollegiyas\u0131n\u0131n t\u0259rkibi haqq\u0131nda\u201d 2009-cu il 19 may tarixli q\u0259rar\u0131nda d\u0259yi\u015fiklik edib.<\/p>\n<p>Q\u0259rara \u0259sas\u0259n, Kollegiyan\u0131n s\u0259dri D\u00f6vl\u0259t \u015e\u0259h\u0259rsalma v\u0259 Arxitektura Komit\u0259sinin s\u0259dri, Kollegiyan\u0131n \u00fczvl\u0259ri D\u00f6vl\u0259t \u015e\u0259h\u0259rsalma v\u0259 Arxitektura Komit\u0259sinin s\u0259drinin birinci m\u00fcavini v\u0259 m\u00fcavinl\u0259ri, Nax\u00e7\u0131van Muxtar Respublikas\u0131 D\u00f6vl\u0259t \u015e\u0259h\u0259rsalma v\u0259 Arxitektura Komit\u0259sinin s\u0259dri, D\u00f6vl\u0259t \u015e\u0259h\u0259rsalma v\u0259 Arxitektura Komit\u0259sinin Aparat\u0131n\u0131n r\u0259hb\u0259ri, D\u00f6vl\u0259t \u015e\u0259h\u0259rsalma v\u0259 Arxitektura Komit\u0259sinin Aparat\u0131n\u0131n H\u00fcquq v\u0259 daxili n\u0259zar\u0259t \u015f\u00f6b\u0259sinin m\u00fcdiri, D\u00f6vl\u0259t \u015e\u0259h\u0259rsalma v\u0259 Arxitektura Komit\u0259sinin yan\u0131nda Bak\u0131 \u015e\u0259h\u0259r Memarl\u0131q v\u0259 \u015e\u0259h\u0259rsalma Ba\u015f \u0130dar\u0259sinin r\u0259isi, D\u00f6vl\u0259t \u015e\u0259h\u0259rsalma v\u0259 Arxitektura Komit\u0259sinin tabeliyind\u0259 publik h\u00fcquqi \u015f\u0259xs statuslu \u018frazi Tikinti-Planla\u015fd\u0131rma M\u0259rk\u0259zinin \u0130dar\u0259 Hey\u0259tinin s\u0259dri, D\u00f6vl\u0259t \u015e\u0259h\u0259rsalma v\u0259 Arxitektura Komit\u0259sinin \u201cAz\u0259rmemarlayih\u0259\u201d D\u00f6vl\u0259t Ba\u015f Layih\u0259 \u0130nstitutunun direktoru, D\u00f6vl\u0259t \u015e\u0259h\u0259rsalma v\u0259 Arxitektura Komit\u0259sinin Bak\u0131 D\u00f6vl\u0259t Layih\u0259 \u0130nstitutunun direktoru, D\u00f6vl\u0259t \u015e\u0259h\u0259rsalma v\u0259 Arxitektura Komit\u0259sinin Az\u0259rbaycan \u0130n\u015faat v\u0259 Memarl\u0131q Elmi-T\u0259dqiqat \u0130nstitutunun direktorudur.<\/p>\n<p>Q\u0259rar \u201cAz\u0259rbaycan Respublikas\u0131 D\u00f6vl\u0259t \u015e\u0259h\u0259rsalma v\u0259 Arxitektura Komit\u0259sinin f\u0259aliyy\u0259tinin t\u0259kmill\u0259\u015fdirilm\u0259si il\u0259 ba\u011fl\u0131 b\u0259zi m\u0259s\u0259l\u0259l\u0259r haqq\u0131nda\u201d Az\u0259rbaycan Respublikas\u0131 Prezidentinin 2019-cu il 19 mart tarixli f\u0259rman\u0131n\u0131n icras\u0131n\u0131 t\u0259min etm\u0259k m\u0259qs\u0259dil\u0259 q\u0259bul edilib.<\/p>\n<p>F\u0259rmana \u0259sas\u0259n, D\u00f6vl\u0259t \u015e\u0259h\u0259rsalma v\u0259 Arxitektura Komit\u0259si yan\u0131nda Bak\u0131 \u015e\u0259h\u0259r Memarl\u0131q v\u0259 \u015e\u0259h\u0259rsalma Ba\u015f \u0130dar\u0259sinin tabeliyind\u0259 olan X\u00fcsusi Layih\u0259-Smeta B\u00fcrosunun v\u0259 \u015e\u0259h\u0259r \u018frazisinin Tikinti-Planla\u015fd\u0131rma \u0130dar\u0259sinin \u0259sas\u0131nda Komit\u0259nin tabeliyind\u0259 publik h\u00fcquqi \u015f\u0259xs statuslu \u018frazi Tikinti-Planla\u015fd\u0131rma M\u0259rk\u0259zi yarad\u0131l\u0131b. Nazirl\u0259r Kabinetinin q\u0259rar\u0131 il\u0259 D\u00f6vl\u0259t \u015e\u0259h\u0259rsalma v\u0259 Arxitektura Komit\u0259sinin Kollegiyas\u0131n\u0131n t\u0259rkibind\u0259 \u018frazi Tikinti-Planla\u015fd\u0131rma M\u0259rk\u0259zinin \u0130dar\u0259 Hey\u0259tinin s\u0259dri daxil edilib. O c\u00fcml\u0259d\u0259n D\u00f6vl\u0259t \u015e\u0259h\u0259rsalma v\u0259 Arxitektura Komit\u0259sinin Aparat\u0131n\u0131n H\u00fcquq v\u0259 daxili n\u0259zar\u0259t \u015f\u00f6b\u0259sinin m\u00fcdiri d\u0259 Kollegiya \u00fczv\u00fc olub. Bununla da Kollegiya \u00fczvl\u0259rinin say\u0131 13 n\u0259f\u0259r\u0259 \u00e7at\u0131b.<\/p>\n<p>Qeyd ed\u0259k ki, bu, \u018fli \u018fs\u0259dovun Ba\u015f Nazir kimi imzalad\u0131\u011f\u0131 ilk q\u0259rard\u0131r.<\/p>\n","protected":false},"excerpt":{"rendered":"<p>D\u00f6vl\u0259t \u015e\u0259h\u0259rsalma v\u0259 Arxitektura Komit\u0259sinin Kollegiyas\u0131n\u0131n yeni t\u0259rkibi t\u0259sdiql\u0259nib. ARANTV.AZ-\u0131n APA-ya istinad\u0259n m\u0259lumat\u0131na g\u00f6r\u0259, Nazirl\u0259r Kabineti bununla ba\u011fl\u0131 \u201cAz\u0259rbaycan Respublikas\u0131 D\u00f6vl\u0259t \u015e\u0259h\u0259rsalma v\u0259 Arxitektura Komit\u0259sinin kollegiyas\u0131n\u0131n t\u0259rkibi haqq\u0131nda\u201d 2009-cu il 19 may tarixli q\u0259rar\u0131nda d\u0259yi\u015fiklik edib. Q\u0259rara \u0259sas\u0259n, Kollegiyan\u0131n s\u0259dri D\u00f6vl\u0259t \u015e\u0259h\u0259rsalma v\u0259 Arxitektura Komit\u0259sinin s\u0259dri, Kollegiyan\u0131n \u00fczvl\u0259ri D\u00f6vl\u0259t \u015e\u0259h\u0259rsalma v\u0259 Arxitektura Komit\u0259sinin s\u0259drinin birinci m\u00fcavini v\u0259 m\u00fcavinl\u0259ri, Nax\u00e7\u0131van Muxtar Respublikas\u0131 D\u00f6vl\u0259t \u015e\u0259h\u0259rsalma v\u0259 Arxitektura Komit\u0259sinin s\u0259dri, D\u00f6vl\u0259t \u015e\u0259h\u0259rsalma v\u0259 Arxitektura Komit\u0259sinin Aparat\u0131n\u0131n r\u0259hb\u0259ri, D\u00f6vl\u0259t \u015e\u0259h\u0259rsalma v\u0259 Arxitektura Komit\u0259sinin Aparat\u0131n\u0131n H\u00fcquq v\u0259 daxili n\u0259zar\u0259t \u015f\u00f6b\u0259sinin m\u00fcdiri, D\u00f6vl\u0259t \u015e\u0259h\u0259rsalma v\u0259 Arxitektura&hellip;<\/p>\n","protected":false},"author":2,"featured_media":92619,"comment_status":"closed","ping_status":"closed","sticky":false,"template":"","format":"standard","meta":{"om_disable_all_campaigns":false,"_monsterinsights_skip_tracking":false,"_monsterinsights_sitenote_active":false,"_monsterinsights_sitenote_note":"","_monsterinsights_sitenote_category":0},"categories":[19],"tags":[],"aioseo_notices":[],"gutentor_comment":0,"rttpg_featured_image_url":{"full":["https:\/\/arantv.az\/wp-content\/uploads\/2019\/11\/eli-esedov.jpg",800,450,false],"landscape":["https:\/\/arantv.az\/wp-content\/uploads\/2019\/11\/eli-esedov.jpg",800,450,false],"portraits":["https:\/\/arantv.az\/wp-content\/uploads\/2019\/11\/eli-esedov.jpg",800,450,false],"thumbnail":["https:\/\/arantv.az\/wp-content\/uploads\/2019\/11\/eli-esedov-150x150.jpg",150,150,true],"medium":["https:\/\/arantv.az\/wp-content\/uploads\/2019\/11\/eli-esedov-300x169.jpg",300,169,true],"large":["https:\/\/arantv.az\/wp-content\/uploads\/2019\/11\/eli-esedov.jpg",640,360,false],"1536x1536":["https:\/\/arantv.az\/wp-content\/uploads\/2019\/11\/eli-esedov.jpg",800,450,false],"2048x2048":["https:\/\/arantv.az\/wp-content\/uploads\/2019\/11\/eli-esedov.jpg",800,450,false],"post-thumbnail":["https:\/\/arantv.az\/wp-content\/uploads\/2019\/11\/eli-esedov-240x172.jpg",240,172,true],"advps-thumb-one":["https:\/\/arantv.az\/wp-content\/uploads\/2019\/11\/eli-esedov.jpg",800,450,false]},"rttpg_author":{"display_name":"V\u00fcsal Rafiqo\u011flu","author_link":"https:\/\/arantv.az\/?author=2"},"rttpg_comment":0,"rttpg_category":"<a href=\"https:\/\/arantv.az\/?cat=19\" rel=\"category\">G\u00fcnd\u0259m<\/a>","rttpg_excerpt":"D\u00f6vl\u0259t \u015e\u0259h\u0259rsalma v\u0259 Arxitektura Komit\u0259sinin Kollegiyas\u0131n\u0131n yeni t\u0259rkibi t\u0259sdiql\u0259nib. ARANTV.AZ-\u0131n APA-ya istinad\u0259n m\u0259lumat\u0131na g\u00f6r\u0259, Nazirl\u0259r Kabineti bununla ba\u011fl\u0131 \u201cAz\u0259rbaycan Respublikas\u0131 D\u00f6vl\u0259t \u015e\u0259h\u0259rsalma v\u0259 Arxitektura Komit\u0259sinin kollegiyas\u0131n\u0131n t\u0259rkibi haqq\u0131nda\u201d 2009-cu il 19 may tarixli q\u0259rar\u0131nda d\u0259yi\u015fiklik edib. Q\u0259rara \u0259sas\u0259n, Kollegiyan\u0131n s\u0259dri D\u00f6vl\u0259t \u015e\u0259h\u0259rsalma v\u0259 Arxitektura Komit\u0259sinin s\u0259dri, Kollegiyan\u0131n \u00fczvl\u0259ri D\u00f6vl\u0259t \u015e\u0259h\u0259rsalma v\u0259 Arxitektura Komit\u0259sinin s\u0259drinin birinci&hellip;","_links":{"self":[{"href":"https:\/\/arantv.az\/index.php?rest_route=\/wp\/v2\/posts\/92618"}],"collection":[{"href":"https:\/\/arantv.az\/index.php?rest_route=\/wp\/v2\/posts"}],"about":[{"href":"https:\/\/arantv.az\/index.php?rest_route=\/wp\/v2\/types\/post"}],"author":[{"embeddable":true,"href":"https:\/\/arantv.az\/index.php?rest_route=\/wp\/v2\/users\/2"}],"replies":[{"embeddable":true,"href":"https:\/\/arantv.az\/index.php?rest_route=%2Fwp%2Fv2%2Fcomments&post=92618"}],"version-history":[{"count":0,"href":"https:\/\/arantv.az\/index.php?rest_route=\/wp\/v2\/posts\/92618\/revisions"}],"wp:featuredmedia":[{"embeddable":true,"href":"https:\/\/arantv.az\/index.php?rest_route=\/wp\/v2\/media\/92619"}],"wp:attachment":[{"href":"https:\/\/arantv.az\/index.php?rest_route=%2Fwp%2Fv2%2Fmedia&parent=92618"}],"wp:term":[{"taxonomy":"category","embeddable":true,"href":"https:\/\/arantv.az\/index.php?rest_route=%2Fwp%2Fv2%2Fcategories&post=92618"},{"taxonomy":"post_tag","embeddable":true,"href":"https:\/\/arantv.az\/index.php?rest_route=%2Fwp%2Fv2%2Ftags&post=92618"}],"curies":[{"name":"wp","href":"https:\/\/api.w.org\/{rel}","templated":true}]}}