{"id":92638,"date":"2019-11-05T08:25:03","date_gmt":"2019-11-05T05:25:03","guid":{"rendered":"http:\/\/arantv.az\/?p=92638"},"modified":"2019-11-05T08:25:03","modified_gmt":"2019-11-05T05:25:03","slug":"rusiyaya-qarsi-sanksiyanin-mudd%c9%99ti-uzadildi","status":"publish","type":"post","link":"https:\/\/arantv.az\/?p=92638","title":{"rendered":"Rusiyaya qar\u015f\u0131 sanksiyan\u0131n m\u00fcdd\u0259ti uzad\u0131ld\u0131"},"content":{"rendered":"<p>D\u00f6rd d\u00f6vl\u0259t Rusiyaya qar\u015f\u0131 sanksiyan\u0131 uzatmaq siyas\u0259ti il\u0259 ba\u011fl\u0131 Avropa \u0130ttifaq\u0131n\u0131n sentyabr sazi\u015fin\u0259 qo\u015fulub.<\/p>\n<p>Bu bar\u0259d\u0259 \u201c<a href=\"https:\/\/ria.ru\/20191104\/1560567307.html\" target=\"_blank\" rel=\"noopener\">R\u0130A\u00a0Novosti<\/a>\u201d x\u0259b\u0259r yay\u0131b.<\/p>\n<div id=\"AdviadNativeVideo0\" class=\"AdviadNativeVideo\"><\/div>\n<p>Monteneqro, Albaniya, Norve\u00e7 v\u0259 Ukrayna bu sanksiya il\u0259 ba\u011fl\u0131 milli siyas\u0259t yerid\u0259c\u0259kl\u0259r.<\/p>\n<p>Qeyd ed\u0259k ki, be\u015f il \u00f6nc\u0259 Bel\u00e7ikan\u0131n m\u0259rk\u0259zi Br\u00fcsseld\u0259 Ukraynan\u0131n suverenliyi v\u0259 \u0259razi b\u00fct\u00f6vl\u00fcy\u00fc namin\u0259 b\u0259zi Rusiya\u00a0v\u0259 Ukrayna v\u0259t\u0259nda\u015flar\u0131na qar\u015f\u0131 sanksiya t\u0259tbiq olunub v\u0259 h\u0259r alt\u0131\u00a0aydan bir m\u00fcdd\u0259ti art\u0131r\u0131l\u0131r.<\/p>\n<p>Bu q\u0259rarla 170 \u015f\u0259xs v\u0259 44 t\u0259\u015fkilat sanksiyaya m\u0259ruz qal\u0131b.<\/p>\n","protected":false},"excerpt":{"rendered":"<p>D\u00f6rd d\u00f6vl\u0259t Rusiyaya qar\u015f\u0131 sanksiyan\u0131 uzatmaq siyas\u0259ti il\u0259 ba\u011fl\u0131 Avropa \u0130ttifaq\u0131n\u0131n sentyabr sazi\u015fin\u0259 qo\u015fulub. Bu bar\u0259d\u0259 \u201cR\u0130A\u00a0Novosti\u201d x\u0259b\u0259r yay\u0131b. Monteneqro, Albaniya, Norve\u00e7 v\u0259 Ukrayna bu sanksiya il\u0259 ba\u011fl\u0131 milli siyas\u0259t yerid\u0259c\u0259kl\u0259r. Qeyd ed\u0259k ki, be\u015f il \u00f6nc\u0259 Bel\u00e7ikan\u0131n m\u0259rk\u0259zi Br\u00fcsseld\u0259 Ukraynan\u0131n suverenliyi v\u0259 \u0259razi b\u00fct\u00f6vl\u00fcy\u00fc namin\u0259 b\u0259zi Rusiya\u00a0v\u0259 Ukrayna v\u0259t\u0259nda\u015flar\u0131na qar\u015f\u0131 sanksiya t\u0259tbiq olunub v\u0259 h\u0259r alt\u0131\u00a0aydan bir m\u00fcdd\u0259ti art\u0131r\u0131l\u0131r. Bu q\u0259rarla 170 \u015f\u0259xs v\u0259 44 t\u0259\u015fkilat sanksiyaya m\u0259ruz qal\u0131b.<\/p>\n","protected":false},"author":2,"featured_media":92639,"comment_status":"closed","ping_status":"closed","sticky":false,"template":"","format":"standard","meta":{"om_disable_all_campaigns":false,"_monsterinsights_skip_tracking":false,"_monsterinsights_sitenote_active":false,"_monsterinsights_sitenote_note":"","_monsterinsights_sitenote_category":0},"categories":[7],"tags":[],"aioseo_notices":[],"gutentor_comment":0,"rttpg_featured_image_url":{"full":["https:\/\/arantv.az\/wp-content\/uploads\/2019\/11\/sank.jpg",620,335,false],"landscape":["https:\/\/arantv.az\/wp-content\/uploads\/2019\/11\/sank.jpg",620,335,false],"portraits":["https:\/\/arantv.az\/wp-content\/uploads\/2019\/11\/sank.jpg",620,335,false],"thumbnail":["https:\/\/arantv.az\/wp-content\/uploads\/2019\/11\/sank-150x150.jpg",150,150,true],"medium":["https:\/\/arantv.az\/wp-content\/uploads\/2019\/11\/sank-300x162.jpg",300,162,true],"large":["https:\/\/arantv.az\/wp-content\/uploads\/2019\/11\/sank.jpg",620,335,false],"1536x1536":["https:\/\/arantv.az\/wp-content\/uploads\/2019\/11\/sank.jpg",620,335,false],"2048x2048":["https:\/\/arantv.az\/wp-content\/uploads\/2019\/11\/sank.jpg",620,335,false],"post-thumbnail":["https:\/\/arantv.az\/wp-content\/uploads\/2019\/11\/sank-240x172.jpg",240,172,true],"advps-thumb-one":["https:\/\/arantv.az\/wp-content\/uploads\/2019\/11\/sank.jpg",620,335,false]},"rttpg_author":{"display_name":"V\u00fcsal Rafiqo\u011flu","author_link":"https:\/\/arantv.az\/?author=2"},"rttpg_comment":0,"rttpg_category":"<a href=\"https:\/\/arantv.az\/?cat=7\" rel=\"category\">D\u00fcnya<\/a>","rttpg_excerpt":"D\u00f6rd d\u00f6vl\u0259t Rusiyaya qar\u015f\u0131 sanksiyan\u0131 uzatmaq siyas\u0259ti il\u0259 ba\u011fl\u0131 Avropa \u0130ttifaq\u0131n\u0131n sentyabr sazi\u015fin\u0259 qo\u015fulub. Bu bar\u0259d\u0259 \u201cR\u0130A\u00a0Novosti\u201d x\u0259b\u0259r yay\u0131b. Monteneqro, Albaniya, Norve\u00e7 v\u0259 Ukrayna bu sanksiya il\u0259 ba\u011fl\u0131 milli siyas\u0259t yerid\u0259c\u0259kl\u0259r. Qeyd ed\u0259k ki, be\u015f il \u00f6nc\u0259 Bel\u00e7ikan\u0131n m\u0259rk\u0259zi Br\u00fcsseld\u0259 Ukraynan\u0131n suverenliyi v\u0259 \u0259razi b\u00fct\u00f6vl\u00fcy\u00fc namin\u0259 b\u0259zi Rusiya\u00a0v\u0259 Ukrayna v\u0259t\u0259nda\u015flar\u0131na qar\u015f\u0131 sanksiya t\u0259tbiq olunub v\u0259&hellip;","_links":{"self":[{"href":"https:\/\/arantv.az\/index.php?rest_route=\/wp\/v2\/posts\/92638"}],"collection":[{"href":"https:\/\/arantv.az\/index.php?rest_route=\/wp\/v2\/posts"}],"about":[{"href":"https:\/\/arantv.az\/index.php?rest_route=\/wp\/v2\/types\/post"}],"author":[{"embeddable":true,"href":"https:\/\/arantv.az\/index.php?rest_route=\/wp\/v2\/users\/2"}],"replies":[{"embeddable":true,"href":"https:\/\/arantv.az\/index.php?rest_route=%2Fwp%2Fv2%2Fcomments&post=92638"}],"version-history":[{"count":0,"href":"https:\/\/arantv.az\/index.php?rest_route=\/wp\/v2\/posts\/92638\/revisions"}],"wp:featuredmedia":[{"embeddable":true,"href":"https:\/\/arantv.az\/index.php?rest_route=\/wp\/v2\/media\/92639"}],"wp:attachment":[{"href":"https:\/\/arantv.az\/index.php?rest_route=%2Fwp%2Fv2%2Fmedia&parent=92638"}],"wp:term":[{"taxonomy":"category","embeddable":true,"href":"https:\/\/arantv.az\/index.php?rest_route=%2Fwp%2Fv2%2Fcategories&post=92638"},{"taxonomy":"post_tag","embeddable":true,"href":"https:\/\/arantv.az\/index.php?rest_route=%2Fwp%2Fv2%2Ftags&post=92638"}],"curies":[{"name":"wp","href":"https:\/\/api.w.org\/{rel}","templated":true}]}}