{"id":92653,"date":"2019-11-05T08:44:47","date_gmt":"2019-11-05T05:44:47","guid":{"rendered":"http:\/\/arantv.az\/?p=92653"},"modified":"2019-11-05T08:44:47","modified_gmt":"2019-11-05T05:44:47","slug":"baki-abseron-v%c9%99-sumqayitda-yasayanlara-sad-x%c9%99b%c9%99r-video","status":"publish","type":"post","link":"https:\/\/arantv.az\/?p=92653","title":{"rendered":"Bak\u0131, Ab\u015feron v\u0259 Sumqay\u0131tda ya\u015fayanlara \u015eAD X\u018fB\u018fR &#8211; V\u0130DEO"},"content":{"rendered":"<p><strong>Bak\u0131dan-Sumqay\u0131ta s\u0259rni\u015fin da\u015f\u0131yan b\u0259zi mar\u015frut x\u0259tl\u0259rind\u0259ki avtobuslar yenil\u0259n\u0259c\u0259k. Bu istiqam\u0259td\u0259 ged\u0259n s\u0259rni\u015finl\u0259r\u0259 daha m\u00fcasir v\u0259 konfortlu avtobuslar xidm\u0259t ed\u0259c\u0259k.<\/strong><\/p>\n<p>Bununla ba\u011fl\u0131 D\u00f6vl\u0259t Avtomobil N\u0259qliyyat\u0131 Xidm\u0259ti da\u015f\u0131y\u0131c\u0131 \u015firk\u0259tl\u0259r qar\u015f\u0131s\u0131nda konkret t\u0259l\u0259bl\u0259r qoyub.<\/p>\n<p>Xidm\u0259tin sektor m\u00fcdiri Nurid\u0259 Allahyarovan\u0131n s\u00f6zl\u0259rin\u0259 g\u00f6r\u0259, qurumun m\u0259qs\u0259di bu mar\u015frut istiqam\u0259tind\u0259 s\u0259rni\u015finl\u0259rin t\u0259l\u0259bini \u0259n y\u00fcks\u0259k s\u0259viyy\u0259d\u0259 qar\u015f\u0131lamaqd\u0131r.<\/p>\n<p>Qurum Ab\u015feron rayonundan paytaxt Bak\u0131 istiqam\u0259tind\u0259 g\u0259l\u0259n s\u0259rni\u015fin avtobuslar\u0131n\u0131n da monitorinqini apar\u0131b. Art\u0131q h\u0259min istiqam\u0259td\u0259 iki yeni mar\u015frut x\u0259ttinin a\u00e7\u0131laca\u011f\u0131 d\u0259qiql\u0259\u015fib. O c\u00fcml\u0259d\u0259n qurumun tabeliyind\u0259 olan v\u0259 Masaz\u0131rdan &#8220;Memar \u018fc\u0259mi&#8221; metrostansiyas\u0131 v\u0259 \u0259ks istiqam\u0259td\u0259 s\u0259rni\u015fin da\u015f\u0131yan 525 sayl\u0131 avtobuslar yenil\u0259n\u0259c\u0259k.<\/p>\n<p>H\u0259r 3 x\u0259td\u0259 yeni avtobuslar yax\u0131n vaxtlarda s\u0259rni\u015finl\u0259rin xidm\u0259tin\u0259 ba\u015flayacaq. D\u00f6vl\u0259t Avtomobil N\u0259qliyyat\u0131 Xidm\u0259tind\u0259n o da bildirilib ki, qoyulan t\u0259l\u0259bl\u0259r\u0259 \u0259m\u0259l etm\u0259y\u0259n da\u015f\u0131y\u0131c\u0131 \u015firk\u0259tl\u0259r bar\u0259sind\u0259 t\u0259dbirl\u0259r g\u00f6r\u00fcl\u0259c\u0259k.<\/p>\n<p>525 sayl\u0131 x\u0259ttin da\u015f\u0131y\u0131c\u0131s\u0131 is\u0259 bildirib ki, 20 avtobusun al\u0131nmas\u0131 \u00fc\u00e7\u00fcn art\u0131q Koreya \u015firk\u0259ti il\u0259 m\u00fcqavil\u0259 imzalan\u0131b. M\u00fcasir avtobuslar yax\u0131n vaxtlarda Bak\u0131ya g\u0259tiril\u0259r\u0259k x\u0259tt\u0259 burax\u0131lacaq.<\/p>\n<p>Avtobuslar\u0131n yenil\u0259nm\u0259si x\u0259b\u0259ri s\u0259rni\u015finl\u0259rin \u00fcr\u0259yinc\u0259 olub.<\/p>\n<p><strong>ARANTV.AZ<\/strong> Xezerxeber.az-\u0131n m\u00f6vzu il\u0259 ba\u011fl\u0131 daha \u0259trafl\u0131 videomaterial\u0131n\u0131 t\u0259qdim edir:<\/p>\n<p><iframe loading=\"lazy\" src=\"https:\/\/www.youtube.com\/embed\/oqVuC6noHbM\" width=\"342\" height=\"220\" frameborder=\"0\" allowfullscreen=\"allowfullscreen\" data-mce-fragment=\"1\"><\/iframe><\/p>\n","protected":false},"excerpt":{"rendered":"<p>Bak\u0131dan-Sumqay\u0131ta s\u0259rni\u015fin da\u015f\u0131yan b\u0259zi mar\u015frut x\u0259tl\u0259rind\u0259ki avtobuslar yenil\u0259n\u0259c\u0259k. Bu istiqam\u0259td\u0259 ged\u0259n s\u0259rni\u015finl\u0259r\u0259 daha m\u00fcasir v\u0259 konfortlu avtobuslar xidm\u0259t ed\u0259c\u0259k. Bununla ba\u011fl\u0131 D\u00f6vl\u0259t Avtomobil N\u0259qliyyat\u0131 Xidm\u0259ti da\u015f\u0131y\u0131c\u0131 \u015firk\u0259tl\u0259r qar\u015f\u0131s\u0131nda konkret t\u0259l\u0259bl\u0259r qoyub. Xidm\u0259tin sektor m\u00fcdiri Nurid\u0259 Allahyarovan\u0131n s\u00f6zl\u0259rin\u0259 g\u00f6r\u0259, qurumun m\u0259qs\u0259di bu mar\u015frut istiqam\u0259tind\u0259 s\u0259rni\u015finl\u0259rin t\u0259l\u0259bini \u0259n y\u00fcks\u0259k s\u0259viyy\u0259d\u0259 qar\u015f\u0131lamaqd\u0131r. Qurum Ab\u015feron rayonundan paytaxt Bak\u0131 istiqam\u0259tind\u0259 g\u0259l\u0259n s\u0259rni\u015fin avtobuslar\u0131n\u0131n da monitorinqini apar\u0131b. Art\u0131q h\u0259min istiqam\u0259td\u0259 iki yeni mar\u015frut x\u0259ttinin a\u00e7\u0131laca\u011f\u0131 d\u0259qiql\u0259\u015fib. O c\u00fcml\u0259d\u0259n qurumun tabeliyind\u0259 olan v\u0259 Masaz\u0131rdan &#8220;Memar \u018fc\u0259mi&#8221; metrostansiyas\u0131 v\u0259 \u0259ks istiqam\u0259td\u0259 s\u0259rni\u015fin da\u015f\u0131yan 525 sayl\u0131 avtobuslar yenil\u0259n\u0259c\u0259k. H\u0259r&hellip;<\/p>\n","protected":false},"author":2,"featured_media":92654,"comment_status":"closed","ping_status":"closed","sticky":false,"template":"","format":"standard","meta":{"om_disable_all_campaigns":false,"_monsterinsights_skip_tracking":false,"_monsterinsights_sitenote_active":false,"_monsterinsights_sitenote_note":"","_monsterinsights_sitenote_category":0},"categories":[1],"tags":[],"aioseo_notices":[],"gutentor_comment":0,"rttpg_featured_image_url":{"full":["https:\/\/arantv.az\/wp-content\/uploads\/2019\/11\/italiya-baki2.jpg",800,450,false],"landscape":["https:\/\/arantv.az\/wp-content\/uploads\/2019\/11\/italiya-baki2.jpg",800,450,false],"portraits":["https:\/\/arantv.az\/wp-content\/uploads\/2019\/11\/italiya-baki2.jpg",800,450,false],"thumbnail":["https:\/\/arantv.az\/wp-content\/uploads\/2019\/11\/italiya-baki2-150x150.jpg",150,150,true],"medium":["https:\/\/arantv.az\/wp-content\/uploads\/2019\/11\/italiya-baki2-300x169.jpg",300,169,true],"large":["https:\/\/arantv.az\/wp-content\/uploads\/2019\/11\/italiya-baki2.jpg",640,360,false],"1536x1536":["https:\/\/arantv.az\/wp-content\/uploads\/2019\/11\/italiya-baki2.jpg",800,450,false],"2048x2048":["https:\/\/arantv.az\/wp-content\/uploads\/2019\/11\/italiya-baki2.jpg",800,450,false],"post-thumbnail":["https:\/\/arantv.az\/wp-content\/uploads\/2019\/11\/italiya-baki2-240x172.jpg",240,172,true],"advps-thumb-one":["https:\/\/arantv.az\/wp-content\/uploads\/2019\/11\/italiya-baki2.jpg",800,450,false]},"rttpg_author":{"display_name":"V\u00fcsal Rafiqo\u011flu","author_link":"https:\/\/arantv.az\/?author=2"},"rttpg_comment":0,"rttpg_category":"<a href=\"https:\/\/arantv.az\/?cat=1\" rel=\"category\">C\u0259miyy\u0259t<\/a>","rttpg_excerpt":"Bak\u0131dan-Sumqay\u0131ta s\u0259rni\u015fin da\u015f\u0131yan b\u0259zi mar\u015frut x\u0259tl\u0259rind\u0259ki avtobuslar yenil\u0259n\u0259c\u0259k. Bu istiqam\u0259td\u0259 ged\u0259n s\u0259rni\u015finl\u0259r\u0259 daha m\u00fcasir v\u0259 konfortlu avtobuslar xidm\u0259t ed\u0259c\u0259k. Bununla ba\u011fl\u0131 D\u00f6vl\u0259t Avtomobil N\u0259qliyyat\u0131 Xidm\u0259ti da\u015f\u0131y\u0131c\u0131 \u015firk\u0259tl\u0259r qar\u015f\u0131s\u0131nda konkret t\u0259l\u0259bl\u0259r qoyub. Xidm\u0259tin sektor m\u00fcdiri Nurid\u0259 Allahyarovan\u0131n s\u00f6zl\u0259rin\u0259 g\u00f6r\u0259, qurumun m\u0259qs\u0259di bu mar\u015frut istiqam\u0259tind\u0259 s\u0259rni\u015finl\u0259rin t\u0259l\u0259bini \u0259n y\u00fcks\u0259k s\u0259viyy\u0259d\u0259 qar\u015f\u0131lamaqd\u0131r. Qurum Ab\u015feron rayonundan paytaxt Bak\u0131 istiqam\u0259tind\u0259&hellip;","_links":{"self":[{"href":"https:\/\/arantv.az\/index.php?rest_route=\/wp\/v2\/posts\/92653"}],"collection":[{"href":"https:\/\/arantv.az\/index.php?rest_route=\/wp\/v2\/posts"}],"about":[{"href":"https:\/\/arantv.az\/index.php?rest_route=\/wp\/v2\/types\/post"}],"author":[{"embeddable":true,"href":"https:\/\/arantv.az\/index.php?rest_route=\/wp\/v2\/users\/2"}],"replies":[{"embeddable":true,"href":"https:\/\/arantv.az\/index.php?rest_route=%2Fwp%2Fv2%2Fcomments&post=92653"}],"version-history":[{"count":0,"href":"https:\/\/arantv.az\/index.php?rest_route=\/wp\/v2\/posts\/92653\/revisions"}],"wp:featuredmedia":[{"embeddable":true,"href":"https:\/\/arantv.az\/index.php?rest_route=\/wp\/v2\/media\/92654"}],"wp:attachment":[{"href":"https:\/\/arantv.az\/index.php?rest_route=%2Fwp%2Fv2%2Fmedia&parent=92653"}],"wp:term":[{"taxonomy":"category","embeddable":true,"href":"https:\/\/arantv.az\/index.php?rest_route=%2Fwp%2Fv2%2Fcategories&post=92653"},{"taxonomy":"post_tag","embeddable":true,"href":"https:\/\/arantv.az\/index.php?rest_route=%2Fwp%2Fv2%2Ftags&post=92653"}],"curies":[{"name":"wp","href":"https:\/\/api.w.org\/{rel}","templated":true}]}}