{"id":92669,"date":"2019-11-05T08:56:23","date_gmt":"2019-11-05T05:56:23","guid":{"rendered":"http:\/\/arantv.az\/?p=92669"},"modified":"2019-11-05T08:56:23","modified_gmt":"2019-11-05T05:56:23","slug":"39-yasli-kisi-bicaqlandi","status":"publish","type":"post","link":"https:\/\/arantv.az\/?p=92669","title":{"rendered":"39 ya\u015fl\u0131 ki\u015fi b\u0131\u00e7aqland\u0131"},"content":{"rendered":"<p>G\u00f6yg\u00f6l rayonunda b\u0131\u00e7aqlanma hadis\u0259si ba\u015f verib.<\/p>\n<p><b>ARANTV.AZ\u00a0<\/b>unikal.org-a istinad\u0259n ax\u0259b\u0259r verir ki, hadis\u0259 rayonun M.\u018f.R\u0259sulzad\u0259 k\u00fc\u00e7\u0259sind\u0259 qeyd\u0259 al\u0131n\u0131b.<\/p>\n<div><\/div>\n<p>Rayon sakini, 1980-ci il t\u0259v\u0259ll\u00fcdl\u00fc Anar Bayramov k\u0259silmi\u015f-de\u015filmi\u015f b\u0131\u00e7aq yaras\u0131 diaqnozu il\u0259 x\u0259st\u0259xanaya yerl\u0259\u015fdirilib. Yaral\u0131 d\u0259rhal c\u0259rrahi \u0259m\u0259liyyat olunub. Onun v\u0259ziyy\u0259tinin orta a\u011f\u0131r oldu\u011fu bildirilir. A.Bayramov ilkin dindirilm\u0259 zaman\u0131 y\u0131x\u0131laraq x\u0259sar\u0259t ald\u0131\u011f\u0131n\u0131 deyib. Hadis\u0259 il\u0259 ba\u011fl\u0131 polis\u0259 m\u0259lumat verilib.<\/p>\n<p>Faktla ba\u011fl\u0131 G\u00f6yg\u00f6l Rayon Polis \u015e\u00f6b\u0259sind\u0259 ara\u015fd\u0131rma apar\u0131l\u0131r.<\/p>\n","protected":false},"excerpt":{"rendered":"<p>G\u00f6yg\u00f6l rayonunda b\u0131\u00e7aqlanma hadis\u0259si ba\u015f verib. ARANTV.AZ\u00a0unikal.org-a istinad\u0259n ax\u0259b\u0259r verir ki, hadis\u0259 rayonun M.\u018f.R\u0259sulzad\u0259 k\u00fc\u00e7\u0259sind\u0259 qeyd\u0259 al\u0131n\u0131b. Rayon sakini, 1980-ci il t\u0259v\u0259ll\u00fcdl\u00fc Anar Bayramov k\u0259silmi\u015f-de\u015filmi\u015f b\u0131\u00e7aq yaras\u0131 diaqnozu il\u0259 x\u0259st\u0259xanaya yerl\u0259\u015fdirilib. Yaral\u0131 d\u0259rhal c\u0259rrahi \u0259m\u0259liyyat olunub. Onun v\u0259ziyy\u0259tinin orta a\u011f\u0131r oldu\u011fu bildirilir. A.Bayramov ilkin dindirilm\u0259 zaman\u0131 y\u0131x\u0131laraq x\u0259sar\u0259t ald\u0131\u011f\u0131n\u0131 deyib. Hadis\u0259 il\u0259 ba\u011fl\u0131 polis\u0259 m\u0259lumat verilib. Faktla ba\u011fl\u0131 G\u00f6yg\u00f6l Rayon Polis \u015e\u00f6b\u0259sind\u0259 ara\u015fd\u0131rma apar\u0131l\u0131r.<\/p>\n","protected":false},"author":2,"featured_media":92670,"comment_status":"closed","ping_status":"closed","sticky":false,"template":"","format":"standard","meta":{"om_disable_all_campaigns":false,"_monsterinsights_skip_tracking":false,"_monsterinsights_sitenote_active":false,"_monsterinsights_sitenote_note":"","_monsterinsights_sitenote_category":0},"categories":[3],"tags":[],"aioseo_notices":[],"gutentor_comment":0,"rttpg_featured_image_url":{"full":["https:\/\/arantv.az\/wp-content\/uploads\/2019\/11\/1572930088.225dc0c4198ec85.jpg",549,366,false],"landscape":["https:\/\/arantv.az\/wp-content\/uploads\/2019\/11\/1572930088.225dc0c4198ec85.jpg",549,366,false],"portraits":["https:\/\/arantv.az\/wp-content\/uploads\/2019\/11\/1572930088.225dc0c4198ec85.jpg",549,366,false],"thumbnail":["https:\/\/arantv.az\/wp-content\/uploads\/2019\/11\/1572930088.225dc0c4198ec85-150x150.jpg",150,150,true],"medium":["https:\/\/arantv.az\/wp-content\/uploads\/2019\/11\/1572930088.225dc0c4198ec85-300x200.jpg",300,200,true],"large":["https:\/\/arantv.az\/wp-content\/uploads\/2019\/11\/1572930088.225dc0c4198ec85.jpg",549,366,false],"1536x1536":["https:\/\/arantv.az\/wp-content\/uploads\/2019\/11\/1572930088.225dc0c4198ec85.jpg",549,366,false],"2048x2048":["https:\/\/arantv.az\/wp-content\/uploads\/2019\/11\/1572930088.225dc0c4198ec85.jpg",549,366,false],"post-thumbnail":["https:\/\/arantv.az\/wp-content\/uploads\/2019\/11\/1572930088.225dc0c4198ec85-240x172.jpg",240,172,true],"advps-thumb-one":["https:\/\/arantv.az\/wp-content\/uploads\/2019\/11\/1572930088.225dc0c4198ec85.jpg",549,366,false]},"rttpg_author":{"display_name":"V\u00fcsal Rafiqo\u011flu","author_link":"https:\/\/arantv.az\/?author=2"},"rttpg_comment":0,"rttpg_category":"<a href=\"https:\/\/arantv.az\/?cat=3\" rel=\"category\">Kriminal<\/a>","rttpg_excerpt":"G\u00f6yg\u00f6l rayonunda b\u0131\u00e7aqlanma hadis\u0259si ba\u015f verib. ARANTV.AZ\u00a0unikal.org-a istinad\u0259n ax\u0259b\u0259r verir ki, hadis\u0259 rayonun M.\u018f.R\u0259sulzad\u0259 k\u00fc\u00e7\u0259sind\u0259 qeyd\u0259 al\u0131n\u0131b. Rayon sakini, 1980-ci il t\u0259v\u0259ll\u00fcdl\u00fc Anar Bayramov k\u0259silmi\u015f-de\u015filmi\u015f b\u0131\u00e7aq yaras\u0131 diaqnozu il\u0259 x\u0259st\u0259xanaya yerl\u0259\u015fdirilib. Yaral\u0131 d\u0259rhal c\u0259rrahi \u0259m\u0259liyyat olunub. Onun v\u0259ziyy\u0259tinin orta a\u011f\u0131r oldu\u011fu bildirilir. A.Bayramov ilkin dindirilm\u0259 zaman\u0131 y\u0131x\u0131laraq x\u0259sar\u0259t ald\u0131\u011f\u0131n\u0131 deyib. Hadis\u0259 il\u0259 ba\u011fl\u0131 polis\u0259 m\u0259lumat&hellip;","_links":{"self":[{"href":"https:\/\/arantv.az\/index.php?rest_route=\/wp\/v2\/posts\/92669"}],"collection":[{"href":"https:\/\/arantv.az\/index.php?rest_route=\/wp\/v2\/posts"}],"about":[{"href":"https:\/\/arantv.az\/index.php?rest_route=\/wp\/v2\/types\/post"}],"author":[{"embeddable":true,"href":"https:\/\/arantv.az\/index.php?rest_route=\/wp\/v2\/users\/2"}],"replies":[{"embeddable":true,"href":"https:\/\/arantv.az\/index.php?rest_route=%2Fwp%2Fv2%2Fcomments&post=92669"}],"version-history":[{"count":0,"href":"https:\/\/arantv.az\/index.php?rest_route=\/wp\/v2\/posts\/92669\/revisions"}],"wp:featuredmedia":[{"embeddable":true,"href":"https:\/\/arantv.az\/index.php?rest_route=\/wp\/v2\/media\/92670"}],"wp:attachment":[{"href":"https:\/\/arantv.az\/index.php?rest_route=%2Fwp%2Fv2%2Fmedia&parent=92669"}],"wp:term":[{"taxonomy":"category","embeddable":true,"href":"https:\/\/arantv.az\/index.php?rest_route=%2Fwp%2Fv2%2Fcategories&post=92669"},{"taxonomy":"post_tag","embeddable":true,"href":"https:\/\/arantv.az\/index.php?rest_route=%2Fwp%2Fv2%2Ftags&post=92669"}],"curies":[{"name":"wp","href":"https:\/\/api.w.org\/{rel}","templated":true}]}}