{"id":92703,"date":"2019-11-05T09:31:41","date_gmt":"2019-11-05T06:31:41","guid":{"rendered":"http:\/\/arantv.az\/?p=92703"},"modified":"2019-11-05T09:31:41","modified_gmt":"2019-11-05T06:31:41","slug":"bakida-81-yasli-kisi-d%c9%99hs%c9%99t-sacdi-tor%c9%99tdiyi-q%c9%99zada-ana-v%c9%99-ogul-oldu","status":"publish","type":"post","link":"https:\/\/arantv.az\/?p=92703","title":{"rendered":"Bak\u0131da 81 ya\u015fl\u0131 ki\u015fi d\u0259h\u015f\u0259t sa\u00e7d\u0131 &#8211; T\u00f6r\u0259tdiyi q\u0259zada ana v\u0259 o\u011ful \u00f6ld\u00fc"},"content":{"rendered":"<p>Bak\u0131da a\u011f\u0131r yol-n\u0259qliyyat hadis\u0259si ba\u015f verib.<\/p>\n<p><strong>ARANTV.AZ\u00a0\u00a0<\/strong>x\u0259b\u0259r verir ki, hadis\u0259 Sumqay\u0131t-Novxan\u0131 yolunda qeyd\u0259 al\u0131n\u0131b.<\/p>\n<p>Bak\u0131 \u015f\u0259h\u0259r sakini, 81 ya\u015fl\u0131 \u018fliyev \u015eamil \u018flih\u00fcseyn o\u011flunun idar\u0259 etdiyi \u201cVolvo\u201d markal\u0131 avtomobill\u0259 55 ya\u015fl\u0131 Quliyev Mehman Dada\u015f o\u011flunun idar\u0259 etdiyi \u201cHyundai\u201d markal\u0131 ma\u015f\u0131n toqqu\u015fub.<\/p>\n<div id=\"AdviadNativeVideo0\" class=\"AdviadNativeVideo\"><\/div>\n<p>Hadis\u0259 zaman\u0131 h\u0259r iki avtomobil deformasiyaya u\u011fray\u0131b, \u201cHyundai\u201dda olan s\u0259rni\u015finl\u0259r, 25 ya\u015fl\u0131 R\u00fcst\u0259mova T\u00fcrkan\u0259 M\u0259mm\u0259d q\u0131z\u0131 v\u0259 onun \u00f6vlad\u0131, iki ya\u015fl\u0131 Quliyev Yusif Orxan o\u011flu a\u011f\u0131r x\u0259sar\u0259tl\u0259rl\u0259 x\u0259st\u0259xanaya yerl\u0259\u015fdirilib. H\u0259r iki yaral\u0131 x\u0259st\u0259xanada v\u0259fat edib.<\/p>\n<p>Faktla ba\u011fl\u0131 cinay\u0259t i\u015fi ba\u015flan\u0131b.oxu.az<\/p>\n","protected":false},"excerpt":{"rendered":"<p>Bak\u0131da a\u011f\u0131r yol-n\u0259qliyyat hadis\u0259si ba\u015f verib. ARANTV.AZ\u00a0\u00a0x\u0259b\u0259r verir ki, hadis\u0259 Sumqay\u0131t-Novxan\u0131 yolunda qeyd\u0259 al\u0131n\u0131b. Bak\u0131 \u015f\u0259h\u0259r sakini, 81 ya\u015fl\u0131 \u018fliyev \u015eamil \u018flih\u00fcseyn o\u011flunun idar\u0259 etdiyi \u201cVolvo\u201d markal\u0131 avtomobill\u0259 55 ya\u015fl\u0131 Quliyev Mehman Dada\u015f o\u011flunun idar\u0259 etdiyi \u201cHyundai\u201d markal\u0131 ma\u015f\u0131n toqqu\u015fub. Hadis\u0259 zaman\u0131 h\u0259r iki avtomobil deformasiyaya u\u011fray\u0131b, \u201cHyundai\u201dda olan s\u0259rni\u015finl\u0259r, 25 ya\u015fl\u0131 R\u00fcst\u0259mova T\u00fcrkan\u0259 M\u0259mm\u0259d q\u0131z\u0131 v\u0259 onun \u00f6vlad\u0131, iki ya\u015fl\u0131 Quliyev Yusif Orxan o\u011flu a\u011f\u0131r x\u0259sar\u0259tl\u0259rl\u0259 x\u0259st\u0259xanaya yerl\u0259\u015fdirilib. H\u0259r iki yaral\u0131 x\u0259st\u0259xanada v\u0259fat edib. Faktla ba\u011fl\u0131 cinay\u0259t i\u015fi ba\u015flan\u0131b.oxu.az<\/p>\n","protected":false},"author":2,"featured_media":92704,"comment_status":"closed","ping_status":"closed","sticky":false,"template":"","format":"standard","meta":{"om_disable_all_campaigns":false,"_monsterinsights_skip_tracking":false,"_monsterinsights_sitenote_active":false,"_monsterinsights_sitenote_note":"","_monsterinsights_sitenote_category":0},"categories":[5],"tags":[],"aioseo_notices":[],"gutentor_comment":0,"rttpg_featured_image_url":{"full":["https:\/\/arantv.az\/wp-content\/uploads\/2019\/11\/qezz.jpg",620,465,false],"landscape":["https:\/\/arantv.az\/wp-content\/uploads\/2019\/11\/qezz.jpg",620,465,false],"portraits":["https:\/\/arantv.az\/wp-content\/uploads\/2019\/11\/qezz.jpg",620,465,false],"thumbnail":["https:\/\/arantv.az\/wp-content\/uploads\/2019\/11\/qezz-150x150.jpg",150,150,true],"medium":["https:\/\/arantv.az\/wp-content\/uploads\/2019\/11\/qezz-300x225.jpg",300,225,true],"large":["https:\/\/arantv.az\/wp-content\/uploads\/2019\/11\/qezz.jpg",620,465,false],"1536x1536":["https:\/\/arantv.az\/wp-content\/uploads\/2019\/11\/qezz.jpg",620,465,false],"2048x2048":["https:\/\/arantv.az\/wp-content\/uploads\/2019\/11\/qezz.jpg",620,465,false],"post-thumbnail":["https:\/\/arantv.az\/wp-content\/uploads\/2019\/11\/qezz-240x172.jpg",240,172,true],"advps-thumb-one":["https:\/\/arantv.az\/wp-content\/uploads\/2019\/11\/qezz.jpg",620,465,false]},"rttpg_author":{"display_name":"V\u00fcsal Rafiqo\u011flu","author_link":"https:\/\/arantv.az\/?author=2"},"rttpg_comment":0,"rttpg_category":"<a href=\"https:\/\/arantv.az\/?cat=5\" rel=\"category\">Hadis\u0259<\/a>","rttpg_excerpt":"Bak\u0131da a\u011f\u0131r yol-n\u0259qliyyat hadis\u0259si ba\u015f verib. ARANTV.AZ\u00a0\u00a0x\u0259b\u0259r verir ki, hadis\u0259 Sumqay\u0131t-Novxan\u0131 yolunda qeyd\u0259 al\u0131n\u0131b. Bak\u0131 \u015f\u0259h\u0259r sakini, 81 ya\u015fl\u0131 \u018fliyev \u015eamil \u018flih\u00fcseyn o\u011flunun idar\u0259 etdiyi \u201cVolvo\u201d markal\u0131 avtomobill\u0259 55 ya\u015fl\u0131 Quliyev Mehman Dada\u015f o\u011flunun idar\u0259 etdiyi \u201cHyundai\u201d markal\u0131 ma\u015f\u0131n toqqu\u015fub. Hadis\u0259 zaman\u0131 h\u0259r iki avtomobil deformasiyaya u\u011fray\u0131b, \u201cHyundai\u201dda olan s\u0259rni\u015finl\u0259r, 25 ya\u015fl\u0131 R\u00fcst\u0259mova T\u00fcrkan\u0259 M\u0259mm\u0259d&hellip;","_links":{"self":[{"href":"https:\/\/arantv.az\/index.php?rest_route=\/wp\/v2\/posts\/92703"}],"collection":[{"href":"https:\/\/arantv.az\/index.php?rest_route=\/wp\/v2\/posts"}],"about":[{"href":"https:\/\/arantv.az\/index.php?rest_route=\/wp\/v2\/types\/post"}],"author":[{"embeddable":true,"href":"https:\/\/arantv.az\/index.php?rest_route=\/wp\/v2\/users\/2"}],"replies":[{"embeddable":true,"href":"https:\/\/arantv.az\/index.php?rest_route=%2Fwp%2Fv2%2Fcomments&post=92703"}],"version-history":[{"count":0,"href":"https:\/\/arantv.az\/index.php?rest_route=\/wp\/v2\/posts\/92703\/revisions"}],"wp:featuredmedia":[{"embeddable":true,"href":"https:\/\/arantv.az\/index.php?rest_route=\/wp\/v2\/media\/92704"}],"wp:attachment":[{"href":"https:\/\/arantv.az\/index.php?rest_route=%2Fwp%2Fv2%2Fmedia&parent=92703"}],"wp:term":[{"taxonomy":"category","embeddable":true,"href":"https:\/\/arantv.az\/index.php?rest_route=%2Fwp%2Fv2%2Fcategories&post=92703"},{"taxonomy":"post_tag","embeddable":true,"href":"https:\/\/arantv.az\/index.php?rest_route=%2Fwp%2Fv2%2Ftags&post=92703"}],"curies":[{"name":"wp","href":"https:\/\/api.w.org\/{rel}","templated":true}]}}