{"id":92784,"date":"2019-11-05T11:22:44","date_gmt":"2019-11-05T08:22:44","guid":{"rendered":"http:\/\/arantv.az\/?p=92784"},"modified":"2019-11-05T11:22:44","modified_gmt":"2019-11-05T08:22:44","slug":"baki-s%c9%99h%c9%99r-prokurorlugunun-sabiq-%c9%99m%c9%99kdasi-sikay%c9%99tini-geri-goturdu","status":"publish","type":"post","link":"https:\/\/arantv.az\/?p=92784","title":{"rendered":"Bak\u0131 \u015e\u0259h\u0259r Prokurorlu\u011funun sabiq \u0259m\u0259kda\u015f\u0131 \u015fikay\u0259tini geri g\u00f6t\u00fcrd\u00fc"},"content":{"rendered":"<p>Ali M\u0259hk\u0259m\u0259d\u0259 d\u0259l\u0259duzluq v\u0259 r\u00fc\u015fv\u0259t verm\u0259y\u0259 t\u0259hrik etm\u0259kd\u0259 t\u0259qsirl\u0259ndiril\u0259n Bak\u0131 \u015e\u0259h\u0259r Prokurorlu\u011funun T\u0259\u015fkilat-analitik \u015f\u00f6b\u0259sinin b\u00f6y\u00fck m\u00fct\u0259x\u0259ssisi-d\u0259ft\u0259rxanan\u0131n sabiq m\u00fcdiri El\u00e7in Qurbanovun kassasiya \u015fikay\u0259ti \u00fczr\u0259 iclas ke\u00e7irilib.<\/p>\n<p><b>ARANTV.AZ\u00a0<\/b> x\u0259b\u0259r verir ki, hakim \u018fli Seyf\u0259liyevin s\u0259drliyi il\u0259 ke\u00e7iril\u0259n prosesd\u0259 q\u0259rar elan olunub.<\/p>\n<p>Qeyd edilib ki, E.Qurbanov kassasiya \u015fikay\u0259tinin geri g\u00f6t\u00fcr\u00fclm\u0259si il\u0259 ba\u011fl\u0131 m\u0259hk\u0259m\u0259y\u0259 m\u00fcraci\u0259t edib.<\/p>\n<div id=\"AdviadNativeVideo0\" class=\"AdviadNativeVideo\"><\/div>\n<p>Ali M\u0259hk\u0259m\u0259 onun m\u00fcraci\u0259tini t\u0259min edib.<\/p>\n<p>Qeyd ed\u0259k ki, Bak\u0131 \u015e\u0259h\u0259r Prokurorlu\u011funun yayd\u0131\u011f\u0131 m\u0259lumata \u0259sas\u0259n, E.Qurbanov 2018-ci il fevral\u0131n 21-d\u0259 Bak\u0131 \u015e\u0259h\u0259r Prokurorlu\u011funun T\u0259\u015fkilat-analitik \u015f\u00f6b\u0259sinin b\u00f6y\u00fck m\u00fct\u0259x\u0259ssisi-d\u0259ft\u0259rxana m\u00fcdiri v\u0259zif\u0259sind\u0259n azad edilib.<\/p>\n<p>O, d\u0259l\u0259duzluq v\u0259 r\u00fc\u015fv\u0259t verm\u0259y\u0259 t\u0259hrik etm\u0259kd\u0259 t\u0259qsirli bilinib.<\/p>\n<p>Bel\u0259 ki, E.Qurbanov bir ne\u00e7\u0259 qohumu il\u0259 birg\u0259 Bak\u0131 \u015f\u0259h\u0259r sakininin atas\u0131n\u0131 h\u0259bsd\u0259n azad ed\u0259c\u0259yi v\u0259dini ver\u0259r\u0259k ondan pul al\u0131b. Lakin sonradan h\u0259min \u015f\u0259xsl\u0259r verdikl\u0259ri v\u0259d\u0259 \u0259m\u0259l etm\u0259yibl\u0259r. V\u0259t\u0259nda\u015f\u0131n \u015fikay\u0259ti \u0259sas\u0131nda E.Qurbanov v\u0259 dig\u0259r \u015f\u0259xsl\u0259r saxlan\u0131l\u0131b. Onlara Cinay\u0259t M\u0259c\u0259ll\u0259sinin 178-ci (d\u0259l\u0259duzluq) v\u0259 312-ci (r\u00fc\u015fv\u0259t verm\u0259) madd\u0259l\u0259ri il\u0259 ittiham ir\u0259li s\u00fcr\u00fcl\u00fcb.<\/p>\n<p>X\u0259tai Rayon M\u0259hk\u0259m\u0259sinin h\u00f6km\u00fc il\u0259 o, 4 il 6 ay m\u00fcdd\u0259tin\u0259 azadl\u0131qdan m\u0259hrum edilib. H\u00f6kmd\u0259n naraz\u0131 qalan E.Qurbanov apellyasiya \u015fikay\u0259ti verib.<\/p>\n<p>Bak\u0131 Apellyasiya M\u0259hk\u0259m\u0259sinin q\u0259rar\u0131na g\u00f6r\u0259, E.Qurbanovun apellyasiya \u015fikay\u0259ti t\u0259min edilm\u0259yib, birinci instansiya m\u0259hk\u0259m\u0259sinin \u00e7\u0131xard\u0131\u011f\u0131 h\u00f6km d\u0259yi\u015fdirilm\u0259d\u0259n saxlan\u0131l\u0131b.oxu.az<\/p>\n","protected":false},"excerpt":{"rendered":"<p>Ali M\u0259hk\u0259m\u0259d\u0259 d\u0259l\u0259duzluq v\u0259 r\u00fc\u015fv\u0259t verm\u0259y\u0259 t\u0259hrik etm\u0259kd\u0259 t\u0259qsirl\u0259ndiril\u0259n Bak\u0131 \u015e\u0259h\u0259r Prokurorlu\u011funun T\u0259\u015fkilat-analitik \u015f\u00f6b\u0259sinin b\u00f6y\u00fck m\u00fct\u0259x\u0259ssisi-d\u0259ft\u0259rxanan\u0131n sabiq m\u00fcdiri El\u00e7in Qurbanovun kassasiya \u015fikay\u0259ti \u00fczr\u0259 iclas ke\u00e7irilib. ARANTV.AZ\u00a0 x\u0259b\u0259r verir ki, hakim \u018fli Seyf\u0259liyevin s\u0259drliyi il\u0259 ke\u00e7iril\u0259n prosesd\u0259 q\u0259rar elan olunub. Qeyd edilib ki, E.Qurbanov kassasiya \u015fikay\u0259tinin geri g\u00f6t\u00fcr\u00fclm\u0259si il\u0259 ba\u011fl\u0131 m\u0259hk\u0259m\u0259y\u0259 m\u00fcraci\u0259t edib. Ali M\u0259hk\u0259m\u0259 onun m\u00fcraci\u0259tini t\u0259min edib. Qeyd ed\u0259k ki, Bak\u0131 \u015e\u0259h\u0259r Prokurorlu\u011funun yayd\u0131\u011f\u0131 m\u0259lumata \u0259sas\u0259n, E.Qurbanov 2018-ci il fevral\u0131n 21-d\u0259 Bak\u0131 \u015e\u0259h\u0259r Prokurorlu\u011funun T\u0259\u015fkilat-analitik \u015f\u00f6b\u0259sinin b\u00f6y\u00fck m\u00fct\u0259x\u0259ssisi-d\u0259ft\u0259rxana m\u00fcdiri v\u0259zif\u0259sind\u0259n azad edilib. O, d\u0259l\u0259duzluq v\u0259 r\u00fc\u015fv\u0259t verm\u0259y\u0259 t\u0259hrik etm\u0259kd\u0259&hellip;<\/p>\n","protected":false},"author":2,"featured_media":92785,"comment_status":"closed","ping_status":"closed","sticky":false,"template":"","format":"standard","meta":{"om_disable_all_campaigns":false,"_monsterinsights_skip_tracking":false,"_monsterinsights_sitenote_active":false,"_monsterinsights_sitenote_note":"","_monsterinsights_sitenote_category":0},"categories":[5],"tags":[],"aioseo_notices":[],"gutentor_comment":0,"rttpg_featured_image_url":{"full":["https:\/\/arantv.az\/wp-content\/uploads\/2019\/11\/1560232451_untitled-1.jpg",600,400,false],"landscape":["https:\/\/arantv.az\/wp-content\/uploads\/2019\/11\/1560232451_untitled-1.jpg",600,400,false],"portraits":["https:\/\/arantv.az\/wp-content\/uploads\/2019\/11\/1560232451_untitled-1.jpg",600,400,false],"thumbnail":["https:\/\/arantv.az\/wp-content\/uploads\/2019\/11\/1560232451_untitled-1-150x150.jpg",150,150,true],"medium":["https:\/\/arantv.az\/wp-content\/uploads\/2019\/11\/1560232451_untitled-1-300x200.jpg",300,200,true],"large":["https:\/\/arantv.az\/wp-content\/uploads\/2019\/11\/1560232451_untitled-1.jpg",600,400,false],"1536x1536":["https:\/\/arantv.az\/wp-content\/uploads\/2019\/11\/1560232451_untitled-1.jpg",600,400,false],"2048x2048":["https:\/\/arantv.az\/wp-content\/uploads\/2019\/11\/1560232451_untitled-1.jpg",600,400,false],"post-thumbnail":["https:\/\/arantv.az\/wp-content\/uploads\/2019\/11\/1560232451_untitled-1-240x172.jpg",240,172,true],"advps-thumb-one":["https:\/\/arantv.az\/wp-content\/uploads\/2019\/11\/1560232451_untitled-1.jpg",600,400,false]},"rttpg_author":{"display_name":"V\u00fcsal Rafiqo\u011flu","author_link":"https:\/\/arantv.az\/?author=2"},"rttpg_comment":0,"rttpg_category":"<a href=\"https:\/\/arantv.az\/?cat=5\" rel=\"category\">Hadis\u0259<\/a>","rttpg_excerpt":"Ali M\u0259hk\u0259m\u0259d\u0259 d\u0259l\u0259duzluq v\u0259 r\u00fc\u015fv\u0259t verm\u0259y\u0259 t\u0259hrik etm\u0259kd\u0259 t\u0259qsirl\u0259ndiril\u0259n Bak\u0131 \u015e\u0259h\u0259r Prokurorlu\u011funun T\u0259\u015fkilat-analitik \u015f\u00f6b\u0259sinin b\u00f6y\u00fck m\u00fct\u0259x\u0259ssisi-d\u0259ft\u0259rxanan\u0131n sabiq m\u00fcdiri El\u00e7in Qurbanovun kassasiya \u015fikay\u0259ti \u00fczr\u0259 iclas ke\u00e7irilib. ARANTV.AZ\u00a0 x\u0259b\u0259r verir ki, hakim \u018fli Seyf\u0259liyevin s\u0259drliyi il\u0259 ke\u00e7iril\u0259n prosesd\u0259 q\u0259rar elan olunub. Qeyd edilib ki, E.Qurbanov kassasiya \u015fikay\u0259tinin geri g\u00f6t\u00fcr\u00fclm\u0259si il\u0259 ba\u011fl\u0131 m\u0259hk\u0259m\u0259y\u0259 m\u00fcraci\u0259t edib. Ali M\u0259hk\u0259m\u0259 onun&hellip;","_links":{"self":[{"href":"https:\/\/arantv.az\/index.php?rest_route=\/wp\/v2\/posts\/92784"}],"collection":[{"href":"https:\/\/arantv.az\/index.php?rest_route=\/wp\/v2\/posts"}],"about":[{"href":"https:\/\/arantv.az\/index.php?rest_route=\/wp\/v2\/types\/post"}],"author":[{"embeddable":true,"href":"https:\/\/arantv.az\/index.php?rest_route=\/wp\/v2\/users\/2"}],"replies":[{"embeddable":true,"href":"https:\/\/arantv.az\/index.php?rest_route=%2Fwp%2Fv2%2Fcomments&post=92784"}],"version-history":[{"count":0,"href":"https:\/\/arantv.az\/index.php?rest_route=\/wp\/v2\/posts\/92784\/revisions"}],"wp:featuredmedia":[{"embeddable":true,"href":"https:\/\/arantv.az\/index.php?rest_route=\/wp\/v2\/media\/92785"}],"wp:attachment":[{"href":"https:\/\/arantv.az\/index.php?rest_route=%2Fwp%2Fv2%2Fmedia&parent=92784"}],"wp:term":[{"taxonomy":"category","embeddable":true,"href":"https:\/\/arantv.az\/index.php?rest_route=%2Fwp%2Fv2%2Fcategories&post=92784"},{"taxonomy":"post_tag","embeddable":true,"href":"https:\/\/arantv.az\/index.php?rest_route=%2Fwp%2Fv2%2Ftags&post=92784"}],"curies":[{"name":"wp","href":"https:\/\/api.w.org\/{rel}","templated":true}]}}