{"id":92796,"date":"2019-11-05T11:25:46","date_gmt":"2019-11-05T08:25:46","guid":{"rendered":"http:\/\/arantv.az\/?p=92796"},"modified":"2019-11-05T11:25:46","modified_gmt":"2019-11-05T08:25:46","slug":"samir-s%c9%99rifov-2020-ci-ild%c9%99-az%c9%99rbaycanin-dovl%c9%99t-budc%c9%99sind%c9%99-sosial-t%c9%99minatla-bagli-%c9%99h%c9%99miyy%c9%99tli-artim-olacaq","status":"publish","type":"post","link":"https:\/\/arantv.az\/?p=92796","title":{"rendered":"Samir \u015e\u0259rifov: &#8220;2020-ci ild\u0259 Az\u0259rbaycan\u0131n d\u00f6vl\u0259t b\u00fcdc\u0259sind\u0259 sosial t\u0259minatla ba\u011fl\u0131 \u0259h\u0259miyy\u0259tli art\u0131m olacaq&#8221;"},"content":{"rendered":"<blockquote><p><em><strong>\u018fhalinin sosial t\u0259minat\u0131n\u0131n yax\u015f\u0131la\u015fd\u0131r\u0131lmas\u0131 il\u0259 \u0259laq\u0259dar Prezident \u0130lham \u018fliyev t\u0259r\u0259find\u0259n bir s\u0131ra m\u00fch\u00fcm add\u0131mlar at\u0131l\u0131b. Bu i\u015fl\u0259r 2020-ci ild\u0259 d\u0259 davam etdiril\u0259c\u0259k.<\/strong><\/em><\/p><\/blockquote>\n<p><strong>ARANTV.AZ<\/strong>\u00a0<a href=\"https:\/\/az.trend.az\/\" target=\"_blank\" rel=\"noopener\">Trend<\/a>-\u0259 istinad\u0259n x\u0259b\u0259r verir ki, bu s\u00f6zl\u0259ri Maliyy\u0259 naziri Samir \u015e\u0259rifov noyabr\u0131n 5-d\u0259 Milli M\u0259clisd\u0259 2020-ci il d\u00f6vl\u0259t b\u00fcdc\u0259si haqq\u0131nda qanun layih\u0259sinin m\u00fczakir\u0259si zaman\u0131 deyib.<\/p>\n<p>Nazir bildirib ki, n\u00f6vb\u0259ti ild\u0259 b\u00fcdc\u0259d\u0259 sosial t\u0259minatla ba\u011fl\u0131 \u0259h\u0259miyy\u0259tli art\u0131m olacaq. 2020-ci ild\u0259 d\u00f6vl\u0259t b\u00fcdc\u0259sind\u0259n maliyy\u0259l\u0259\u015f\u0259n t\u0259\u015fkilatlar da daxil olmaqla, \u0259m\u0259khaqlar\u0131n\u0131n art\u0131m\u0131 g\u00f6zl\u0259nilir.<\/p>\n","protected":false},"excerpt":{"rendered":"<p>\u018fhalinin sosial t\u0259minat\u0131n\u0131n yax\u015f\u0131la\u015fd\u0131r\u0131lmas\u0131 il\u0259 \u0259laq\u0259dar Prezident \u0130lham \u018fliyev t\u0259r\u0259find\u0259n bir s\u0131ra m\u00fch\u00fcm add\u0131mlar at\u0131l\u0131b. Bu i\u015fl\u0259r 2020-ci ild\u0259 d\u0259 davam etdiril\u0259c\u0259k. ARANTV.AZ\u00a0Trend-\u0259 istinad\u0259n x\u0259b\u0259r verir ki, bu s\u00f6zl\u0259ri Maliyy\u0259 naziri Samir \u015e\u0259rifov noyabr\u0131n 5-d\u0259 Milli M\u0259clisd\u0259 2020-ci il d\u00f6vl\u0259t b\u00fcdc\u0259si haqq\u0131nda qanun layih\u0259sinin m\u00fczakir\u0259si zaman\u0131 deyib. Nazir bildirib ki, n\u00f6vb\u0259ti ild\u0259 b\u00fcdc\u0259d\u0259 sosial t\u0259minatla ba\u011fl\u0131 \u0259h\u0259miyy\u0259tli art\u0131m olacaq. 2020-ci ild\u0259 d\u00f6vl\u0259t b\u00fcdc\u0259sind\u0259n maliyy\u0259l\u0259\u015f\u0259n t\u0259\u015fkilatlar da daxil olmaqla, \u0259m\u0259khaqlar\u0131n\u0131n art\u0131m\u0131 g\u00f6zl\u0259nilir.<\/p>\n","protected":false},"author":2,"featured_media":92797,"comment_status":"closed","ping_status":"closed","sticky":false,"template":"","format":"standard","meta":{"om_disable_all_campaigns":false,"_monsterinsights_skip_tracking":false,"_monsterinsights_sitenote_active":false,"_monsterinsights_sitenote_note":"","_monsterinsights_sitenote_category":0},"categories":[1],"tags":[],"aioseo_notices":[],"gutentor_comment":0,"rttpg_featured_image_url":{"full":["https:\/\/arantv.az\/wp-content\/uploads\/2019\/11\/799814.jpg",800,600,false],"landscape":["https:\/\/arantv.az\/wp-content\/uploads\/2019\/11\/799814.jpg",800,600,false],"portraits":["https:\/\/arantv.az\/wp-content\/uploads\/2019\/11\/799814.jpg",800,600,false],"thumbnail":["https:\/\/arantv.az\/wp-content\/uploads\/2019\/11\/799814-150x150.jpg",150,150,true],"medium":["https:\/\/arantv.az\/wp-content\/uploads\/2019\/11\/799814-300x225.jpg",300,225,true],"large":["https:\/\/arantv.az\/wp-content\/uploads\/2019\/11\/799814.jpg",640,480,false],"1536x1536":["https:\/\/arantv.az\/wp-content\/uploads\/2019\/11\/799814.jpg",800,600,false],"2048x2048":["https:\/\/arantv.az\/wp-content\/uploads\/2019\/11\/799814.jpg",800,600,false],"post-thumbnail":["https:\/\/arantv.az\/wp-content\/uploads\/2019\/11\/799814-240x172.jpg",240,172,true],"advps-thumb-one":["https:\/\/arantv.az\/wp-content\/uploads\/2019\/11\/799814.jpg",800,600,false]},"rttpg_author":{"display_name":"V\u00fcsal Rafiqo\u011flu","author_link":"https:\/\/arantv.az\/?author=2"},"rttpg_comment":0,"rttpg_category":"<a href=\"https:\/\/arantv.az\/?cat=1\" rel=\"category\">C\u0259miyy\u0259t<\/a>","rttpg_excerpt":"\u018fhalinin sosial t\u0259minat\u0131n\u0131n yax\u015f\u0131la\u015fd\u0131r\u0131lmas\u0131 il\u0259 \u0259laq\u0259dar Prezident \u0130lham \u018fliyev t\u0259r\u0259find\u0259n bir s\u0131ra m\u00fch\u00fcm add\u0131mlar at\u0131l\u0131b. Bu i\u015fl\u0259r 2020-ci ild\u0259 d\u0259 davam etdiril\u0259c\u0259k. ARANTV.AZ\u00a0Trend-\u0259 istinad\u0259n x\u0259b\u0259r verir ki, bu s\u00f6zl\u0259ri Maliyy\u0259 naziri Samir \u015e\u0259rifov noyabr\u0131n 5-d\u0259 Milli M\u0259clisd\u0259 2020-ci il d\u00f6vl\u0259t b\u00fcdc\u0259si haqq\u0131nda qanun layih\u0259sinin m\u00fczakir\u0259si zaman\u0131 deyib. Nazir bildirib ki, n\u00f6vb\u0259ti ild\u0259 b\u00fcdc\u0259d\u0259 sosial t\u0259minatla&hellip;","_links":{"self":[{"href":"https:\/\/arantv.az\/index.php?rest_route=\/wp\/v2\/posts\/92796"}],"collection":[{"href":"https:\/\/arantv.az\/index.php?rest_route=\/wp\/v2\/posts"}],"about":[{"href":"https:\/\/arantv.az\/index.php?rest_route=\/wp\/v2\/types\/post"}],"author":[{"embeddable":true,"href":"https:\/\/arantv.az\/index.php?rest_route=\/wp\/v2\/users\/2"}],"replies":[{"embeddable":true,"href":"https:\/\/arantv.az\/index.php?rest_route=%2Fwp%2Fv2%2Fcomments&post=92796"}],"version-history":[{"count":0,"href":"https:\/\/arantv.az\/index.php?rest_route=\/wp\/v2\/posts\/92796\/revisions"}],"wp:featuredmedia":[{"embeddable":true,"href":"https:\/\/arantv.az\/index.php?rest_route=\/wp\/v2\/media\/92797"}],"wp:attachment":[{"href":"https:\/\/arantv.az\/index.php?rest_route=%2Fwp%2Fv2%2Fmedia&parent=92796"}],"wp:term":[{"taxonomy":"category","embeddable":true,"href":"https:\/\/arantv.az\/index.php?rest_route=%2Fwp%2Fv2%2Fcategories&post=92796"},{"taxonomy":"post_tag","embeddable":true,"href":"https:\/\/arantv.az\/index.php?rest_route=%2Fwp%2Fv2%2Ftags&post=92796"}],"curies":[{"name":"wp","href":"https:\/\/api.w.org\/{rel}","templated":true}]}}