{"id":92801,"date":"2019-11-05T11:26:37","date_gmt":"2019-11-05T08:26:37","guid":{"rendered":"http:\/\/arantv.az\/?p=92801"},"modified":"2019-11-05T11:26:37","modified_gmt":"2019-11-05T08:26:37","slug":"yeni-icra-bascisi-m%c9%99mm%c9%99dovu-isd%c9%99n-cixardi","status":"publish","type":"post","link":"https:\/\/arantv.az\/?p=92801","title":{"rendered":"Yeni icra ba\u015f\u00e7\u0131s\u0131 M\u0259mm\u0259dovu \u0130\u015eD\u018fN \u00c7IXARDI"},"content":{"rendered":"<p><strong>A\u011fsu Rayon \u0130cra Hakimiyy\u0259tinin ba\u015f\u00e7\u0131s\u0131 Vahid Ta\u011f\u0131yev icra n\u00fcmay\u0259nd\u0259sini i\u015fd\u0259n \u00e7\u0131xar\u0131b.<\/strong><\/p>\n<p><strong>ARANTV.AZ<\/strong> unikal.org-a istinad\u0259n x\u0259b\u0259r verir ki, Vahid Ta\u011f\u0131yevin \u0259mri il\u0259, A\u011fsu \u015f\u0259h\u0259r inzibati \u0259razi dair\u0259si \u00fczr\u0259 n\u00fcmay\u0259nd\u0259si Nizami M\u0259mm\u0259dovu tutdu\u011fu v\u0259zif\u0259d\u0259n azad edib. Onun yerin\u0259 h\u0259l\u0259lik t\u0259yinat yoxdur.<\/p>\n<p>X\u0259b\u0259ri A\u011fsu Rayon \u0130cra Hakimiyy\u0259tind\u0259n s\u00f6z\u00fcged\u0259n sayta t\u0259sdiql\u0259yibl\u0259r.<\/p>\n<p>Qeyd ed\u0259k ki, Vahid Ta\u011f\u0131yev 30.09.2019-cu ild\u0259n Az\u0259rbaycan Respublikas\u0131 Prezidentinin s\u0259r\u0259ncam\u0131 il\u0259 A\u011fsu Rayon \u0130cra Hakimiyy\u0259tinin ba\u015f\u00e7\u0131s\u0131 t\u0259yin edilib.<\/p>\n","protected":false},"excerpt":{"rendered":"<p>A\u011fsu Rayon \u0130cra Hakimiyy\u0259tinin ba\u015f\u00e7\u0131s\u0131 Vahid Ta\u011f\u0131yev icra n\u00fcmay\u0259nd\u0259sini i\u015fd\u0259n \u00e7\u0131xar\u0131b. ARANTV.AZ unikal.org-a istinad\u0259n x\u0259b\u0259r verir ki, Vahid Ta\u011f\u0131yevin \u0259mri il\u0259, A\u011fsu \u015f\u0259h\u0259r inzibati \u0259razi dair\u0259si \u00fczr\u0259 n\u00fcmay\u0259nd\u0259si Nizami M\u0259mm\u0259dovu tutdu\u011fu v\u0259zif\u0259d\u0259n azad edib. Onun yerin\u0259 h\u0259l\u0259lik t\u0259yinat yoxdur. X\u0259b\u0259ri A\u011fsu Rayon \u0130cra Hakimiyy\u0259tind\u0259n s\u00f6z\u00fcged\u0259n sayta t\u0259sdiql\u0259yibl\u0259r. Qeyd ed\u0259k ki, Vahid Ta\u011f\u0131yev 30.09.2019-cu ild\u0259n Az\u0259rbaycan Respublikas\u0131 Prezidentinin s\u0259r\u0259ncam\u0131 il\u0259 A\u011fsu Rayon \u0130cra Hakimiyy\u0259tinin ba\u015f\u00e7\u0131s\u0131 t\u0259yin edilib.<\/p>\n","protected":false},"author":2,"featured_media":92802,"comment_status":"closed","ping_status":"closed","sticky":false,"template":"","format":"standard","meta":{"om_disable_all_campaigns":false,"_monsterinsights_skip_tracking":false,"_monsterinsights_sitenote_active":false,"_monsterinsights_sitenote_note":"","_monsterinsights_sitenote_category":0},"categories":[1],"tags":[],"aioseo_notices":[],"gutentor_comment":0,"rttpg_featured_image_url":{"full":["https:\/\/arantv.az\/wp-content\/uploads\/2019\/11\/799775.jpg",800,600,false],"landscape":["https:\/\/arantv.az\/wp-content\/uploads\/2019\/11\/799775.jpg",800,600,false],"portraits":["https:\/\/arantv.az\/wp-content\/uploads\/2019\/11\/799775.jpg",800,600,false],"thumbnail":["https:\/\/arantv.az\/wp-content\/uploads\/2019\/11\/799775-150x150.jpg",150,150,true],"medium":["https:\/\/arantv.az\/wp-content\/uploads\/2019\/11\/799775-300x225.jpg",300,225,true],"large":["https:\/\/arantv.az\/wp-content\/uploads\/2019\/11\/799775.jpg",640,480,false],"1536x1536":["https:\/\/arantv.az\/wp-content\/uploads\/2019\/11\/799775.jpg",800,600,false],"2048x2048":["https:\/\/arantv.az\/wp-content\/uploads\/2019\/11\/799775.jpg",800,600,false],"post-thumbnail":["https:\/\/arantv.az\/wp-content\/uploads\/2019\/11\/799775-240x172.jpg",240,172,true],"advps-thumb-one":["https:\/\/arantv.az\/wp-content\/uploads\/2019\/11\/799775.jpg",800,600,false]},"rttpg_author":{"display_name":"V\u00fcsal Rafiqo\u011flu","author_link":"https:\/\/arantv.az\/?author=2"},"rttpg_comment":0,"rttpg_category":"<a href=\"https:\/\/arantv.az\/?cat=1\" rel=\"category\">C\u0259miyy\u0259t<\/a>","rttpg_excerpt":"A\u011fsu Rayon \u0130cra Hakimiyy\u0259tinin ba\u015f\u00e7\u0131s\u0131 Vahid Ta\u011f\u0131yev icra n\u00fcmay\u0259nd\u0259sini i\u015fd\u0259n \u00e7\u0131xar\u0131b. ARANTV.AZ unikal.org-a istinad\u0259n x\u0259b\u0259r verir ki, Vahid Ta\u011f\u0131yevin \u0259mri il\u0259, A\u011fsu \u015f\u0259h\u0259r inzibati \u0259razi dair\u0259si \u00fczr\u0259 n\u00fcmay\u0259nd\u0259si Nizami M\u0259mm\u0259dovu tutdu\u011fu v\u0259zif\u0259d\u0259n azad edib. Onun yerin\u0259 h\u0259l\u0259lik t\u0259yinat yoxdur. X\u0259b\u0259ri A\u011fsu Rayon \u0130cra Hakimiyy\u0259tind\u0259n s\u00f6z\u00fcged\u0259n sayta t\u0259sdiql\u0259yibl\u0259r. Qeyd ed\u0259k ki, Vahid Ta\u011f\u0131yev 30.09.2019-cu ild\u0259n Az\u0259rbaycan&hellip;","_links":{"self":[{"href":"https:\/\/arantv.az\/index.php?rest_route=\/wp\/v2\/posts\/92801"}],"collection":[{"href":"https:\/\/arantv.az\/index.php?rest_route=\/wp\/v2\/posts"}],"about":[{"href":"https:\/\/arantv.az\/index.php?rest_route=\/wp\/v2\/types\/post"}],"author":[{"embeddable":true,"href":"https:\/\/arantv.az\/index.php?rest_route=\/wp\/v2\/users\/2"}],"replies":[{"embeddable":true,"href":"https:\/\/arantv.az\/index.php?rest_route=%2Fwp%2Fv2%2Fcomments&post=92801"}],"version-history":[{"count":0,"href":"https:\/\/arantv.az\/index.php?rest_route=\/wp\/v2\/posts\/92801\/revisions"}],"wp:featuredmedia":[{"embeddable":true,"href":"https:\/\/arantv.az\/index.php?rest_route=\/wp\/v2\/media\/92802"}],"wp:attachment":[{"href":"https:\/\/arantv.az\/index.php?rest_route=%2Fwp%2Fv2%2Fmedia&parent=92801"}],"wp:term":[{"taxonomy":"category","embeddable":true,"href":"https:\/\/arantv.az\/index.php?rest_route=%2Fwp%2Fv2%2Fcategories&post=92801"},{"taxonomy":"post_tag","embeddable":true,"href":"https:\/\/arantv.az\/index.php?rest_route=%2Fwp%2Fv2%2Ftags&post=92801"}],"curies":[{"name":"wp","href":"https:\/\/api.w.org\/{rel}","templated":true}]}}