{"id":92805,"date":"2019-11-05T11:28:05","date_gmt":"2019-11-05T08:28:05","guid":{"rendered":"http:\/\/arantv.az\/?p=92805"},"modified":"2019-11-05T11:28:05","modified_gmt":"2019-11-05T08:28:05","slug":"az%c9%99rbaycanda-musahid%c9%99-olunan-faktiki-hava","status":"publish","type":"post","link":"https:\/\/arantv.az\/?p=92805","title":{"rendered":"Az\u0259rbaycanda m\u00fc\u015fahid\u0259 olunan FAKT\u0130K\u0130 HAVA"},"content":{"rendered":"<p>Az\u0259rbaycanda m\u00fc\u015fahid\u0259 olunan faktiki v\u0259 g\u00f6zl\u0259nil\u0259n hava a\u00e7\u0131qlan\u0131b.<\/p>\n<p>Ekologiya v\u0259 T\u0259bii S\u0259rv\u0259tl\u0259r Nazirliyinin Milli Hidrometeorologiya Departamentind\u0259n\u00a0<b>ARANTV.AZ<\/b>-a veril\u0259n m\u0259lumata \u0259sas\u0259n, noyabr\u0131n 4-\u00fc g\u00fcn \u0259rzind\u0259, 5-i s\u0259h\u0259r\u0259d\u0259k \u0259ks\u0259r rayonlarda hava \u015f\u0259raiti \u0259sas\u0259n ya\u011fmursuz ke\u00e7ib, lakin L\u0259nk\u0259ran-Astara zonas\u0131nda, Bak\u0131da v\u0259 Ab\u015feron yar\u0131madas\u0131nda ya\u011f\u0131\u015f ya\u011f\u0131b.<\/p>\n<div><\/div>\n<p>Noyabr\u0131n 5-d\u0259 Bak\u0131da v\u0259 Ab\u015feron yar\u0131madas\u0131nda arabir ya\u011f\u0131\u015f ya\u011faca\u011f\u0131, g\u00fcn\u00fcn ikinci yar\u0131s\u0131nda havan\u0131n d\u0259yi\u015fk\u0259n buludlu olaca\u011f\u0131, \u0259sas\u0259n ya\u011fmursuz ke\u00e7\u0259c\u0259yi g\u00f6zl\u0259nilir. M\u00fclayim c\u0259nub-q\u0259rb k\u00fcl\u0259yi \u0259s\u0259c\u0259k, arabir g\u00fccl\u0259n\u0259c\u0259k.<\/p>\n<p>Noyabr\u0131n 6-da \u00f6lk\u0259 \u0259razisind\u0259 hava \u015f\u0259raitinin d\u0259yi\u015fk\u0259n buludlu olaca\u011f\u0131, \u0259sas\u0259n ya\u011fmursuz ke\u00e7\u0259c\u0259yi g\u00f6zl\u0259nilir. S\u0259h\u0259r saatlar\u0131nda b\u0259zi yerl\u0259rd\u0259 z\u0259if duman olacaq. Q\u0259rb k\u00fcl\u0259yi \u00fcst\u00fcnl\u00fck t\u0259\u015fkil ed\u0259c\u0259k.<\/p>\n","protected":false},"excerpt":{"rendered":"<p>Az\u0259rbaycanda m\u00fc\u015fahid\u0259 olunan faktiki v\u0259 g\u00f6zl\u0259nil\u0259n hava a\u00e7\u0131qlan\u0131b. Ekologiya v\u0259 T\u0259bii S\u0259rv\u0259tl\u0259r Nazirliyinin Milli Hidrometeorologiya Departamentind\u0259n\u00a0ARANTV.AZ-a veril\u0259n m\u0259lumata \u0259sas\u0259n, noyabr\u0131n 4-\u00fc g\u00fcn \u0259rzind\u0259, 5-i s\u0259h\u0259r\u0259d\u0259k \u0259ks\u0259r rayonlarda hava \u015f\u0259raiti \u0259sas\u0259n ya\u011fmursuz ke\u00e7ib, lakin L\u0259nk\u0259ran-Astara zonas\u0131nda, Bak\u0131da v\u0259 Ab\u015feron yar\u0131madas\u0131nda ya\u011f\u0131\u015f ya\u011f\u0131b. Noyabr\u0131n 5-d\u0259 Bak\u0131da v\u0259 Ab\u015feron yar\u0131madas\u0131nda arabir ya\u011f\u0131\u015f ya\u011faca\u011f\u0131, g\u00fcn\u00fcn ikinci yar\u0131s\u0131nda havan\u0131n d\u0259yi\u015fk\u0259n buludlu olaca\u011f\u0131, \u0259sas\u0259n ya\u011fmursuz ke\u00e7\u0259c\u0259yi g\u00f6zl\u0259nilir. M\u00fclayim c\u0259nub-q\u0259rb k\u00fcl\u0259yi \u0259s\u0259c\u0259k, arabir g\u00fccl\u0259n\u0259c\u0259k. Noyabr\u0131n 6-da \u00f6lk\u0259 \u0259razisind\u0259 hava \u015f\u0259raitinin d\u0259yi\u015fk\u0259n buludlu olaca\u011f\u0131, \u0259sas\u0259n ya\u011fmursuz ke\u00e7\u0259c\u0259yi g\u00f6zl\u0259nilir. S\u0259h\u0259r saatlar\u0131nda b\u0259zi yerl\u0259rd\u0259 z\u0259if duman olacaq. Q\u0259rb k\u00fcl\u0259yi \u00fcst\u00fcnl\u00fck&hellip;<\/p>\n","protected":false},"author":2,"featured_media":92806,"comment_status":"closed","ping_status":"closed","sticky":false,"template":"","format":"standard","meta":{"om_disable_all_campaigns":false,"_monsterinsights_skip_tracking":false,"_monsterinsights_sitenote_active":false,"_monsterinsights_sitenote_note":"","_monsterinsights_sitenote_category":0},"categories":[1],"tags":[],"aioseo_notices":[],"gutentor_comment":0,"rttpg_featured_image_url":{"full":["https:\/\/arantv.az\/wp-content\/uploads\/2019\/11\/1572941135_2017-03-16-12-42-24yagishli_hava_zontik_541.jpg",549,412,false],"landscape":["https:\/\/arantv.az\/wp-content\/uploads\/2019\/11\/1572941135_2017-03-16-12-42-24yagishli_hava_zontik_541.jpg",549,412,false],"portraits":["https:\/\/arantv.az\/wp-content\/uploads\/2019\/11\/1572941135_2017-03-16-12-42-24yagishli_hava_zontik_541.jpg",549,412,false],"thumbnail":["https:\/\/arantv.az\/wp-content\/uploads\/2019\/11\/1572941135_2017-03-16-12-42-24yagishli_hava_zontik_541-150x150.jpg",150,150,true],"medium":["https:\/\/arantv.az\/wp-content\/uploads\/2019\/11\/1572941135_2017-03-16-12-42-24yagishli_hava_zontik_541-300x225.jpg",300,225,true],"large":["https:\/\/arantv.az\/wp-content\/uploads\/2019\/11\/1572941135_2017-03-16-12-42-24yagishli_hava_zontik_541.jpg",549,412,false],"1536x1536":["https:\/\/arantv.az\/wp-content\/uploads\/2019\/11\/1572941135_2017-03-16-12-42-24yagishli_hava_zontik_541.jpg",549,412,false],"2048x2048":["https:\/\/arantv.az\/wp-content\/uploads\/2019\/11\/1572941135_2017-03-16-12-42-24yagishli_hava_zontik_541.jpg",549,412,false],"post-thumbnail":["https:\/\/arantv.az\/wp-content\/uploads\/2019\/11\/1572941135_2017-03-16-12-42-24yagishli_hava_zontik_541-240x172.jpg",240,172,true],"advps-thumb-one":["https:\/\/arantv.az\/wp-content\/uploads\/2019\/11\/1572941135_2017-03-16-12-42-24yagishli_hava_zontik_541.jpg",549,412,false]},"rttpg_author":{"display_name":"V\u00fcsal Rafiqo\u011flu","author_link":"https:\/\/arantv.az\/?author=2"},"rttpg_comment":0,"rttpg_category":"<a href=\"https:\/\/arantv.az\/?cat=1\" rel=\"category\">C\u0259miyy\u0259t<\/a>","rttpg_excerpt":"Az\u0259rbaycanda m\u00fc\u015fahid\u0259 olunan faktiki v\u0259 g\u00f6zl\u0259nil\u0259n hava a\u00e7\u0131qlan\u0131b. Ekologiya v\u0259 T\u0259bii S\u0259rv\u0259tl\u0259r Nazirliyinin Milli Hidrometeorologiya Departamentind\u0259n\u00a0ARANTV.AZ-a veril\u0259n m\u0259lumata \u0259sas\u0259n, noyabr\u0131n 4-\u00fc g\u00fcn \u0259rzind\u0259, 5-i s\u0259h\u0259r\u0259d\u0259k \u0259ks\u0259r rayonlarda hava \u015f\u0259raiti \u0259sas\u0259n ya\u011fmursuz ke\u00e7ib, lakin L\u0259nk\u0259ran-Astara zonas\u0131nda, Bak\u0131da v\u0259 Ab\u015feron yar\u0131madas\u0131nda ya\u011f\u0131\u015f ya\u011f\u0131b. Noyabr\u0131n 5-d\u0259 Bak\u0131da v\u0259 Ab\u015feron yar\u0131madas\u0131nda arabir ya\u011f\u0131\u015f ya\u011faca\u011f\u0131, g\u00fcn\u00fcn ikinci yar\u0131s\u0131nda havan\u0131n d\u0259yi\u015fk\u0259n&hellip;","_links":{"self":[{"href":"https:\/\/arantv.az\/index.php?rest_route=\/wp\/v2\/posts\/92805"}],"collection":[{"href":"https:\/\/arantv.az\/index.php?rest_route=\/wp\/v2\/posts"}],"about":[{"href":"https:\/\/arantv.az\/index.php?rest_route=\/wp\/v2\/types\/post"}],"author":[{"embeddable":true,"href":"https:\/\/arantv.az\/index.php?rest_route=\/wp\/v2\/users\/2"}],"replies":[{"embeddable":true,"href":"https:\/\/arantv.az\/index.php?rest_route=%2Fwp%2Fv2%2Fcomments&post=92805"}],"version-history":[{"count":0,"href":"https:\/\/arantv.az\/index.php?rest_route=\/wp\/v2\/posts\/92805\/revisions"}],"wp:featuredmedia":[{"embeddable":true,"href":"https:\/\/arantv.az\/index.php?rest_route=\/wp\/v2\/media\/92806"}],"wp:attachment":[{"href":"https:\/\/arantv.az\/index.php?rest_route=%2Fwp%2Fv2%2Fmedia&parent=92805"}],"wp:term":[{"taxonomy":"category","embeddable":true,"href":"https:\/\/arantv.az\/index.php?rest_route=%2Fwp%2Fv2%2Fcategories&post=92805"},{"taxonomy":"post_tag","embeddable":true,"href":"https:\/\/arantv.az\/index.php?rest_route=%2Fwp%2Fv2%2Ftags&post=92805"}],"curies":[{"name":"wp","href":"https:\/\/api.w.org\/{rel}","templated":true}]}}