{"id":92869,"date":"2019-11-05T13:30:39","date_gmt":"2019-11-05T10:30:39","guid":{"rendered":"http:\/\/arantv.az\/?p=92869"},"modified":"2019-11-05T13:30:39","modified_gmt":"2019-11-05T10:30:39","slug":"2020-ci-ild%c9%99-%c9%99haliy%c9%99-od%c9%99nisl%c9%99rin-m%c9%99bl%c9%99gind%c9%99-artim-gozl%c9%99nilir","status":"publish","type":"post","link":"https:\/\/arantv.az\/?p=92869","title":{"rendered":"&#8220;2020-ci ild\u0259 \u0259haliy\u0259 \u00f6d\u0259ni\u015fl\u0259rin m\u0259bl\u0259\u011find\u0259 art\u0131m g\u00f6zl\u0259nilir&#8221;"},"content":{"rendered":"<blockquote><p><em><strong>G\u00f6r\u00fcl\u0259n i\u015fl\u0259r n\u0259tic\u0259sind\u0259 \u00f6lk\u0259mizd\u0259 bu ilin 10 ay\u0131 \u0259rzind\u0259 \u0259m\u0259khaqq\u0131 fondu \u0259h\u0259miyy\u0259tli d\u0259r\u0259c\u0259d\u0259 art\u0131b. Prezident \u0130lham \u018fliyevin qeyd etdiyi kimi, Az\u0259rbaycan sosialy\u00f6n\u00fcml\u00fc d\u00f6vl\u0259tdir. D\u00f6vl\u0259timizin ba\u015f\u00e7\u0131s\u0131n\u0131n r\u0259hb\u0259rliyi il\u0259 h\u0259yata ke\u00e7iril\u0259n t\u0259dbirl\u0259rin m\u0259rk\u0259zind\u0259 v\u0259t\u0259nda\u015flar\u0131m\u0131z\u0131n sosial rifah\u0131 durur.<\/strong><\/em><\/p><\/blockquote>\n<p><strong>ARANTV.AZ<\/strong>\u00a0\u00a0<a href=\"https:\/\/az.trend.az\/\" target=\"_blank\" rel=\"noopener\">Trend<\/a>-\u0259 istinad\u0259n x\u0259b\u0259r verir ki, bu fikirl\u0259ri \u018fm\u0259k v\u0259 \u018fhalinin Sosial M\u00fcdafi\u0259si naziri Sahil Babayev noyabr\u0131n 5-d\u0259 Milli M\u0259clisd\u0259 2020-ci ilin d\u00f6vl\u0259t b\u00fcdc\u0259si haqq\u0131nda qanun layih\u0259sinin m\u00fczakir\u0259si zaman\u0131 deyib.<\/p>\n<p>Nazir bildirib ki, 2020-ci ild\u0259 \u0259haliy\u0259 \u00f6d\u0259ni\u015fl\u0259rin m\u0259bl\u0259\u011find\u0259 art\u0131m g\u00f6zl\u0259nilir. Bu \u00f6d\u0259ni\u015fl\u0259r, dem\u0259k olar ki, h\u0259r il art\u0131r\u0131l\u0131r.<\/p>\n<p>G\u0259l\u0259n il \u00f6z\u00fcn\u00fcm\u0259\u015f\u011fulluq proqram\u0131n\u0131n daha da geni\u015fl\u0259ndirilm\u0259si n\u0259z\u0259rd\u0259 tutulur.<\/p>\n","protected":false},"excerpt":{"rendered":"<p>G\u00f6r\u00fcl\u0259n i\u015fl\u0259r n\u0259tic\u0259sind\u0259 \u00f6lk\u0259mizd\u0259 bu ilin 10 ay\u0131 \u0259rzind\u0259 \u0259m\u0259khaqq\u0131 fondu \u0259h\u0259miyy\u0259tli d\u0259r\u0259c\u0259d\u0259 art\u0131b. Prezident \u0130lham \u018fliyevin qeyd etdiyi kimi, Az\u0259rbaycan sosialy\u00f6n\u00fcml\u00fc d\u00f6vl\u0259tdir. D\u00f6vl\u0259timizin ba\u015f\u00e7\u0131s\u0131n\u0131n r\u0259hb\u0259rliyi il\u0259 h\u0259yata ke\u00e7iril\u0259n t\u0259dbirl\u0259rin m\u0259rk\u0259zind\u0259 v\u0259t\u0259nda\u015flar\u0131m\u0131z\u0131n sosial rifah\u0131 durur. ARANTV.AZ\u00a0\u00a0Trend-\u0259 istinad\u0259n x\u0259b\u0259r verir ki, bu fikirl\u0259ri \u018fm\u0259k v\u0259 \u018fhalinin Sosial M\u00fcdafi\u0259si naziri Sahil Babayev noyabr\u0131n 5-d\u0259 Milli M\u0259clisd\u0259 2020-ci ilin d\u00f6vl\u0259t b\u00fcdc\u0259si haqq\u0131nda qanun layih\u0259sinin m\u00fczakir\u0259si zaman\u0131 deyib. Nazir bildirib ki, 2020-ci ild\u0259 \u0259haliy\u0259 \u00f6d\u0259ni\u015fl\u0259rin m\u0259bl\u0259\u011find\u0259 art\u0131m g\u00f6zl\u0259nilir. Bu \u00f6d\u0259ni\u015fl\u0259r, dem\u0259k olar ki, h\u0259r il art\u0131r\u0131l\u0131r. G\u0259l\u0259n il \u00f6z\u00fcn\u00fcm\u0259\u015f\u011fulluq proqram\u0131n\u0131n daha da geni\u015fl\u0259ndirilm\u0259si n\u0259z\u0259rd\u0259&hellip;<\/p>\n","protected":false},"author":2,"featured_media":92870,"comment_status":"closed","ping_status":"closed","sticky":false,"template":"","format":"standard","meta":{"om_disable_all_campaigns":false,"_monsterinsights_skip_tracking":false,"_monsterinsights_sitenote_active":false,"_monsterinsights_sitenote_note":"","_monsterinsights_sitenote_category":0},"categories":[1],"tags":[],"aioseo_notices":[],"gutentor_comment":0,"rttpg_featured_image_url":{"full":["https:\/\/arantv.az\/wp-content\/uploads\/2019\/11\/sahil_babayev_27376566.jpg",800,600,false],"landscape":["https:\/\/arantv.az\/wp-content\/uploads\/2019\/11\/sahil_babayev_27376566.jpg",800,600,false],"portraits":["https:\/\/arantv.az\/wp-content\/uploads\/2019\/11\/sahil_babayev_27376566.jpg",800,600,false],"thumbnail":["https:\/\/arantv.az\/wp-content\/uploads\/2019\/11\/sahil_babayev_27376566-150x150.jpg",150,150,true],"medium":["https:\/\/arantv.az\/wp-content\/uploads\/2019\/11\/sahil_babayev_27376566-300x225.jpg",300,225,true],"large":["https:\/\/arantv.az\/wp-content\/uploads\/2019\/11\/sahil_babayev_27376566.jpg",640,480,false],"1536x1536":["https:\/\/arantv.az\/wp-content\/uploads\/2019\/11\/sahil_babayev_27376566.jpg",800,600,false],"2048x2048":["https:\/\/arantv.az\/wp-content\/uploads\/2019\/11\/sahil_babayev_27376566.jpg",800,600,false],"post-thumbnail":["https:\/\/arantv.az\/wp-content\/uploads\/2019\/11\/sahil_babayev_27376566-240x172.jpg",240,172,true],"advps-thumb-one":["https:\/\/arantv.az\/wp-content\/uploads\/2019\/11\/sahil_babayev_27376566.jpg",800,600,false]},"rttpg_author":{"display_name":"V\u00fcsal Rafiqo\u011flu","author_link":"https:\/\/arantv.az\/?author=2"},"rttpg_comment":0,"rttpg_category":"<a href=\"https:\/\/arantv.az\/?cat=1\" rel=\"category\">C\u0259miyy\u0259t<\/a>","rttpg_excerpt":"G\u00f6r\u00fcl\u0259n i\u015fl\u0259r n\u0259tic\u0259sind\u0259 \u00f6lk\u0259mizd\u0259 bu ilin 10 ay\u0131 \u0259rzind\u0259 \u0259m\u0259khaqq\u0131 fondu \u0259h\u0259miyy\u0259tli d\u0259r\u0259c\u0259d\u0259 art\u0131b. Prezident \u0130lham \u018fliyevin qeyd etdiyi kimi, Az\u0259rbaycan sosialy\u00f6n\u00fcml\u00fc d\u00f6vl\u0259tdir. D\u00f6vl\u0259timizin ba\u015f\u00e7\u0131s\u0131n\u0131n r\u0259hb\u0259rliyi il\u0259 h\u0259yata ke\u00e7iril\u0259n t\u0259dbirl\u0259rin m\u0259rk\u0259zind\u0259 v\u0259t\u0259nda\u015flar\u0131m\u0131z\u0131n sosial rifah\u0131 durur. ARANTV.AZ\u00a0\u00a0Trend-\u0259 istinad\u0259n x\u0259b\u0259r verir ki, bu fikirl\u0259ri \u018fm\u0259k v\u0259 \u018fhalinin Sosial M\u00fcdafi\u0259si naziri Sahil Babayev noyabr\u0131n 5-d\u0259 Milli M\u0259clisd\u0259 2020-ci&hellip;","_links":{"self":[{"href":"https:\/\/arantv.az\/index.php?rest_route=\/wp\/v2\/posts\/92869"}],"collection":[{"href":"https:\/\/arantv.az\/index.php?rest_route=\/wp\/v2\/posts"}],"about":[{"href":"https:\/\/arantv.az\/index.php?rest_route=\/wp\/v2\/types\/post"}],"author":[{"embeddable":true,"href":"https:\/\/arantv.az\/index.php?rest_route=\/wp\/v2\/users\/2"}],"replies":[{"embeddable":true,"href":"https:\/\/arantv.az\/index.php?rest_route=%2Fwp%2Fv2%2Fcomments&post=92869"}],"version-history":[{"count":0,"href":"https:\/\/arantv.az\/index.php?rest_route=\/wp\/v2\/posts\/92869\/revisions"}],"wp:featuredmedia":[{"embeddable":true,"href":"https:\/\/arantv.az\/index.php?rest_route=\/wp\/v2\/media\/92870"}],"wp:attachment":[{"href":"https:\/\/arantv.az\/index.php?rest_route=%2Fwp%2Fv2%2Fmedia&parent=92869"}],"wp:term":[{"taxonomy":"category","embeddable":true,"href":"https:\/\/arantv.az\/index.php?rest_route=%2Fwp%2Fv2%2Fcategories&post=92869"},{"taxonomy":"post_tag","embeddable":true,"href":"https:\/\/arantv.az\/index.php?rest_route=%2Fwp%2Fv2%2Ftags&post=92869"}],"curies":[{"name":"wp","href":"https:\/\/api.w.org\/{rel}","templated":true}]}}