{"id":92873,"date":"2019-11-05T13:31:30","date_gmt":"2019-11-05T10:31:30","guid":{"rendered":"http:\/\/arantv.az\/?p=92873"},"modified":"2019-11-05T13:31:30","modified_gmt":"2019-11-05T10:31:30","slug":"2020-ci-ild%c9%99-manatin-m%c9%99z%c9%99nn%c9%99si-nec%c9%99-olacaq-elman-rust%c9%99mov-aydinliq-g%c9%99tirdi","status":"publish","type":"post","link":"https:\/\/arantv.az\/?p=92873","title":{"rendered":"2020-ci ild\u0259 manat\u0131n m\u0259z\u0259nn\u0259si nec\u0259 olacaq? &#8211; Elman R\u00fcst\u0259mov ayd\u0131nl\u0131q g\u0259tirdi"},"content":{"rendered":"<p><strong>Az\u0259rbaycan M\u0259rk\u0259zi Bank\u0131n\u0131n s\u0259dri Elman R\u00fcst\u0259mov 2020-ci ild\u0259 manat\u0131n m\u0259z\u0259nn\u0259sin\u0259 ayd\u0131nl\u0131q g\u0259tirib.<\/strong><\/p>\n<p><strong>ARANTV.AZ<\/strong>\u00a0\u00a0<a href=\"https:\/\/az.trend.az\/\" target=\"_blank\" rel=\"noopener\">Trend<\/a>-\u0259 istinad\u0259n x\u0259b\u0259r verir ki, E.R\u00fcst\u0259mov Milli M\u0259clisd\u0259 2020-ci ilin d\u00f6vl\u0259t b\u00fcdc\u0259si haqq\u0131nda qanun layih\u0259sinin m\u00fczakir\u0259si zaman\u0131 bildirib ki, 2020-ci ild\u0259 qar\u015f\u0131m\u0131zda duran ba\u015fl\u0131ca v\u0259zif\u0259 makroiqtisadi sabitliyin t\u0259min olunmas\u0131d\u0131r.<\/p>\n<p>O qeyd edib ki, n\u00f6vb\u0259ti ild\u0259 d\u0259 qiym\u0259t sabitliyi v\u0259 manat\u0131n m\u0259z\u0259nn\u0259sinin dayan\u0131ql\u0131l\u0131\u011f\u0131 diqq\u0259t m\u0259rk\u0259zind\u0259 olacaq: &#8220;Art\u0131q \u00fc\u00e7\u00fcnc\u00fc ildir ki, manat\u0131n xarici valyutaya nisb\u0259ti sabitdir&#8221;.<\/p>\n","protected":false},"excerpt":{"rendered":"<p>Az\u0259rbaycan M\u0259rk\u0259zi Bank\u0131n\u0131n s\u0259dri Elman R\u00fcst\u0259mov 2020-ci ild\u0259 manat\u0131n m\u0259z\u0259nn\u0259sin\u0259 ayd\u0131nl\u0131q g\u0259tirib. ARANTV.AZ\u00a0\u00a0Trend-\u0259 istinad\u0259n x\u0259b\u0259r verir ki, E.R\u00fcst\u0259mov Milli M\u0259clisd\u0259 2020-ci ilin d\u00f6vl\u0259t b\u00fcdc\u0259si haqq\u0131nda qanun layih\u0259sinin m\u00fczakir\u0259si zaman\u0131 bildirib ki, 2020-ci ild\u0259 qar\u015f\u0131m\u0131zda duran ba\u015fl\u0131ca v\u0259zif\u0259 makroiqtisadi sabitliyin t\u0259min olunmas\u0131d\u0131r. O qeyd edib ki, n\u00f6vb\u0259ti ild\u0259 d\u0259 qiym\u0259t sabitliyi v\u0259 manat\u0131n m\u0259z\u0259nn\u0259sinin dayan\u0131ql\u0131l\u0131\u011f\u0131 diqq\u0259t m\u0259rk\u0259zind\u0259 olacaq: &#8220;Art\u0131q \u00fc\u00e7\u00fcnc\u00fc ildir ki, manat\u0131n xarici valyutaya nisb\u0259ti sabitdir&#8221;.<\/p>\n","protected":false},"author":2,"featured_media":92874,"comment_status":"closed","ping_status":"closed","sticky":false,"template":"","format":"standard","meta":{"om_disable_all_campaigns":false,"_monsterinsights_skip_tracking":false,"_monsterinsights_sitenote_active":false,"_monsterinsights_sitenote_note":"","_monsterinsights_sitenote_category":0},"categories":[1],"tags":[],"aioseo_notices":[],"gutentor_comment":0,"rttpg_featured_image_url":{"full":["https:\/\/arantv.az\/wp-content\/uploads\/2019\/11\/elman_rustemov_012.jpg",800,600,false],"landscape":["https:\/\/arantv.az\/wp-content\/uploads\/2019\/11\/elman_rustemov_012.jpg",800,600,false],"portraits":["https:\/\/arantv.az\/wp-content\/uploads\/2019\/11\/elman_rustemov_012.jpg",800,600,false],"thumbnail":["https:\/\/arantv.az\/wp-content\/uploads\/2019\/11\/elman_rustemov_012-150x150.jpg",150,150,true],"medium":["https:\/\/arantv.az\/wp-content\/uploads\/2019\/11\/elman_rustemov_012-300x225.jpg",300,225,true],"large":["https:\/\/arantv.az\/wp-content\/uploads\/2019\/11\/elman_rustemov_012.jpg",640,480,false],"1536x1536":["https:\/\/arantv.az\/wp-content\/uploads\/2019\/11\/elman_rustemov_012.jpg",800,600,false],"2048x2048":["https:\/\/arantv.az\/wp-content\/uploads\/2019\/11\/elman_rustemov_012.jpg",800,600,false],"post-thumbnail":["https:\/\/arantv.az\/wp-content\/uploads\/2019\/11\/elman_rustemov_012-240x172.jpg",240,172,true],"advps-thumb-one":["https:\/\/arantv.az\/wp-content\/uploads\/2019\/11\/elman_rustemov_012.jpg",800,600,false]},"rttpg_author":{"display_name":"V\u00fcsal Rafiqo\u011flu","author_link":"https:\/\/arantv.az\/?author=2"},"rttpg_comment":0,"rttpg_category":"<a href=\"https:\/\/arantv.az\/?cat=1\" rel=\"category\">C\u0259miyy\u0259t<\/a>","rttpg_excerpt":"Az\u0259rbaycan M\u0259rk\u0259zi Bank\u0131n\u0131n s\u0259dri Elman R\u00fcst\u0259mov 2020-ci ild\u0259 manat\u0131n m\u0259z\u0259nn\u0259sin\u0259 ayd\u0131nl\u0131q g\u0259tirib. ARANTV.AZ\u00a0\u00a0Trend-\u0259 istinad\u0259n x\u0259b\u0259r verir ki, E.R\u00fcst\u0259mov Milli M\u0259clisd\u0259 2020-ci ilin d\u00f6vl\u0259t b\u00fcdc\u0259si haqq\u0131nda qanun layih\u0259sinin m\u00fczakir\u0259si zaman\u0131 bildirib ki, 2020-ci ild\u0259 qar\u015f\u0131m\u0131zda duran ba\u015fl\u0131ca v\u0259zif\u0259 makroiqtisadi sabitliyin t\u0259min olunmas\u0131d\u0131r. O qeyd edib ki, n\u00f6vb\u0259ti ild\u0259 d\u0259 qiym\u0259t sabitliyi v\u0259 manat\u0131n m\u0259z\u0259nn\u0259sinin dayan\u0131ql\u0131l\u0131\u011f\u0131 diqq\u0259t&hellip;","_links":{"self":[{"href":"https:\/\/arantv.az\/index.php?rest_route=\/wp\/v2\/posts\/92873"}],"collection":[{"href":"https:\/\/arantv.az\/index.php?rest_route=\/wp\/v2\/posts"}],"about":[{"href":"https:\/\/arantv.az\/index.php?rest_route=\/wp\/v2\/types\/post"}],"author":[{"embeddable":true,"href":"https:\/\/arantv.az\/index.php?rest_route=\/wp\/v2\/users\/2"}],"replies":[{"embeddable":true,"href":"https:\/\/arantv.az\/index.php?rest_route=%2Fwp%2Fv2%2Fcomments&post=92873"}],"version-history":[{"count":0,"href":"https:\/\/arantv.az\/index.php?rest_route=\/wp\/v2\/posts\/92873\/revisions"}],"wp:featuredmedia":[{"embeddable":true,"href":"https:\/\/arantv.az\/index.php?rest_route=\/wp\/v2\/media\/92874"}],"wp:attachment":[{"href":"https:\/\/arantv.az\/index.php?rest_route=%2Fwp%2Fv2%2Fmedia&parent=92873"}],"wp:term":[{"taxonomy":"category","embeddable":true,"href":"https:\/\/arantv.az\/index.php?rest_route=%2Fwp%2Fv2%2Fcategories&post=92873"},{"taxonomy":"post_tag","embeddable":true,"href":"https:\/\/arantv.az\/index.php?rest_route=%2Fwp%2Fv2%2Ftags&post=92873"}],"curies":[{"name":"wp","href":"https:\/\/api.w.org\/{rel}","templated":true}]}}