{"id":92885,"date":"2019-11-05T13:36:17","date_gmt":"2019-11-05T10:36:17","guid":{"rendered":"http:\/\/arantv.az\/?p=92885"},"modified":"2019-11-05T13:36:17","modified_gmt":"2019-11-05T10:36:17","slug":"bakida-kisi-ozunu-d%c9%99niz%c9%99-atdi-polis-xilas-etdi","status":"publish","type":"post","link":"https:\/\/arantv.az\/?p=92885","title":{"rendered":"Bak\u0131da ki\u015fi \u00f6z\u00fcn\u00fc d\u0259niz\u0259 atd\u0131 \u2013 POL\u0130S X\u0130LAS ETD\u0130"},"content":{"rendered":"<p>Bak\u0131da \u00f6z\u00fcn\u00fc d\u0259niz\u0259 ataraq intihara c\u0259hd ed\u0259n \u015f\u0259xs xilas edilib.<\/p>\n<p><b>ARANTV.AZ\u00a0<\/b>publika.az-a istinad\u0259n x\u0259b\u0259r verir ki, d\u00fcn\u0259n saat 16 rad\u0259l\u0259rind\u0259 X\u0259z\u0259r rayonunun \u015e\u00fcv\u0259lan q\u0259s\u0259b\u0259si \u0259razisind\u0259 d\u0259niz\u0259 gir\u0259n \u015f\u0259xs h\u0259min \u0259razid\u0259 xidm\u0259t aparan \u018flahidd\u0259 \u00c7evik Polis Alay\u0131n\u0131n \u0259m\u0259kda\u015flar\u0131 t\u0259r\u0259find\u0259n sudan \u00e7\u0131xar\u0131l\u0131b.<\/p>\n<div><\/div>\n<p>Ara\u015fd\u0131rmalarla onun Bin\u0259 q\u0259s\u0259b\u0259 sakini \u018f.Hac\u0131yev oldu\u011fu, ail\u0259 m\u00fcnaqi\u015f\u0259si z\u0259minind\u0259 \u00f6z\u00fcn\u00fc d\u0259niz\u0259 atma\u011fa c\u0259hd etm\u0259si m\u00fc\u0259yy\u0259n edilib.<\/p>\n<p>Ara\u015fd\u0131rma apar\u0131l\u0131r.<\/p>\n","protected":false},"excerpt":{"rendered":"<p>Bak\u0131da \u00f6z\u00fcn\u00fc d\u0259niz\u0259 ataraq intihara c\u0259hd ed\u0259n \u015f\u0259xs xilas edilib. ARANTV.AZ\u00a0publika.az-a istinad\u0259n x\u0259b\u0259r verir ki, d\u00fcn\u0259n saat 16 rad\u0259l\u0259rind\u0259 X\u0259z\u0259r rayonunun \u015e\u00fcv\u0259lan q\u0259s\u0259b\u0259si \u0259razisind\u0259 d\u0259niz\u0259 gir\u0259n \u015f\u0259xs h\u0259min \u0259razid\u0259 xidm\u0259t aparan \u018flahidd\u0259 \u00c7evik Polis Alay\u0131n\u0131n \u0259m\u0259kda\u015flar\u0131 t\u0259r\u0259find\u0259n sudan \u00e7\u0131xar\u0131l\u0131b. Ara\u015fd\u0131rmalarla onun Bin\u0259 q\u0259s\u0259b\u0259 sakini \u018f.Hac\u0131yev oldu\u011fu, ail\u0259 m\u00fcnaqi\u015f\u0259si z\u0259minind\u0259 \u00f6z\u00fcn\u00fc d\u0259niz\u0259 atma\u011fa c\u0259hd etm\u0259si m\u00fc\u0259yy\u0259n edilib. Ara\u015fd\u0131rma apar\u0131l\u0131r.<\/p>\n","protected":false},"author":2,"featured_media":92886,"comment_status":"closed","ping_status":"closed","sticky":false,"template":"","format":"standard","meta":{"om_disable_all_campaigns":false,"_monsterinsights_skip_tracking":false,"_monsterinsights_sitenote_active":false,"_monsterinsights_sitenote_note":"","_monsterinsights_sitenote_category":0},"categories":[5],"tags":[],"aioseo_notices":[],"gutentor_comment":0,"rttpg_featured_image_url":{"full":["https:\/\/arantv.az\/wp-content\/uploads\/2019\/11\/1572948152xezer_denizi.jpg",549,309,false],"landscape":["https:\/\/arantv.az\/wp-content\/uploads\/2019\/11\/1572948152xezer_denizi.jpg",549,309,false],"portraits":["https:\/\/arantv.az\/wp-content\/uploads\/2019\/11\/1572948152xezer_denizi.jpg",549,309,false],"thumbnail":["https:\/\/arantv.az\/wp-content\/uploads\/2019\/11\/1572948152xezer_denizi-150x150.jpg",150,150,true],"medium":["https:\/\/arantv.az\/wp-content\/uploads\/2019\/11\/1572948152xezer_denizi-300x169.jpg",300,169,true],"large":["https:\/\/arantv.az\/wp-content\/uploads\/2019\/11\/1572948152xezer_denizi.jpg",549,309,false],"1536x1536":["https:\/\/arantv.az\/wp-content\/uploads\/2019\/11\/1572948152xezer_denizi.jpg",549,309,false],"2048x2048":["https:\/\/arantv.az\/wp-content\/uploads\/2019\/11\/1572948152xezer_denizi.jpg",549,309,false],"post-thumbnail":["https:\/\/arantv.az\/wp-content\/uploads\/2019\/11\/1572948152xezer_denizi-240x172.jpg",240,172,true],"advps-thumb-one":["https:\/\/arantv.az\/wp-content\/uploads\/2019\/11\/1572948152xezer_denizi.jpg",549,309,false]},"rttpg_author":{"display_name":"V\u00fcsal Rafiqo\u011flu","author_link":"https:\/\/arantv.az\/?author=2"},"rttpg_comment":0,"rttpg_category":"<a href=\"https:\/\/arantv.az\/?cat=5\" rel=\"category\">Hadis\u0259<\/a>","rttpg_excerpt":"Bak\u0131da \u00f6z\u00fcn\u00fc d\u0259niz\u0259 ataraq intihara c\u0259hd ed\u0259n \u015f\u0259xs xilas edilib. ARANTV.AZ\u00a0publika.az-a istinad\u0259n x\u0259b\u0259r verir ki, d\u00fcn\u0259n saat 16 rad\u0259l\u0259rind\u0259 X\u0259z\u0259r rayonunun \u015e\u00fcv\u0259lan q\u0259s\u0259b\u0259si \u0259razisind\u0259 d\u0259niz\u0259 gir\u0259n \u015f\u0259xs h\u0259min \u0259razid\u0259 xidm\u0259t aparan \u018flahidd\u0259 \u00c7evik Polis Alay\u0131n\u0131n \u0259m\u0259kda\u015flar\u0131 t\u0259r\u0259find\u0259n sudan \u00e7\u0131xar\u0131l\u0131b. Ara\u015fd\u0131rmalarla onun Bin\u0259 q\u0259s\u0259b\u0259 sakini \u018f.Hac\u0131yev oldu\u011fu, ail\u0259 m\u00fcnaqi\u015f\u0259si z\u0259minind\u0259 \u00f6z\u00fcn\u00fc d\u0259niz\u0259 atma\u011fa c\u0259hd etm\u0259si m\u00fc\u0259yy\u0259n&hellip;","_links":{"self":[{"href":"https:\/\/arantv.az\/index.php?rest_route=\/wp\/v2\/posts\/92885"}],"collection":[{"href":"https:\/\/arantv.az\/index.php?rest_route=\/wp\/v2\/posts"}],"about":[{"href":"https:\/\/arantv.az\/index.php?rest_route=\/wp\/v2\/types\/post"}],"author":[{"embeddable":true,"href":"https:\/\/arantv.az\/index.php?rest_route=\/wp\/v2\/users\/2"}],"replies":[{"embeddable":true,"href":"https:\/\/arantv.az\/index.php?rest_route=%2Fwp%2Fv2%2Fcomments&post=92885"}],"version-history":[{"count":0,"href":"https:\/\/arantv.az\/index.php?rest_route=\/wp\/v2\/posts\/92885\/revisions"}],"wp:featuredmedia":[{"embeddable":true,"href":"https:\/\/arantv.az\/index.php?rest_route=\/wp\/v2\/media\/92886"}],"wp:attachment":[{"href":"https:\/\/arantv.az\/index.php?rest_route=%2Fwp%2Fv2%2Fmedia&parent=92885"}],"wp:term":[{"taxonomy":"category","embeddable":true,"href":"https:\/\/arantv.az\/index.php?rest_route=%2Fwp%2Fv2%2Fcategories&post=92885"},{"taxonomy":"post_tag","embeddable":true,"href":"https:\/\/arantv.az\/index.php?rest_route=%2Fwp%2Fv2%2Ftags&post=92885"}],"curies":[{"name":"wp","href":"https:\/\/api.w.org\/{rel}","templated":true}]}}