{"id":92889,"date":"2019-11-05T13:37:04","date_gmt":"2019-11-05T10:37:04","guid":{"rendered":"http:\/\/arantv.az\/?p=92889"},"modified":"2019-11-05T13:37:04","modified_gmt":"2019-11-05T10:37:04","slug":"bakida-d%c9%99hs%c9%99tli-ail%c9%99-faci%c9%99si-ol%c9%99nl%c9%99r-var","status":"publish","type":"post","link":"https:\/\/arantv.az\/?p=92889","title":{"rendered":"Bak\u0131da d\u0259h\u015f\u0259tli ail\u0259 faci\u0259si \u2013 \u00d6L\u018fNL\u018fR VAR"},"content":{"rendered":"<p>Bak\u0131da ba\u015f ermi\u015f d\u0259h\u015f\u0259tli yol q\u0259zas\u0131nda bir ail\u0259nin 2 \u00fczv\u00fc v\u0259fat edib.<\/p>\n<p><b>ARANTV.AZ\u00a0<\/b>\u00a0publika.az-a istinad\u0259n x\u0259b\u0259r verir ki, d\u00fcn\u0259n saat 13 rad\u0259l\u0259rind\u0259 Bin\u0259q\u0259di rayonunun Goradil ba\u011flar sah\u0259sind\u0259 Bak\u0131 \u015f\u0259h\u0259r sakinl\u0259ri \u015e.\u018fliyevin idar\u0259 etdiyi &#8220;Volvo&#8221; v\u0259 M.Quliyevin idar\u0259 etdiyi &#8220;Hyundai&#8221; markal\u0131 avtomobill\u0259r toqqu\u015fub.<\/p>\n<div><\/div>\n<p>N\u0259tic\u0259d\u0259 M.Quliyevin s\u0259rni\u015finl\u0259rind\u0259n T\u00fcnzal\u0259 Quliyeva hadis\u0259 yerind\u0259, n\u0259v\u0259si 2 &#8211; ya\u015fl\u0131 Yusif x\u0259st\u0259xanada \u00f6l\u00fcb, \u00f6z\u00fc v\u0259 dig\u0259r s\u0259rni\u015fini olan 1 ya\u015fl\u0131 n\u0259v\u0259si is\u0259 x\u0259st\u0259xanaya yerl\u0259\u015fdirilibl\u0259r.<\/p>\n<p>Bin\u0259q\u0259di RP\u0130 t\u0259r\u0259find\u0259n ara\u015fd\u0131rma apar\u0131l\u0131r.<\/p>\n","protected":false},"excerpt":{"rendered":"<p>Bak\u0131da ba\u015f ermi\u015f d\u0259h\u015f\u0259tli yol q\u0259zas\u0131nda bir ail\u0259nin 2 \u00fczv\u00fc v\u0259fat edib. ARANTV.AZ\u00a0\u00a0publika.az-a istinad\u0259n x\u0259b\u0259r verir ki, d\u00fcn\u0259n saat 13 rad\u0259l\u0259rind\u0259 Bin\u0259q\u0259di rayonunun Goradil ba\u011flar sah\u0259sind\u0259 Bak\u0131 \u015f\u0259h\u0259r sakinl\u0259ri \u015e.\u018fliyevin idar\u0259 etdiyi &#8220;Volvo&#8221; v\u0259 M.Quliyevin idar\u0259 etdiyi &#8220;Hyundai&#8221; markal\u0131 avtomobill\u0259r toqqu\u015fub. N\u0259tic\u0259d\u0259 M.Quliyevin s\u0259rni\u015finl\u0259rind\u0259n T\u00fcnzal\u0259 Quliyeva hadis\u0259 yerind\u0259, n\u0259v\u0259si 2 &#8211; ya\u015fl\u0131 Yusif x\u0259st\u0259xanada \u00f6l\u00fcb, \u00f6z\u00fc v\u0259 dig\u0259r s\u0259rni\u015fini olan 1 ya\u015fl\u0131 n\u0259v\u0259si is\u0259 x\u0259st\u0259xanaya yerl\u0259\u015fdirilibl\u0259r. Bin\u0259q\u0259di RP\u0130 t\u0259r\u0259find\u0259n ara\u015fd\u0131rma apar\u0131l\u0131r.<\/p>\n","protected":false},"author":2,"featured_media":92890,"comment_status":"closed","ping_status":"closed","sticky":false,"template":"","format":"standard","meta":{"om_disable_all_campaigns":false,"_monsterinsights_skip_tracking":false,"_monsterinsights_sitenote_active":false,"_monsterinsights_sitenote_note":"","_monsterinsights_sitenote_category":0},"categories":[5],"tags":[],"aioseo_notices":[],"gutentor_comment":0,"rttpg_featured_image_url":{"full":["https:\/\/arantv.az\/wp-content\/uploads\/2019\/11\/1572947911tecili_yardim.jpg",549,309,false],"landscape":["https:\/\/arantv.az\/wp-content\/uploads\/2019\/11\/1572947911tecili_yardim.jpg",549,309,false],"portraits":["https:\/\/arantv.az\/wp-content\/uploads\/2019\/11\/1572947911tecili_yardim.jpg",549,309,false],"thumbnail":["https:\/\/arantv.az\/wp-content\/uploads\/2019\/11\/1572947911tecili_yardim-150x150.jpg",150,150,true],"medium":["https:\/\/arantv.az\/wp-content\/uploads\/2019\/11\/1572947911tecili_yardim-300x169.jpg",300,169,true],"large":["https:\/\/arantv.az\/wp-content\/uploads\/2019\/11\/1572947911tecili_yardim.jpg",549,309,false],"1536x1536":["https:\/\/arantv.az\/wp-content\/uploads\/2019\/11\/1572947911tecili_yardim.jpg",549,309,false],"2048x2048":["https:\/\/arantv.az\/wp-content\/uploads\/2019\/11\/1572947911tecili_yardim.jpg",549,309,false],"post-thumbnail":["https:\/\/arantv.az\/wp-content\/uploads\/2019\/11\/1572947911tecili_yardim-240x172.jpg",240,172,true],"advps-thumb-one":["https:\/\/arantv.az\/wp-content\/uploads\/2019\/11\/1572947911tecili_yardim.jpg",549,309,false]},"rttpg_author":{"display_name":"V\u00fcsal Rafiqo\u011flu","author_link":"https:\/\/arantv.az\/?author=2"},"rttpg_comment":0,"rttpg_category":"<a href=\"https:\/\/arantv.az\/?cat=5\" rel=\"category\">Hadis\u0259<\/a>","rttpg_excerpt":"Bak\u0131da ba\u015f ermi\u015f d\u0259h\u015f\u0259tli yol q\u0259zas\u0131nda bir ail\u0259nin 2 \u00fczv\u00fc v\u0259fat edib. ARANTV.AZ\u00a0\u00a0publika.az-a istinad\u0259n x\u0259b\u0259r verir ki, d\u00fcn\u0259n saat 13 rad\u0259l\u0259rind\u0259 Bin\u0259q\u0259di rayonunun Goradil ba\u011flar sah\u0259sind\u0259 Bak\u0131 \u015f\u0259h\u0259r sakinl\u0259ri \u015e.\u018fliyevin idar\u0259 etdiyi &#8220;Volvo&#8221; v\u0259 M.Quliyevin idar\u0259 etdiyi &#8220;Hyundai&#8221; markal\u0131 avtomobill\u0259r toqqu\u015fub. N\u0259tic\u0259d\u0259 M.Quliyevin s\u0259rni\u015finl\u0259rind\u0259n T\u00fcnzal\u0259 Quliyeva hadis\u0259 yerind\u0259, n\u0259v\u0259si 2 &#8211; ya\u015fl\u0131 Yusif x\u0259st\u0259xanada \u00f6l\u00fcb,&hellip;","_links":{"self":[{"href":"https:\/\/arantv.az\/index.php?rest_route=\/wp\/v2\/posts\/92889"}],"collection":[{"href":"https:\/\/arantv.az\/index.php?rest_route=\/wp\/v2\/posts"}],"about":[{"href":"https:\/\/arantv.az\/index.php?rest_route=\/wp\/v2\/types\/post"}],"author":[{"embeddable":true,"href":"https:\/\/arantv.az\/index.php?rest_route=\/wp\/v2\/users\/2"}],"replies":[{"embeddable":true,"href":"https:\/\/arantv.az\/index.php?rest_route=%2Fwp%2Fv2%2Fcomments&post=92889"}],"version-history":[{"count":0,"href":"https:\/\/arantv.az\/index.php?rest_route=\/wp\/v2\/posts\/92889\/revisions"}],"wp:featuredmedia":[{"embeddable":true,"href":"https:\/\/arantv.az\/index.php?rest_route=\/wp\/v2\/media\/92890"}],"wp:attachment":[{"href":"https:\/\/arantv.az\/index.php?rest_route=%2Fwp%2Fv2%2Fmedia&parent=92889"}],"wp:term":[{"taxonomy":"category","embeddable":true,"href":"https:\/\/arantv.az\/index.php?rest_route=%2Fwp%2Fv2%2Fcategories&post=92889"},{"taxonomy":"post_tag","embeddable":true,"href":"https:\/\/arantv.az\/index.php?rest_route=%2Fwp%2Fv2%2Ftags&post=92889"}],"curies":[{"name":"wp","href":"https:\/\/api.w.org\/{rel}","templated":true}]}}