{"id":92937,"date":"2019-11-05T14:30:55","date_gmt":"2019-11-05T11:30:55","guid":{"rendered":"http:\/\/arantv.az\/?p=92937"},"modified":"2019-11-05T14:30:55","modified_gmt":"2019-11-05T11:30:55","slug":"turkdilli-dovl%c9%99tl%c9%99r-birg%c9%99-h%c9%99rbi-t%c9%99liml%c9%99r-kecir%c9%99-bil%c9%99r","status":"publish","type":"post","link":"https:\/\/arantv.az\/?p=92937","title":{"rendered":"T\u00fcrkdilli d\u00f6vl\u0259tl\u0259r birg\u0259 h\u0259rbi t\u0259liml\u0259r ke\u00e7ir\u0259 bil\u0259r"},"content":{"rendered":"<p>Noyabr\u0131n 5-d\u0259 Az\u0259rbaycan Respublikas\u0131n\u0131n M\u00fcdafi\u0259 naziri general-polkovnik Zakir H\u0259s\u0259nov Az\u0259rbaycan-T\u00fcrkiy\u0259 12-ci Y\u00fcks\u0259k S\u0259viyy\u0259li H\u0259rbi Dialoq \u0130clas\u0131nda i\u015ftirak etm\u0259k \u00fc\u00e7\u00fcn \u00f6lk\u0259mizd\u0259 s\u0259f\u0259rd\u0259 olan T\u00fcrkiy\u0259 Ba\u015f Q\u0259rargah\u0131n\u0131n ikinci r\u0259isi korgeneral Metin G\u00fcrak\u0131n ba\u015f\u00e7\u0131l\u0131q etdiyi n\u00fcmay\u0259nd\u0259 hey\u0259ti il\u0259 g\u00f6r\u00fc\u015f\u00fcb.<\/p>\n<p>Bu bar\u0259d\u0259 M\u00fcdafi\u0259 Nazirliyind\u0259n m\u0259lumat verilib.<\/p>\n<p>Bildirilib ki, \u00f6lk\u0259l\u0259rimiz aras\u0131nda m\u00fcnasib\u0259tl\u0259rin dostluq v\u0259 qar\u015f\u0131l\u0131ql\u0131 inam \u00fcz\u0259rind\u0259 quruldu\u011funu xat\u0131rladan M\u00fcdafi\u0259 naziri bildirib ki, Az\u0259rbaycan m\u00fcdafi\u0259 q\u00fcdr\u0259tinin art\u0131r\u0131lmas\u0131 m\u0259qs\u0259dil\u0259 h\u0259rbi, h\u0259rbi-texniki, h\u0259rbi t\u0259hsil sah\u0259l\u0259rind\u0259 T\u00fcrkiy\u0259 il\u0259 \u0259m\u0259kda\u015fl\u0131\u011f\u0131 geni\u015fl\u0259ndirir v\u0259 bu b\u00f6lg\u0259d\u0259ki sabitliyi t\u0259min ed\u0259n \u0259sas amill\u0259rd\u0259ndir.<\/p>\n<div id=\"AdviadNativeVideo0\" class=\"AdviadNativeVideo\"><\/div>\n<p>T\u00fcrkiy\u0259 xalq\u0131n\u0131n rifah\u0131 u\u011frunda terror\u00e7uluqla m\u00fcbariz\u0259d\u0259 \u015f\u0259hid olanlara Allahdan r\u0259hm\u0259t, yaral\u0131lara \u015f\u0259fa dil\u0259y\u0259n M\u00fcdafi\u0259 naziri separatizm\u0259 qar\u015f\u0131 m\u00fcbariz\u0259 aparan \u00f6lk\u0259 olaraq Az\u0259rbaycan\u0131n T\u00fcrkiy\u0259ni tam d\u0259st\u0259kl\u0259diyini diqq\u0259t\u0259 \u00e7atd\u0131r\u0131b.<\/p>\n<p>M\u00fcdafi\u0259 naziri Az\u0259rbaycan il\u0259 T\u00fcrkiy\u0259 aras\u0131nda h\u0259rbi \u0259m\u0259kda\u015fl\u0131\u011f\u0131n ikit\u0259r\u0259fli \u0259sasda v\u0259 NATO t\u0259r\u0259find\u0259n h\u0259yata ke\u00e7iril\u0259n proqramlar \u00e7\u0259r\u00e7iv\u0259sind\u0259 apar\u0131ld\u0131\u011f\u0131n\u0131 qeyd edib. Nazir, dostluq v\u0259 qarda\u015fl\u0131q m\u00fcnasib\u0259tl\u0259ri \u00fcz\u0259rind\u0259 qurulan Az\u0259rbaycan-T\u00fcrkiy\u0259 strateji t\u0259r\u0259fda\u015fl\u0131\u011f\u0131 daim inki\u015faf etdiyini x\u00fcsusi vur\u011fulay\u0131b.<\/p>\n<p>Korgeneral M.G\u00fcrak d\u0259 \u00f6z n\u00f6vb\u0259sind\u0259 \u00f6lk\u0259l\u0259rimiz aras\u0131nda dostluq v\u0259 qarda\u015fl\u0131q \u0259laq\u0259l\u0259rind\u0259n, o c\u00fcml\u0259d\u0259n s\u0259m\u0259r\u0259li \u0259m\u0259kda\u015fl\u0131\u011f\u0131n s\u0259viyy\u0259sind\u0259n m\u0259mnunlu\u011funu ifad\u0259 edib.<\/p>\n<p>Qonaq Az\u0259rbaycan v\u0259 T\u00fcrkiy\u0259 h\u0259rb\u00e7il\u0259rinin Bak\u0131da n\u00f6vb\u0259ti g\u00f6r\u00fc\u015f\u00fcn\u00fcn t\u0259\u015fkilin\u0259 g\u00f6r\u0259 general-polkovnik Z.H\u0259s\u0259nova minn\u0259tdarl\u0131\u011f\u0131n\u0131 bildirib.<\/p>\n<p>\u00d6lk\u0259l\u0259rimizin yerl\u0259\u015fdiyi regionda ba\u015f ver\u0259n son hadis\u0259l\u0259rin m\u00fczakir\u0259 olundu\u011fu g\u00f6r\u00fc\u015fd\u0259 Az\u0259rbaycan-T\u00fcrkiy\u0259 ikit\u0259r\u0259fli format\u0131nda, h\u0259m\u00e7inin, Pakistan, G\u00fcrc\u00fcstan, el\u0259c\u0259 d\u0259 t\u00fcrkdilli d\u00f6vl\u0259tl\u0259rin m\u00fcxt\u0259lif qo\u015fun n\u00f6vl\u0259rinin, o c\u00fcml\u0259d\u0259n, x\u00fcsusi t\u0259yinatl\u0131 q\u00fcvv\u0259l\u0259rin c\u0259lb edilm\u0259si il\u0259 birg\u0259 h\u0259rbi t\u0259liml\u0259rin ke\u00e7irilm\u0259si, t\u0259cr\u00fcb\u0259 m\u00fcbadil\u0259si m\u0259qs\u0259dil\u0259 h\u0259rbi qulluq\u00e7ular\u0131n qar\u015f\u0131l\u0131ql\u0131 s\u0259f\u0259rl\u0259rinin t\u0259\u015fkili v\u0259 dig\u0259r maraq do\u011furan m\u0259s\u0259l\u0259l\u0259r \u0259traf\u0131nda fikir m\u00fcbadil\u0259si apar\u0131l\u0131b.<\/p>\n","protected":false},"excerpt":{"rendered":"<p>Noyabr\u0131n 5-d\u0259 Az\u0259rbaycan Respublikas\u0131n\u0131n M\u00fcdafi\u0259 naziri general-polkovnik Zakir H\u0259s\u0259nov Az\u0259rbaycan-T\u00fcrkiy\u0259 12-ci Y\u00fcks\u0259k S\u0259viyy\u0259li H\u0259rbi Dialoq \u0130clas\u0131nda i\u015ftirak etm\u0259k \u00fc\u00e7\u00fcn \u00f6lk\u0259mizd\u0259 s\u0259f\u0259rd\u0259 olan T\u00fcrkiy\u0259 Ba\u015f Q\u0259rargah\u0131n\u0131n ikinci r\u0259isi korgeneral Metin G\u00fcrak\u0131n ba\u015f\u00e7\u0131l\u0131q etdiyi n\u00fcmay\u0259nd\u0259 hey\u0259ti il\u0259 g\u00f6r\u00fc\u015f\u00fcb. Bu bar\u0259d\u0259 M\u00fcdafi\u0259 Nazirliyind\u0259n m\u0259lumat verilib. Bildirilib ki, \u00f6lk\u0259l\u0259rimiz aras\u0131nda m\u00fcnasib\u0259tl\u0259rin dostluq v\u0259 qar\u015f\u0131l\u0131ql\u0131 inam \u00fcz\u0259rind\u0259 quruldu\u011funu xat\u0131rladan M\u00fcdafi\u0259 naziri bildirib ki, Az\u0259rbaycan m\u00fcdafi\u0259 q\u00fcdr\u0259tinin art\u0131r\u0131lmas\u0131 m\u0259qs\u0259dil\u0259 h\u0259rbi, h\u0259rbi-texniki, h\u0259rbi t\u0259hsil sah\u0259l\u0259rind\u0259 T\u00fcrkiy\u0259 il\u0259 \u0259m\u0259kda\u015fl\u0131\u011f\u0131 geni\u015fl\u0259ndirir v\u0259 bu b\u00f6lg\u0259d\u0259ki sabitliyi t\u0259min ed\u0259n \u0259sas amill\u0259rd\u0259ndir. T\u00fcrkiy\u0259 xalq\u0131n\u0131n rifah\u0131 u\u011frunda terror\u00e7uluqla m\u00fcbariz\u0259d\u0259 \u015f\u0259hid olanlara Allahdan r\u0259hm\u0259t,&hellip;<\/p>\n","protected":false},"author":2,"featured_media":92938,"comment_status":"closed","ping_status":"closed","sticky":false,"template":"","format":"standard","meta":{"om_disable_all_campaigns":false,"_monsterinsights_skip_tracking":false,"_monsterinsights_sitenote_active":false,"_monsterinsights_sitenote_note":"","_monsterinsights_sitenote_category":0},"categories":[1],"tags":[],"aioseo_notices":[],"gutentor_comment":0,"rttpg_featured_image_url":{"full":["https:\/\/arantv.az\/wp-content\/uploads\/2019\/11\/esas.jpg",590,405,false],"landscape":["https:\/\/arantv.az\/wp-content\/uploads\/2019\/11\/esas.jpg",590,405,false],"portraits":["https:\/\/arantv.az\/wp-content\/uploads\/2019\/11\/esas.jpg",590,405,false],"thumbnail":["https:\/\/arantv.az\/wp-content\/uploads\/2019\/11\/esas-150x150.jpg",150,150,true],"medium":["https:\/\/arantv.az\/wp-content\/uploads\/2019\/11\/esas-300x206.jpg",300,206,true],"large":["https:\/\/arantv.az\/wp-content\/uploads\/2019\/11\/esas.jpg",590,405,false],"1536x1536":["https:\/\/arantv.az\/wp-content\/uploads\/2019\/11\/esas.jpg",590,405,false],"2048x2048":["https:\/\/arantv.az\/wp-content\/uploads\/2019\/11\/esas.jpg",590,405,false],"post-thumbnail":["https:\/\/arantv.az\/wp-content\/uploads\/2019\/11\/esas-240x172.jpg",240,172,true],"advps-thumb-one":["https:\/\/arantv.az\/wp-content\/uploads\/2019\/11\/esas.jpg",590,405,false]},"rttpg_author":{"display_name":"V\u00fcsal Rafiqo\u011flu","author_link":"https:\/\/arantv.az\/?author=2"},"rttpg_comment":0,"rttpg_category":"<a href=\"https:\/\/arantv.az\/?cat=1\" rel=\"category\">C\u0259miyy\u0259t<\/a>","rttpg_excerpt":"Noyabr\u0131n 5-d\u0259 Az\u0259rbaycan Respublikas\u0131n\u0131n M\u00fcdafi\u0259 naziri general-polkovnik Zakir H\u0259s\u0259nov Az\u0259rbaycan-T\u00fcrkiy\u0259 12-ci Y\u00fcks\u0259k S\u0259viyy\u0259li H\u0259rbi Dialoq \u0130clas\u0131nda i\u015ftirak etm\u0259k \u00fc\u00e7\u00fcn \u00f6lk\u0259mizd\u0259 s\u0259f\u0259rd\u0259 olan T\u00fcrkiy\u0259 Ba\u015f Q\u0259rargah\u0131n\u0131n ikinci r\u0259isi korgeneral Metin G\u00fcrak\u0131n ba\u015f\u00e7\u0131l\u0131q etdiyi n\u00fcmay\u0259nd\u0259 hey\u0259ti il\u0259 g\u00f6r\u00fc\u015f\u00fcb. Bu bar\u0259d\u0259 M\u00fcdafi\u0259 Nazirliyind\u0259n m\u0259lumat verilib. Bildirilib ki, \u00f6lk\u0259l\u0259rimiz aras\u0131nda m\u00fcnasib\u0259tl\u0259rin dostluq v\u0259 qar\u015f\u0131l\u0131ql\u0131 inam \u00fcz\u0259rind\u0259 quruldu\u011funu xat\u0131rladan M\u00fcdafi\u0259&hellip;","_links":{"self":[{"href":"https:\/\/arantv.az\/index.php?rest_route=\/wp\/v2\/posts\/92937"}],"collection":[{"href":"https:\/\/arantv.az\/index.php?rest_route=\/wp\/v2\/posts"}],"about":[{"href":"https:\/\/arantv.az\/index.php?rest_route=\/wp\/v2\/types\/post"}],"author":[{"embeddable":true,"href":"https:\/\/arantv.az\/index.php?rest_route=\/wp\/v2\/users\/2"}],"replies":[{"embeddable":true,"href":"https:\/\/arantv.az\/index.php?rest_route=%2Fwp%2Fv2%2Fcomments&post=92937"}],"version-history":[{"count":0,"href":"https:\/\/arantv.az\/index.php?rest_route=\/wp\/v2\/posts\/92937\/revisions"}],"wp:featuredmedia":[{"embeddable":true,"href":"https:\/\/arantv.az\/index.php?rest_route=\/wp\/v2\/media\/92938"}],"wp:attachment":[{"href":"https:\/\/arantv.az\/index.php?rest_route=%2Fwp%2Fv2%2Fmedia&parent=92937"}],"wp:term":[{"taxonomy":"category","embeddable":true,"href":"https:\/\/arantv.az\/index.php?rest_route=%2Fwp%2Fv2%2Fcategories&post=92937"},{"taxonomy":"post_tag","embeddable":true,"href":"https:\/\/arantv.az\/index.php?rest_route=%2Fwp%2Fv2%2Ftags&post=92937"}],"curies":[{"name":"wp","href":"https:\/\/api.w.org\/{rel}","templated":true}]}}