{"id":92961,"date":"2019-11-05T15:20:51","date_gmt":"2019-11-05T12:20:51","guid":{"rendered":"http:\/\/arantv.az\/?p=92961"},"modified":"2019-11-05T15:20:51","modified_gmt":"2019-11-05T12:20:51","slug":"bakida-ai-il%c9%99-viza-rejiminin-sad%c9%99l%c9%99sdirilm%c9%99si-m%c9%99s%c9%99l%c9%99l%c9%99ri-muzakir%c9%99-olunacaq","status":"publish","type":"post","link":"https:\/\/arantv.az\/?p=92961","title":{"rendered":"Bak\u0131da A\u0130 il\u0259 viza rejiminin sad\u0259l\u0259\u015fdirilm\u0259si m\u0259s\u0259l\u0259l\u0259ri m\u00fczakir\u0259 olunacaq"},"content":{"rendered":"<blockquote><p><em><strong>Az\u0259rbaycan-Avropa \u0130ttifaq\u0131 birg\u0259 komit\u0259sinin n\u00f6vb\u0259ti iclas\u0131nda viza rejiminin sad\u0259l\u0259\u015fdirilm\u0259si m\u0259s\u0259l\u0259l\u0259ri m\u00fczakir\u0259 olunacaq.<\/strong><\/em><\/p><\/blockquote>\n<p><strong>ARANTV.AZ<\/strong>\u00a0 x\u0259b\u0259r verir ki, bunu\u00a0<a href=\"https:\/\/az.trend.az\/\" target=\"_blank\" rel=\"noopener\">Trend<\/a>-\u0259 Avropa \u0130ttifaq\u0131n\u0131n (A\u0130) Az\u0259rbaycandak\u0131 n\u00fcmay\u0259nd\u0259liyinin sosial-siyasi m\u0259s\u0259l\u0259l\u0259r v\u0259 ictimaiyy\u0259tl\u0259 \u0259laq\u0259l\u0259r \u015f\u00f6b\u0259sinin r\u0259hb\u0259ri Denis Daniilidis deyib.<\/p>\n<p>O bildirib ki, iclas noyabr\u0131n 6-da Bak\u0131da ke\u00e7iril\u0259c\u0259k.<\/p>\n<p>Xat\u0131rladaq ki, Az\u0259rbaycan v\u0259 A\u0130 sentyabr ay\u0131nda readmissiya \u00fczr\u0259 birg\u0259 komit\u0259nin iclas\u0131n\u0131 ke\u00e7irmi\u015fdi.<\/p>\n","protected":false},"excerpt":{"rendered":"<p>Az\u0259rbaycan-Avropa \u0130ttifaq\u0131 birg\u0259 komit\u0259sinin n\u00f6vb\u0259ti iclas\u0131nda viza rejiminin sad\u0259l\u0259\u015fdirilm\u0259si m\u0259s\u0259l\u0259l\u0259ri m\u00fczakir\u0259 olunacaq. ARANTV.AZ\u00a0 x\u0259b\u0259r verir ki, bunu\u00a0Trend-\u0259 Avropa \u0130ttifaq\u0131n\u0131n (A\u0130) Az\u0259rbaycandak\u0131 n\u00fcmay\u0259nd\u0259liyinin sosial-siyasi m\u0259s\u0259l\u0259l\u0259r v\u0259 ictimaiyy\u0259tl\u0259 \u0259laq\u0259l\u0259r \u015f\u00f6b\u0259sinin r\u0259hb\u0259ri Denis Daniilidis deyib. O bildirib ki, iclas noyabr\u0131n 6-da Bak\u0131da ke\u00e7iril\u0259c\u0259k. Xat\u0131rladaq ki, Az\u0259rbaycan v\u0259 A\u0130 sentyabr ay\u0131nda readmissiya \u00fczr\u0259 birg\u0259 komit\u0259nin iclas\u0131n\u0131 ke\u00e7irmi\u015fdi.<\/p>\n","protected":false},"author":2,"featured_media":92962,"comment_status":"closed","ping_status":"closed","sticky":false,"template":"","format":"standard","meta":{"om_disable_all_campaigns":false,"_monsterinsights_skip_tracking":false,"_monsterinsights_sitenote_active":false,"_monsterinsights_sitenote_note":"","_monsterinsights_sitenote_category":0},"categories":[4],"tags":[],"aioseo_notices":[],"gutentor_comment":0,"rttpg_featured_image_url":{"full":["https:\/\/arantv.az\/wp-content\/uploads\/2019\/11\/799869.jpg",800,600,false],"landscape":["https:\/\/arantv.az\/wp-content\/uploads\/2019\/11\/799869.jpg",800,600,false],"portraits":["https:\/\/arantv.az\/wp-content\/uploads\/2019\/11\/799869.jpg",800,600,false],"thumbnail":["https:\/\/arantv.az\/wp-content\/uploads\/2019\/11\/799869-150x150.jpg",150,150,true],"medium":["https:\/\/arantv.az\/wp-content\/uploads\/2019\/11\/799869-300x225.jpg",300,225,true],"large":["https:\/\/arantv.az\/wp-content\/uploads\/2019\/11\/799869.jpg",640,480,false],"1536x1536":["https:\/\/arantv.az\/wp-content\/uploads\/2019\/11\/799869.jpg",800,600,false],"2048x2048":["https:\/\/arantv.az\/wp-content\/uploads\/2019\/11\/799869.jpg",800,600,false],"post-thumbnail":["https:\/\/arantv.az\/wp-content\/uploads\/2019\/11\/799869-240x172.jpg",240,172,true],"advps-thumb-one":["https:\/\/arantv.az\/wp-content\/uploads\/2019\/11\/799869.jpg",800,600,false]},"rttpg_author":{"display_name":"V\u00fcsal Rafiqo\u011flu","author_link":"https:\/\/arantv.az\/?author=2"},"rttpg_comment":0,"rttpg_category":"<a href=\"https:\/\/arantv.az\/?cat=4\" rel=\"category\">Siyas\u0259t<\/a>","rttpg_excerpt":"Az\u0259rbaycan-Avropa \u0130ttifaq\u0131 birg\u0259 komit\u0259sinin n\u00f6vb\u0259ti iclas\u0131nda viza rejiminin sad\u0259l\u0259\u015fdirilm\u0259si m\u0259s\u0259l\u0259l\u0259ri m\u00fczakir\u0259 olunacaq. ARANTV.AZ\u00a0 x\u0259b\u0259r verir ki, bunu\u00a0Trend-\u0259 Avropa \u0130ttifaq\u0131n\u0131n (A\u0130) Az\u0259rbaycandak\u0131 n\u00fcmay\u0259nd\u0259liyinin sosial-siyasi m\u0259s\u0259l\u0259l\u0259r v\u0259 ictimaiyy\u0259tl\u0259 \u0259laq\u0259l\u0259r \u015f\u00f6b\u0259sinin r\u0259hb\u0259ri Denis Daniilidis deyib. O bildirib ki, iclas noyabr\u0131n 6-da Bak\u0131da ke\u00e7iril\u0259c\u0259k. Xat\u0131rladaq ki, Az\u0259rbaycan v\u0259 A\u0130 sentyabr ay\u0131nda readmissiya \u00fczr\u0259 birg\u0259 komit\u0259nin iclas\u0131n\u0131 ke\u00e7irmi\u015fdi.","_links":{"self":[{"href":"https:\/\/arantv.az\/index.php?rest_route=\/wp\/v2\/posts\/92961"}],"collection":[{"href":"https:\/\/arantv.az\/index.php?rest_route=\/wp\/v2\/posts"}],"about":[{"href":"https:\/\/arantv.az\/index.php?rest_route=\/wp\/v2\/types\/post"}],"author":[{"embeddable":true,"href":"https:\/\/arantv.az\/index.php?rest_route=\/wp\/v2\/users\/2"}],"replies":[{"embeddable":true,"href":"https:\/\/arantv.az\/index.php?rest_route=%2Fwp%2Fv2%2Fcomments&post=92961"}],"version-history":[{"count":0,"href":"https:\/\/arantv.az\/index.php?rest_route=\/wp\/v2\/posts\/92961\/revisions"}],"wp:featuredmedia":[{"embeddable":true,"href":"https:\/\/arantv.az\/index.php?rest_route=\/wp\/v2\/media\/92962"}],"wp:attachment":[{"href":"https:\/\/arantv.az\/index.php?rest_route=%2Fwp%2Fv2%2Fmedia&parent=92961"}],"wp:term":[{"taxonomy":"category","embeddable":true,"href":"https:\/\/arantv.az\/index.php?rest_route=%2Fwp%2Fv2%2Fcategories&post=92961"},{"taxonomy":"post_tag","embeddable":true,"href":"https:\/\/arantv.az\/index.php?rest_route=%2Fwp%2Fv2%2Ftags&post=92961"}],"curies":[{"name":"wp","href":"https:\/\/api.w.org\/{rel}","templated":true}]}}