{"id":93042,"date":"2019-11-05T16:25:14","date_gmt":"2019-11-05T13:25:14","guid":{"rendered":"http:\/\/arantv.az\/?p=93042"},"modified":"2019-11-05T16:25:14","modified_gmt":"2019-11-05T13:25:14","slug":"prezidentin-irad-bildirdiyi-m%c9%99kt%c9%99bd%c9%99-sokuntu-basladi-foto","status":"publish","type":"post","link":"https:\/\/arantv.az\/?p=93042","title":{"rendered":"Prezidentin irad bildirdiyi m\u0259kt\u0259bd\u0259 s\u00f6k\u00fcnt\u00fc ba\u015flad\u0131 &#8211; FOTO"},"content":{"rendered":"<p>Prezident \u0130lham \u018fliyevin \u015eamax\u0131dak\u0131 2 sayl\u0131 tam orta m\u0259kt\u0259bin q\u0259zal\u0131 v\u0259ziyy\u0259td\u0259 olmas\u0131 il\u0259 ba\u011fl\u0131 bildirdiyi iraddan sonra t\u0259hsil oca\u011f\u0131nda s\u00f6k\u00fcnt\u00fc i\u015fl\u0259rin\u0259 ba\u015flan\u0131l\u0131b.<\/p>\n<p><strong>ARANTV.AZ<\/strong>\u00a0 x\u0259b\u0259r verir ki, m\u0259kt\u0259bin \u015fagirdl\u0259ri v\u0259 avadanl\u0131qlar\u0131 k\u00f6\u00e7\u00fcr\u00fcld\u00fckd\u0259n sonra binan\u0131n daxili s\u00f6k\u00fcnt\u00fcs\u00fcn\u0259 ba\u015flan\u0131l\u0131b.<\/p>\n<p>Eyni zamanda, m\u0259kt\u0259b binas\u0131n\u0131n \u0259traf\u0131 t\u0259hl\u00fck\u0259sizlik t\u0259dbirl\u0259ri m\u0259qs\u0259dil\u0259 hasarlan\u0131r. Bu i\u015fl\u0259r yekunla\u015fd\u0131qdan sonra binan\u0131n \u00fcmumi s\u00f6k\u00fcnt\u00fcs\u00fcn\u0259 ba\u015flan\u0131lacaq.<\/p>\n<div id=\"AdviadNativeVideo0\" class=\"AdviadNativeVideo\"><\/div>\n<p>Xat\u0131rladaq ki, \u00f6lk\u0259 ba\u015f\u00e7\u0131s\u0131n\u0131n m\u0259kt\u0259bl\u0259 ba\u011fl\u0131 irad\u0131ndan sonra Ba\u015f Nazir \u018fli \u018fs\u0259dov, F\u00f6vq\u0259lad\u0259 Hallar naziri Kamal\u0259ddin Heyd\u0259rov, T\u0259hsil naziri Ceyhun Bayramov, Maliyy\u0259 naziri Samir \u015e\u0259rifov v\u0259 Prezidentinin \u018frazi-t\u0259\u015fkilat m\u0259s\u0259l\u0259l\u0259ri \u00fczr\u0259 k\u00f6m\u0259k\u00e7isi Zeynal Na\u011fd\u0259liyev \u015eamax\u0131ya ged\u0259r\u0259k m\u0259kt\u0259b\u0259 bax\u0131\u015f ke\u00e7iribl\u0259r.<\/p>\n<p>\u015eamax\u0131 \u015f\u0259h\u0259r 2 sayl\u0131 tam ortab m\u0259kt\u0259b binas\u0131 \u00fc\u00e7 m\u0259rt\u0259b\u0259d\u0259n, iki korpusdan, 94 sinif ota\u011f\u0131ndan ibar\u0259t olub. M\u0259kt\u0259bin q\u0259zal\u0131 v\u0259ziyy\u0259td\u0259 olan korpusu 1985-ci ild\u0259, dig\u0259r hiss\u0259si 2005-ci ild\u0259 tikilib.<\/p>\n<p>1000-d\u0259n m\u0259kt\u0259blinin t\u0259hsil ald\u0131\u011f\u0131 elm oca\u011f\u0131nda sinifl\u0259rin, tavan, d\u00f6\u015f\u0259m\u0259 v\u0259 divarlar\u0131 q\u0259zal\u0131 v\u0259ziyy\u0259t\u0259 d\u00fc\u015f\u00fcb. Haz\u0131rda s\u00f6k\u00fcnt\u00fcs\u00fc davam ed\u0259n,m\u0259kt\u0259bin \u015fagirdl\u0259ri dig\u0259r binada t\u0259hsill\u0259rini davam etdirirl\u0259r.Qafqazinfo<\/p>\n<div class=\"gallery\">\n<div class=\"gallery-i\"><img src=\"https:\/\/assets.oxu.az\/uploads\/W1siZiIsIjIwMTkvMTEvMDUvMTcvMTIvMDMvN2UwZTZiYTUtODA4Ni00YmU5LThhMjUtNjg4NmJkNjI0MmUxL3Nvay5qcGciXSxbInAiLCJlbmNvZGUiLCJqcGciLCItcXVhbGl0eSA4MCJdLFsicCIsInRodW1iIiwiNTkweDU5MFx1MDAzZSJdXQ?sha=fc6c6174b047c059\" alt=\"\" \/><\/p>\n<div class=\"gallery-i-caption\"><\/div>\n<\/div>\n<div class=\"gallery-i\"><img src=\"https:\/\/assets.oxu.az\/uploads\/W1siZiIsIjIwMTkvMTEvMDUvMTcvMTIvMDMvMjgxYjFjNmMtMTk3ZC00ZTMxLWJkMTEtNGUzZTIyNzNlZjZlLzIuanBnIl0sWyJwIiwiZW5jb2RlIiwianBnIiwiLXF1YWxpdHkgODAiXSxbInAiLCJ0aHVtYiIsIjU5MHg1OTBcdTAwM2UiXV0?sha=3d5f62f9581390af\" alt=\"\" \/><\/p>\n<div class=\"gallery-i-caption\"><\/div>\n<\/div>\n<div class=\"gallery-i\"><img src=\"https:\/\/assets.oxu.az\/uploads\/W1siZiIsIjIwMTkvMTEvMDUvMTcvMTIvMDMvY2U4MDE1Y2ItMGQ2Yi00YWU1LWE4NDYtZWZjMTIxNzVhOTU4LzEuanBnIl0sWyJwIiwiZW5jb2RlIiwianBnIiwiLXF1YWxpdHkgODAiXSxbInAiLCJ0aHVtYiIsIjU5MHg1OTBcdTAwM2UiXV0?sha=7d127d2a90089772\" alt=\"\" \/><\/div>\n<\/div>\n","protected":false},"excerpt":{"rendered":"<p>Prezident \u0130lham \u018fliyevin \u015eamax\u0131dak\u0131 2 sayl\u0131 tam orta m\u0259kt\u0259bin q\u0259zal\u0131 v\u0259ziyy\u0259td\u0259 olmas\u0131 il\u0259 ba\u011fl\u0131 bildirdiyi iraddan sonra t\u0259hsil oca\u011f\u0131nda s\u00f6k\u00fcnt\u00fc i\u015fl\u0259rin\u0259 ba\u015flan\u0131l\u0131b. ARANTV.AZ\u00a0 x\u0259b\u0259r verir ki, m\u0259kt\u0259bin \u015fagirdl\u0259ri v\u0259 avadanl\u0131qlar\u0131 k\u00f6\u00e7\u00fcr\u00fcld\u00fckd\u0259n sonra binan\u0131n daxili s\u00f6k\u00fcnt\u00fcs\u00fcn\u0259 ba\u015flan\u0131l\u0131b. Eyni zamanda, m\u0259kt\u0259b binas\u0131n\u0131n \u0259traf\u0131 t\u0259hl\u00fck\u0259sizlik t\u0259dbirl\u0259ri m\u0259qs\u0259dil\u0259 hasarlan\u0131r. Bu i\u015fl\u0259r yekunla\u015fd\u0131qdan sonra binan\u0131n \u00fcmumi s\u00f6k\u00fcnt\u00fcs\u00fcn\u0259 ba\u015flan\u0131lacaq. Xat\u0131rladaq ki, \u00f6lk\u0259 ba\u015f\u00e7\u0131s\u0131n\u0131n m\u0259kt\u0259bl\u0259 ba\u011fl\u0131 irad\u0131ndan sonra Ba\u015f Nazir \u018fli \u018fs\u0259dov, F\u00f6vq\u0259lad\u0259 Hallar naziri Kamal\u0259ddin Heyd\u0259rov, T\u0259hsil naziri Ceyhun Bayramov, Maliyy\u0259 naziri Samir \u015e\u0259rifov v\u0259 Prezidentinin \u018frazi-t\u0259\u015fkilat m\u0259s\u0259l\u0259l\u0259ri \u00fczr\u0259 k\u00f6m\u0259k\u00e7isi Zeynal Na\u011fd\u0259liyev \u015eamax\u0131ya ged\u0259r\u0259k m\u0259kt\u0259b\u0259 bax\u0131\u015f&hellip;<\/p>\n","protected":false},"author":2,"featured_media":93043,"comment_status":"closed","ping_status":"closed","sticky":false,"template":"","format":"standard","meta":{"om_disable_all_campaigns":false,"_monsterinsights_skip_tracking":false,"_monsterinsights_sitenote_active":false,"_monsterinsights_sitenote_note":"","_monsterinsights_sitenote_category":0},"categories":[4],"tags":[],"aioseo_notices":[],"gutentor_comment":0,"rttpg_featured_image_url":{"full":["https:\/\/arantv.az\/wp-content\/uploads\/2019\/11\/4959c838-fcc6-499b-a0da-fa65fe8c80cd_640.jpg",597,427,false],"landscape":["https:\/\/arantv.az\/wp-content\/uploads\/2019\/11\/4959c838-fcc6-499b-a0da-fa65fe8c80cd_640.jpg",597,427,false],"portraits":["https:\/\/arantv.az\/wp-content\/uploads\/2019\/11\/4959c838-fcc6-499b-a0da-fa65fe8c80cd_640.jpg",597,427,false],"thumbnail":["https:\/\/arantv.az\/wp-content\/uploads\/2019\/11\/4959c838-fcc6-499b-a0da-fa65fe8c80cd_640-150x150.jpg",150,150,true],"medium":["https:\/\/arantv.az\/wp-content\/uploads\/2019\/11\/4959c838-fcc6-499b-a0da-fa65fe8c80cd_640-300x215.jpg",300,215,true],"large":["https:\/\/arantv.az\/wp-content\/uploads\/2019\/11\/4959c838-fcc6-499b-a0da-fa65fe8c80cd_640.jpg",597,427,false],"1536x1536":["https:\/\/arantv.az\/wp-content\/uploads\/2019\/11\/4959c838-fcc6-499b-a0da-fa65fe8c80cd_640.jpg",597,427,false],"2048x2048":["https:\/\/arantv.az\/wp-content\/uploads\/2019\/11\/4959c838-fcc6-499b-a0da-fa65fe8c80cd_640.jpg",597,427,false],"post-thumbnail":["https:\/\/arantv.az\/wp-content\/uploads\/2019\/11\/4959c838-fcc6-499b-a0da-fa65fe8c80cd_640-240x172.jpg",240,172,true],"advps-thumb-one":["https:\/\/arantv.az\/wp-content\/uploads\/2019\/11\/4959c838-fcc6-499b-a0da-fa65fe8c80cd_640.jpg",597,427,false]},"rttpg_author":{"display_name":"V\u00fcsal Rafiqo\u011flu","author_link":"https:\/\/arantv.az\/?author=2"},"rttpg_comment":0,"rttpg_category":"<a href=\"https:\/\/arantv.az\/?cat=4\" rel=\"category\">Siyas\u0259t<\/a>","rttpg_excerpt":"Prezident \u0130lham \u018fliyevin \u015eamax\u0131dak\u0131 2 sayl\u0131 tam orta m\u0259kt\u0259bin q\u0259zal\u0131 v\u0259ziyy\u0259td\u0259 olmas\u0131 il\u0259 ba\u011fl\u0131 bildirdiyi iraddan sonra t\u0259hsil oca\u011f\u0131nda s\u00f6k\u00fcnt\u00fc i\u015fl\u0259rin\u0259 ba\u015flan\u0131l\u0131b. ARANTV.AZ\u00a0 x\u0259b\u0259r verir ki, m\u0259kt\u0259bin \u015fagirdl\u0259ri v\u0259 avadanl\u0131qlar\u0131 k\u00f6\u00e7\u00fcr\u00fcld\u00fckd\u0259n sonra binan\u0131n daxili s\u00f6k\u00fcnt\u00fcs\u00fcn\u0259 ba\u015flan\u0131l\u0131b. Eyni zamanda, m\u0259kt\u0259b binas\u0131n\u0131n \u0259traf\u0131 t\u0259hl\u00fck\u0259sizlik t\u0259dbirl\u0259ri m\u0259qs\u0259dil\u0259 hasarlan\u0131r. Bu i\u015fl\u0259r yekunla\u015fd\u0131qdan sonra binan\u0131n \u00fcmumi s\u00f6k\u00fcnt\u00fcs\u00fcn\u0259 ba\u015flan\u0131lacaq. Xat\u0131rladaq ki,&hellip;","_links":{"self":[{"href":"https:\/\/arantv.az\/index.php?rest_route=\/wp\/v2\/posts\/93042"}],"collection":[{"href":"https:\/\/arantv.az\/index.php?rest_route=\/wp\/v2\/posts"}],"about":[{"href":"https:\/\/arantv.az\/index.php?rest_route=\/wp\/v2\/types\/post"}],"author":[{"embeddable":true,"href":"https:\/\/arantv.az\/index.php?rest_route=\/wp\/v2\/users\/2"}],"replies":[{"embeddable":true,"href":"https:\/\/arantv.az\/index.php?rest_route=%2Fwp%2Fv2%2Fcomments&post=93042"}],"version-history":[{"count":0,"href":"https:\/\/arantv.az\/index.php?rest_route=\/wp\/v2\/posts\/93042\/revisions"}],"wp:featuredmedia":[{"embeddable":true,"href":"https:\/\/arantv.az\/index.php?rest_route=\/wp\/v2\/media\/93043"}],"wp:attachment":[{"href":"https:\/\/arantv.az\/index.php?rest_route=%2Fwp%2Fv2%2Fmedia&parent=93042"}],"wp:term":[{"taxonomy":"category","embeddable":true,"href":"https:\/\/arantv.az\/index.php?rest_route=%2Fwp%2Fv2%2Fcategories&post=93042"},{"taxonomy":"post_tag","embeddable":true,"href":"https:\/\/arantv.az\/index.php?rest_route=%2Fwp%2Fv2%2Ftags&post=93042"}],"curies":[{"name":"wp","href":"https:\/\/api.w.org\/{rel}","templated":true}]}}