{"id":93051,"date":"2019-11-05T16:36:13","date_gmt":"2019-11-05T13:36:13","guid":{"rendered":"http:\/\/arantv.az\/?p=93051"},"modified":"2019-11-05T16:36:13","modified_gmt":"2019-11-05T13:36:13","slug":"bakida-yagis-evi-bu-gun%c9%99-saldi-fotolar","status":"publish","type":"post","link":"https:\/\/arantv.az\/?p=93051","title":{"rendered":"Bak\u0131da ya\u011f\u0131\u015f evi bu g\u00fcn\u0259 sald\u0131 &#8211; FOTOLAR"},"content":{"rendered":"<p>Son g\u00fcnl\u0259r ya\u011fan ya\u011f\u0131\u015flar Bak\u0131da bir evin divarlar\u0131n\u0131n aralanmas\u0131na s\u0259b\u0259b olub.<\/p>\n<p><b>ARANTV.AZ<\/b>\u00a0bildiriri ki, &#8220;Qafqazinfo&#8221;ya m\u00fcraci\u0259t ed\u0259n paytaxt sakini \u015e\u0259fiq\u0259 Doqu\u015feva bildirib ki, \u00f6t\u0259n ilin dekabr\u0131n 4-d\u0259 torpaq s\u00fcr\u00fc\u015fm\u0259si zaman\u0131 Suraxan\u0131 rayonu, Qara\u00e7uxur q\u0259s\u0259b\u0259sind\u0259 yerl\u0259\u015f\u0259n evinin divarlar\u0131 \u00e7atlay\u0131b, bu il noyabr\u0131n 3-4-d\u0259 ya\u011fan ya\u011f\u0131\u015flar zaman\u0131 \u00e7atlar daha da geni\u015fl\u0259nib v\u0259 ev haz\u0131rda ya\u015fay\u0131\u015f \u00fc\u00e7\u00fcn t\u0259hl\u00fck\u0259lidir.<\/p>\n<div><\/div>\n<p>\u015e.Doqu\u015feva evin\u0259 d\u0259y\u0259n ziyan\u0131n kompensasiyas\u0131n\u0131 \u00f6d\u0259m\u0259si \u00fc\u00e7\u00fcn evini s\u0131\u011forta etdirdiyi &#8220;Pa\u015fa S\u0131\u011forta&#8221;ya m\u00fcraci\u0259t edib. \u015eirk\u0259td\u0259n bildirib ki, s\u0131\u011forta m\u00fcqavil\u0259si 2018-ci il dekabr\u0131n 19-da ba\u011flan\u0131b. Ev sahibi izahat\u0131nda \u00e7atlar\u0131n ilk olaraq 2017-ci ild\u0259n ba\u015flad\u0131\u011f\u0131n\u0131 deyib. Buna g\u00f6r\u0259 d\u0259 evd\u0259 ba\u015f ver\u0259n \u00e7atlar m\u00fcqavil\u0259d\u0259n \u00f6nc\u0259 yarand\u0131\u011f\u0131 \u00fc\u00e7\u00fcn he\u00e7 bir kompensasiya \u00f6d\u0259nilmir.<\/p>\n<p>\u015e.Doqu\u015feva daha sonra N\u0259simi rayon M\u0259hk\u0259m\u0259sin\u0259 m\u00fcraci\u0259t edib. M\u0259hk\u0259m\u0259 is\u0259 i\u015fi F\u00f6vq\u0259lad\u0259 Hallar Nazirliyinin Tikintid\u0259 T\u0259hl\u00fck\u0259sizlik Agentliyin\u0259 y\u00f6n\u0259ldib.<br \/>\n<img class=\"imgbcode\" src=\"https:\/\/sonxeber.az\/uploads\/ev2.png\" alt=\"Bak\u0131da ya\u011f\u0131\u015f evi bu g\u00fcn\u0259 sald\u0131 - FOTOLAR\" \/><img class=\"imgbcode\" src=\"https:\/\/sonxeber.az\/uploads\/ev3.png\" alt=\"Bak\u0131da ya\u011f\u0131\u015f evi bu g\u00fcn\u0259 sald\u0131 - FOTOLAR\" \/><\/p>\n","protected":false},"excerpt":{"rendered":"<p>Son g\u00fcnl\u0259r ya\u011fan ya\u011f\u0131\u015flar Bak\u0131da bir evin divarlar\u0131n\u0131n aralanmas\u0131na s\u0259b\u0259b olub. ARANTV.AZ\u00a0bildiriri ki, &#8220;Qafqazinfo&#8221;ya m\u00fcraci\u0259t ed\u0259n paytaxt sakini \u015e\u0259fiq\u0259 Doqu\u015feva bildirib ki, \u00f6t\u0259n ilin dekabr\u0131n 4-d\u0259 torpaq s\u00fcr\u00fc\u015fm\u0259si zaman\u0131 Suraxan\u0131 rayonu, Qara\u00e7uxur q\u0259s\u0259b\u0259sind\u0259 yerl\u0259\u015f\u0259n evinin divarlar\u0131 \u00e7atlay\u0131b, bu il noyabr\u0131n 3-4-d\u0259 ya\u011fan ya\u011f\u0131\u015flar zaman\u0131 \u00e7atlar daha da geni\u015fl\u0259nib v\u0259 ev haz\u0131rda ya\u015fay\u0131\u015f \u00fc\u00e7\u00fcn t\u0259hl\u00fck\u0259lidir. \u015e.Doqu\u015feva evin\u0259 d\u0259y\u0259n ziyan\u0131n kompensasiyas\u0131n\u0131 \u00f6d\u0259m\u0259si \u00fc\u00e7\u00fcn evini s\u0131\u011forta etdirdiyi &#8220;Pa\u015fa S\u0131\u011forta&#8221;ya m\u00fcraci\u0259t edib. \u015eirk\u0259td\u0259n bildirib ki, s\u0131\u011forta m\u00fcqavil\u0259si 2018-ci il dekabr\u0131n 19-da ba\u011flan\u0131b. Ev sahibi izahat\u0131nda \u00e7atlar\u0131n ilk olaraq 2017-ci ild\u0259n ba\u015flad\u0131\u011f\u0131n\u0131 deyib. Buna g\u00f6r\u0259&hellip;<\/p>\n","protected":false},"author":2,"featured_media":93052,"comment_status":"closed","ping_status":"closed","sticky":false,"template":"","format":"standard","meta":{"om_disable_all_campaigns":false,"_monsterinsights_skip_tracking":false,"_monsterinsights_sitenote_active":false,"_monsterinsights_sitenote_note":"","_monsterinsights_sitenote_category":0},"categories":[1],"tags":[],"aioseo_notices":[],"gutentor_comment":0,"rttpg_featured_image_url":{"full":["https:\/\/arantv.az\/wp-content\/uploads\/2019\/11\/157295737518850724365dc16cbf64e53.png",549,345,false],"landscape":["https:\/\/arantv.az\/wp-content\/uploads\/2019\/11\/157295737518850724365dc16cbf64e53.png",549,345,false],"portraits":["https:\/\/arantv.az\/wp-content\/uploads\/2019\/11\/157295737518850724365dc16cbf64e53.png",549,345,false],"thumbnail":["https:\/\/arantv.az\/wp-content\/uploads\/2019\/11\/157295737518850724365dc16cbf64e53-150x150.png",150,150,true],"medium":["https:\/\/arantv.az\/wp-content\/uploads\/2019\/11\/157295737518850724365dc16cbf64e53-300x189.png",300,189,true],"large":["https:\/\/arantv.az\/wp-content\/uploads\/2019\/11\/157295737518850724365dc16cbf64e53.png",549,345,false],"1536x1536":["https:\/\/arantv.az\/wp-content\/uploads\/2019\/11\/157295737518850724365dc16cbf64e53.png",549,345,false],"2048x2048":["https:\/\/arantv.az\/wp-content\/uploads\/2019\/11\/157295737518850724365dc16cbf64e53.png",549,345,false],"post-thumbnail":["https:\/\/arantv.az\/wp-content\/uploads\/2019\/11\/157295737518850724365dc16cbf64e53-240x172.png",240,172,true],"advps-thumb-one":["https:\/\/arantv.az\/wp-content\/uploads\/2019\/11\/157295737518850724365dc16cbf64e53.png",549,345,false]},"rttpg_author":{"display_name":"V\u00fcsal Rafiqo\u011flu","author_link":"https:\/\/arantv.az\/?author=2"},"rttpg_comment":0,"rttpg_category":"<a href=\"https:\/\/arantv.az\/?cat=1\" rel=\"category\">C\u0259miyy\u0259t<\/a>","rttpg_excerpt":"Son g\u00fcnl\u0259r ya\u011fan ya\u011f\u0131\u015flar Bak\u0131da bir evin divarlar\u0131n\u0131n aralanmas\u0131na s\u0259b\u0259b olub. ARANTV.AZ\u00a0bildiriri ki, &#8220;Qafqazinfo&#8221;ya m\u00fcraci\u0259t ed\u0259n paytaxt sakini \u015e\u0259fiq\u0259 Doqu\u015feva bildirib ki, \u00f6t\u0259n ilin dekabr\u0131n 4-d\u0259 torpaq s\u00fcr\u00fc\u015fm\u0259si zaman\u0131 Suraxan\u0131 rayonu, Qara\u00e7uxur q\u0259s\u0259b\u0259sind\u0259 yerl\u0259\u015f\u0259n evinin divarlar\u0131 \u00e7atlay\u0131b, bu il noyabr\u0131n 3-4-d\u0259 ya\u011fan ya\u011f\u0131\u015flar zaman\u0131 \u00e7atlar daha da geni\u015fl\u0259nib v\u0259 ev haz\u0131rda ya\u015fay\u0131\u015f \u00fc\u00e7\u00fcn t\u0259hl\u00fck\u0259lidir. \u015e.Doqu\u015feva&hellip;","_links":{"self":[{"href":"https:\/\/arantv.az\/index.php?rest_route=\/wp\/v2\/posts\/93051"}],"collection":[{"href":"https:\/\/arantv.az\/index.php?rest_route=\/wp\/v2\/posts"}],"about":[{"href":"https:\/\/arantv.az\/index.php?rest_route=\/wp\/v2\/types\/post"}],"author":[{"embeddable":true,"href":"https:\/\/arantv.az\/index.php?rest_route=\/wp\/v2\/users\/2"}],"replies":[{"embeddable":true,"href":"https:\/\/arantv.az\/index.php?rest_route=%2Fwp%2Fv2%2Fcomments&post=93051"}],"version-history":[{"count":0,"href":"https:\/\/arantv.az\/index.php?rest_route=\/wp\/v2\/posts\/93051\/revisions"}],"wp:featuredmedia":[{"embeddable":true,"href":"https:\/\/arantv.az\/index.php?rest_route=\/wp\/v2\/media\/93052"}],"wp:attachment":[{"href":"https:\/\/arantv.az\/index.php?rest_route=%2Fwp%2Fv2%2Fmedia&parent=93051"}],"wp:term":[{"taxonomy":"category","embeddable":true,"href":"https:\/\/arantv.az\/index.php?rest_route=%2Fwp%2Fv2%2Fcategories&post=93051"},{"taxonomy":"post_tag","embeddable":true,"href":"https:\/\/arantv.az\/index.php?rest_route=%2Fwp%2Fv2%2Ftags&post=93051"}],"curies":[{"name":"wp","href":"https:\/\/api.w.org\/{rel}","templated":true}]}}