{"id":93059,"date":"2019-11-05T16:43:01","date_gmt":"2019-11-05T13:43:01","guid":{"rendered":"http:\/\/arantv.az\/?p=93059"},"modified":"2019-11-05T16:43:01","modified_gmt":"2019-11-05T13:43:01","slug":"5-yasli-usagi-avtomobil-vurdu","status":"publish","type":"post","link":"https:\/\/arantv.az\/?p=93059","title":{"rendered":"5 ya\u015fl\u0131 u\u015fa\u011f\u0131 avtomobil vurdu"},"content":{"rendered":"<p>O\u011fuz rayonunda 5 ya\u015fl\u0131 u\u015fa\u011f\u0131 avtomobil vurub.<\/p>\n<p><b>ARANTV.AZ-<\/b>\u0131n<b>\u00a0<\/b>m\u0259lumat\u0131na g\u00f6r\u0259, hadis\u0259 bu g\u00fcn ax\u015fam saatlar\u0131nda \u0130smay\u0131ll\u0131-Qaram\u0259ry\u0259m-\u015e\u0259ki avtomobil yolunun Padar k\u0259ndi \u0259razisind\u0259n ke\u00e7\u0259n hiss\u0259sind\u0259 qeyd\u0259 al\u0131n\u0131b.<\/p>\n<div><\/div>\n<p>Bel\u0259 ki, &#8220;Opel&#8221; markal\u0131 avtomobil Padar k\u0259ndinin sakini, 2014-c\u00fc il t\u0259v\u0259ll\u00fcdl\u00fc R\u0259\u015fad R\u00fcst\u0259m o\u011flu M\u0259zahirovu vurub. Yaral\u0131 O\u011fuz Rayon M\u0259rk\u0259zi X\u0259st\u0259xanas\u0131na \u00e7atd\u0131r\u0131l\u0131b. U\u015fa\u011f\u0131n v\u0259ziyy\u0259ti a\u011f\u0131r oldu\u011fundan daha sonra \u015e\u0259ki Rayon M\u0259rk\u0259zi X\u0259st\u0259xanas\u0131na g\u00f6nd\u0259rilib.<\/p>\n<p>Faktla ba\u011fl\u0131 ara\u015fd\u0131rma apar\u0131l\u0131r.Sonxeber.az<\/p>\n","protected":false},"excerpt":{"rendered":"<p>O\u011fuz rayonunda 5 ya\u015fl\u0131 u\u015fa\u011f\u0131 avtomobil vurub. ARANTV.AZ-\u0131n\u00a0m\u0259lumat\u0131na g\u00f6r\u0259, hadis\u0259 bu g\u00fcn ax\u015fam saatlar\u0131nda \u0130smay\u0131ll\u0131-Qaram\u0259ry\u0259m-\u015e\u0259ki avtomobil yolunun Padar k\u0259ndi \u0259razisind\u0259n ke\u00e7\u0259n hiss\u0259sind\u0259 qeyd\u0259 al\u0131n\u0131b. Bel\u0259 ki, &#8220;Opel&#8221; markal\u0131 avtomobil Padar k\u0259ndinin sakini, 2014-c\u00fc il t\u0259v\u0259ll\u00fcdl\u00fc R\u0259\u015fad R\u00fcst\u0259m o\u011flu M\u0259zahirovu vurub. Yaral\u0131 O\u011fuz Rayon M\u0259rk\u0259zi X\u0259st\u0259xanas\u0131na \u00e7atd\u0131r\u0131l\u0131b. U\u015fa\u011f\u0131n v\u0259ziyy\u0259ti a\u011f\u0131r oldu\u011fundan daha sonra \u015e\u0259ki Rayon M\u0259rk\u0259zi X\u0259st\u0259xanas\u0131na g\u00f6nd\u0259rilib. Faktla ba\u011fl\u0131 ara\u015fd\u0131rma apar\u0131l\u0131r.Sonxeber.az<\/p>\n","protected":false},"author":2,"featured_media":93060,"comment_status":"closed","ping_status":"closed","sticky":false,"template":"","format":"standard","meta":{"om_disable_all_campaigns":false,"_monsterinsights_skip_tracking":false,"_monsterinsights_sitenote_active":false,"_monsterinsights_sitenote_note":"","_monsterinsights_sitenote_category":0},"categories":[5],"tags":[],"aioseo_notices":[],"gutentor_comment":0,"rttpg_featured_image_url":{"full":["https:\/\/arantv.az\/wp-content\/uploads\/2019\/11\/cfb72f39-509a-48f7-aa8d-58ed8f0c9947.jpg",549,366,false],"landscape":["https:\/\/arantv.az\/wp-content\/uploads\/2019\/11\/cfb72f39-509a-48f7-aa8d-58ed8f0c9947.jpg",549,366,false],"portraits":["https:\/\/arantv.az\/wp-content\/uploads\/2019\/11\/cfb72f39-509a-48f7-aa8d-58ed8f0c9947.jpg",549,366,false],"thumbnail":["https:\/\/arantv.az\/wp-content\/uploads\/2019\/11\/cfb72f39-509a-48f7-aa8d-58ed8f0c9947-150x150.jpg",150,150,true],"medium":["https:\/\/arantv.az\/wp-content\/uploads\/2019\/11\/cfb72f39-509a-48f7-aa8d-58ed8f0c9947-300x200.jpg",300,200,true],"large":["https:\/\/arantv.az\/wp-content\/uploads\/2019\/11\/cfb72f39-509a-48f7-aa8d-58ed8f0c9947.jpg",549,366,false],"1536x1536":["https:\/\/arantv.az\/wp-content\/uploads\/2019\/11\/cfb72f39-509a-48f7-aa8d-58ed8f0c9947.jpg",549,366,false],"2048x2048":["https:\/\/arantv.az\/wp-content\/uploads\/2019\/11\/cfb72f39-509a-48f7-aa8d-58ed8f0c9947.jpg",549,366,false],"post-thumbnail":["https:\/\/arantv.az\/wp-content\/uploads\/2019\/11\/cfb72f39-509a-48f7-aa8d-58ed8f0c9947-240x172.jpg",240,172,true],"advps-thumb-one":["https:\/\/arantv.az\/wp-content\/uploads\/2019\/11\/cfb72f39-509a-48f7-aa8d-58ed8f0c9947.jpg",549,366,false]},"rttpg_author":{"display_name":"V\u00fcsal Rafiqo\u011flu","author_link":"https:\/\/arantv.az\/?author=2"},"rttpg_comment":0,"rttpg_category":"<a href=\"https:\/\/arantv.az\/?cat=5\" rel=\"category\">Hadis\u0259<\/a>","rttpg_excerpt":"O\u011fuz rayonunda 5 ya\u015fl\u0131 u\u015fa\u011f\u0131 avtomobil vurub. ARANTV.AZ-\u0131n\u00a0m\u0259lumat\u0131na g\u00f6r\u0259, hadis\u0259 bu g\u00fcn ax\u015fam saatlar\u0131nda \u0130smay\u0131ll\u0131-Qaram\u0259ry\u0259m-\u015e\u0259ki avtomobil yolunun Padar k\u0259ndi \u0259razisind\u0259n ke\u00e7\u0259n hiss\u0259sind\u0259 qeyd\u0259 al\u0131n\u0131b. Bel\u0259 ki, &#8220;Opel&#8221; markal\u0131 avtomobil Padar k\u0259ndinin sakini, 2014-c\u00fc il t\u0259v\u0259ll\u00fcdl\u00fc R\u0259\u015fad R\u00fcst\u0259m o\u011flu M\u0259zahirovu vurub. Yaral\u0131 O\u011fuz Rayon M\u0259rk\u0259zi X\u0259st\u0259xanas\u0131na \u00e7atd\u0131r\u0131l\u0131b. U\u015fa\u011f\u0131n v\u0259ziyy\u0259ti a\u011f\u0131r oldu\u011fundan daha sonra \u015e\u0259ki Rayon M\u0259rk\u0259zi&hellip;","_links":{"self":[{"href":"https:\/\/arantv.az\/index.php?rest_route=\/wp\/v2\/posts\/93059"}],"collection":[{"href":"https:\/\/arantv.az\/index.php?rest_route=\/wp\/v2\/posts"}],"about":[{"href":"https:\/\/arantv.az\/index.php?rest_route=\/wp\/v2\/types\/post"}],"author":[{"embeddable":true,"href":"https:\/\/arantv.az\/index.php?rest_route=\/wp\/v2\/users\/2"}],"replies":[{"embeddable":true,"href":"https:\/\/arantv.az\/index.php?rest_route=%2Fwp%2Fv2%2Fcomments&post=93059"}],"version-history":[{"count":0,"href":"https:\/\/arantv.az\/index.php?rest_route=\/wp\/v2\/posts\/93059\/revisions"}],"wp:featuredmedia":[{"embeddable":true,"href":"https:\/\/arantv.az\/index.php?rest_route=\/wp\/v2\/media\/93060"}],"wp:attachment":[{"href":"https:\/\/arantv.az\/index.php?rest_route=%2Fwp%2Fv2%2Fmedia&parent=93059"}],"wp:term":[{"taxonomy":"category","embeddable":true,"href":"https:\/\/arantv.az\/index.php?rest_route=%2Fwp%2Fv2%2Fcategories&post=93059"},{"taxonomy":"post_tag","embeddable":true,"href":"https:\/\/arantv.az\/index.php?rest_route=%2Fwp%2Fv2%2Ftags&post=93059"}],"curies":[{"name":"wp","href":"https:\/\/api.w.org\/{rel}","templated":true}]}}