{"id":93091,"date":"2019-11-06T08:42:21","date_gmt":"2019-11-06T05:42:21","guid":{"rendered":"http:\/\/arantv.az\/?p=93091"},"modified":"2019-11-06T08:42:21","modified_gmt":"2019-11-06T05:42:21","slug":"l%c9%99tif%c9%99-milyonluq-fotosessiya-il%c9%99-royani-t%c9%99krarladi-fotolar","status":"publish","type":"post","link":"https:\/\/arantv.az\/?p=93091","title":{"rendered":"L\u0259tif\u0259 &#8220;milyonluq&#8221; fotosessiya il\u0259 R\u00f6yan\u0131 t\u0259krarlad\u0131 -fotolar"},"content":{"rendered":"<p>M\u00fc\u011f\u0259nni L\u0259tif\u0259 Soyu\u00f6z\u00fcn bir ne\u00e7\u0259 g\u00fcn \u0259vv\u0259l t\u0259qdim etdiyi fotosessiyas\u0131 m\u00fczakir\u0259l\u0259r\u0259 s\u0259b\u0259b olub. <strong>ARANTV.AZ<\/strong>-\u0131n m\u0259lumat\u0131na g\u00f6r\u0259, m\u00fc\u011f\u0259nninin zin\u0259t \u0259\u015fyas\u0131 il\u0259 \u00e7\u0259kdirdiyi fotosu m\u00fczakir\u0259 edilib. Bel\u0259 ki, \u015f\u0259klin 2016-ci ild\u0259 xalq artist R\u00f6ya Ayxan\u0131n eyni t\u0259rzd\u0259 fotosessiyas\u0131na b\u0259nz\u0259diyi diqq\u0259td\u0259n qa\u00e7may\u0131b. Sosial \u015f\u0259b\u0259k\u0259d\u0259 d\u0259 fotolar\u0131n alt\u0131ndan bu kimi \u015f\u0259rhl\u0259r yaz\u0131l\u0131b.<\/p>\n<p><img loading=\"lazy\" class=\"alignnone size-medium wp-image-93092\" src=\"https:\/\/arantv.az\/wp-content\/uploads\/2019\/11\/73497876_410555009881401_8108890253323927552_n-215x300.jpg\" alt=\"\" width=\"215\" height=\"300\" \/><img loading=\"lazy\" class=\"alignnone size-medium wp-image-93093\" src=\"https:\/\/arantv.az\/wp-content\/uploads\/2019\/11\/74302302_1427462160734505_5018237031277395968_n-300x300.jpg\" alt=\"\" width=\"300\" height=\"300\" \/><\/p>\n","protected":false},"excerpt":{"rendered":"<p>M\u00fc\u011f\u0259nni L\u0259tif\u0259 Soyu\u00f6z\u00fcn bir ne\u00e7\u0259 g\u00fcn \u0259vv\u0259l t\u0259qdim etdiyi fotosessiyas\u0131 m\u00fczakir\u0259l\u0259r\u0259 s\u0259b\u0259b olub. ARANTV.AZ-\u0131n m\u0259lumat\u0131na g\u00f6r\u0259, m\u00fc\u011f\u0259nninin zin\u0259t \u0259\u015fyas\u0131 il\u0259 \u00e7\u0259kdirdiyi fotosu m\u00fczakir\u0259 edilib. Bel\u0259 ki, \u015f\u0259klin 2016-ci ild\u0259 xalq artist R\u00f6ya Ayxan\u0131n eyni t\u0259rzd\u0259 fotosessiyas\u0131na b\u0259nz\u0259diyi diqq\u0259td\u0259n qa\u00e7may\u0131b. Sosial \u015f\u0259b\u0259k\u0259d\u0259 d\u0259 fotolar\u0131n alt\u0131ndan bu kimi \u015f\u0259rhl\u0259r yaz\u0131l\u0131b.<\/p>\n","protected":false},"author":2,"featured_media":93094,"comment_status":"closed","ping_status":"closed","sticky":false,"template":"","format":"standard","meta":{"om_disable_all_campaigns":false,"_monsterinsights_skip_tracking":false,"_monsterinsights_sitenote_active":false,"_monsterinsights_sitenote_note":"","_monsterinsights_sitenote_category":0},"categories":[20],"tags":[],"aioseo_notices":[],"gutentor_comment":0,"rttpg_featured_image_url":{"full":["https:\/\/arantv.az\/wp-content\/uploads\/2019\/11\/75262206_425573191700187_7195913367360372736_n.jpg",960,960,false],"landscape":["https:\/\/arantv.az\/wp-content\/uploads\/2019\/11\/75262206_425573191700187_7195913367360372736_n.jpg",960,960,false],"portraits":["https:\/\/arantv.az\/wp-content\/uploads\/2019\/11\/75262206_425573191700187_7195913367360372736_n.jpg",960,960,false],"thumbnail":["https:\/\/arantv.az\/wp-content\/uploads\/2019\/11\/75262206_425573191700187_7195913367360372736_n-150x150.jpg",150,150,true],"medium":["https:\/\/arantv.az\/wp-content\/uploads\/2019\/11\/75262206_425573191700187_7195913367360372736_n-300x300.jpg",300,300,true],"large":["https:\/\/arantv.az\/wp-content\/uploads\/2019\/11\/75262206_425573191700187_7195913367360372736_n.jpg",640,640,false],"1536x1536":["https:\/\/arantv.az\/wp-content\/uploads\/2019\/11\/75262206_425573191700187_7195913367360372736_n.jpg",960,960,false],"2048x2048":["https:\/\/arantv.az\/wp-content\/uploads\/2019\/11\/75262206_425573191700187_7195913367360372736_n.jpg",960,960,false],"post-thumbnail":["https:\/\/arantv.az\/wp-content\/uploads\/2019\/11\/75262206_425573191700187_7195913367360372736_n-240x172.jpg",240,172,true],"advps-thumb-one":["https:\/\/arantv.az\/wp-content\/uploads\/2019\/11\/75262206_425573191700187_7195913367360372736_n-960x620.jpg",960,620,true]},"rttpg_author":{"display_name":"V\u00fcsal Rafiqo\u011flu","author_link":"https:\/\/arantv.az\/?author=2"},"rttpg_comment":0,"rttpg_category":"<a href=\"https:\/\/arantv.az\/?cat=20\" rel=\"category\">\u015eou biznes<\/a>","rttpg_excerpt":"M\u00fc\u011f\u0259nni L\u0259tif\u0259 Soyu\u00f6z\u00fcn bir ne\u00e7\u0259 g\u00fcn \u0259vv\u0259l t\u0259qdim etdiyi fotosessiyas\u0131 m\u00fczakir\u0259l\u0259r\u0259 s\u0259b\u0259b olub. ARANTV.AZ-\u0131n m\u0259lumat\u0131na g\u00f6r\u0259, m\u00fc\u011f\u0259nninin zin\u0259t \u0259\u015fyas\u0131 il\u0259 \u00e7\u0259kdirdiyi fotosu m\u00fczakir\u0259 edilib. Bel\u0259 ki, \u015f\u0259klin 2016-ci ild\u0259 xalq artist R\u00f6ya Ayxan\u0131n eyni t\u0259rzd\u0259 fotosessiyas\u0131na b\u0259nz\u0259diyi diqq\u0259td\u0259n qa\u00e7may\u0131b. Sosial \u015f\u0259b\u0259k\u0259d\u0259 d\u0259 fotolar\u0131n alt\u0131ndan bu kimi \u015f\u0259rhl\u0259r yaz\u0131l\u0131b.","_links":{"self":[{"href":"https:\/\/arantv.az\/index.php?rest_route=\/wp\/v2\/posts\/93091"}],"collection":[{"href":"https:\/\/arantv.az\/index.php?rest_route=\/wp\/v2\/posts"}],"about":[{"href":"https:\/\/arantv.az\/index.php?rest_route=\/wp\/v2\/types\/post"}],"author":[{"embeddable":true,"href":"https:\/\/arantv.az\/index.php?rest_route=\/wp\/v2\/users\/2"}],"replies":[{"embeddable":true,"href":"https:\/\/arantv.az\/index.php?rest_route=%2Fwp%2Fv2%2Fcomments&post=93091"}],"version-history":[{"count":0,"href":"https:\/\/arantv.az\/index.php?rest_route=\/wp\/v2\/posts\/93091\/revisions"}],"wp:featuredmedia":[{"embeddable":true,"href":"https:\/\/arantv.az\/index.php?rest_route=\/wp\/v2\/media\/93094"}],"wp:attachment":[{"href":"https:\/\/arantv.az\/index.php?rest_route=%2Fwp%2Fv2%2Fmedia&parent=93091"}],"wp:term":[{"taxonomy":"category","embeddable":true,"href":"https:\/\/arantv.az\/index.php?rest_route=%2Fwp%2Fv2%2Fcategories&post=93091"},{"taxonomy":"post_tag","embeddable":true,"href":"https:\/\/arantv.az\/index.php?rest_route=%2Fwp%2Fv2%2Ftags&post=93091"}],"curies":[{"name":"wp","href":"https:\/\/api.w.org\/{rel}","templated":true}]}}