{"id":93099,"date":"2019-11-06T09:14:48","date_gmt":"2019-11-06T06:14:48","guid":{"rendered":"http:\/\/arantv.az\/?p=93099"},"modified":"2019-11-06T09:14:48","modified_gmt":"2019-11-06T06:14:48","slug":"vilay%c9%99t-eyvazov-generali-isd%c9%99n-cixardi-yeni-t%c9%99yinat","status":"publish","type":"post","link":"https:\/\/arantv.az\/?p=93099","title":{"rendered":"Vilay\u0259t Eyvazov general\u0131 i\u015fd\u0259n \u00e7\u0131xard\u0131 &#8211; YEN\u0130 T\u018fY\u0130NAT"},"content":{"rendered":"<p>Daxili \u0130\u015fl\u0259r Nazirliyinin Ba\u015f Narkotikl\u0259rl\u0259 M\u00fcbariz\u0259 \u0130dar\u0259sinin r\u0259isi, polis general-mayoru Aslanov H\u0259zi Arif o\u011flu tutdu\u011fu v\u0259zif\u0259d\u0259n azad edilib.<\/p>\n<p><strong>ARANTV.AZ<\/strong>-\u0131n m\u0259lumat\u0131na g\u00f6r\u0259, bu bar\u0259d\u0259 m\u00fcvafiq \u0259mri Daxili \u0130\u015fl\u0259r naziri, general-polkovnik Vilay\u0259t Eyvazov imzalay\u0131b.<\/p>\n<p>Nazirin dig\u0259r \u0259mrin\u0259 \u0259sas\u0259n, H\u0259zi Aslanov D\u0130N-in \u0130nsan Alverin\u0259 qar\u015f\u0131 M\u00fcbariz\u0259 Ba\u015f \u0130dar\u0259sin\u0259 r\u0259is\u00a0t\u0259yin olunub.<\/p>\n<div id=\"AdviadNativeVideo0\" class=\"AdviadNativeVideo\"><\/div>\n<p>Onun \u0259vv\u0259lki v\u0259zif\u0259sin\u0259 h\u0259l\u0259lik t\u0259yinat yoxdur.<\/p>\n<p>Qeyd ed\u0259k ki, V.Eyvazov \u00f6t\u0259n g\u00fcn\u00a0D\u0130N-in Ba\u015f Narkotikl\u0259rl\u0259 M\u00fcbariz\u0259 \u0130dar\u0259sinin \u015f\u00f6b\u0259 r\u0259isi, polis polkovnik-leytenant\u0131 \u0130zz\u0259t K\u0259rimov tutdu\u011fu v\u0259zif\u0259d\u0259n azad edilib.oxu.az<\/p>\n","protected":false},"excerpt":{"rendered":"<p>Daxili \u0130\u015fl\u0259r Nazirliyinin Ba\u015f Narkotikl\u0259rl\u0259 M\u00fcbariz\u0259 \u0130dar\u0259sinin r\u0259isi, polis general-mayoru Aslanov H\u0259zi Arif o\u011flu tutdu\u011fu v\u0259zif\u0259d\u0259n azad edilib. ARANTV.AZ-\u0131n m\u0259lumat\u0131na g\u00f6r\u0259, bu bar\u0259d\u0259 m\u00fcvafiq \u0259mri Daxili \u0130\u015fl\u0259r naziri, general-polkovnik Vilay\u0259t Eyvazov imzalay\u0131b. Nazirin dig\u0259r \u0259mrin\u0259 \u0259sas\u0259n, H\u0259zi Aslanov D\u0130N-in \u0130nsan Alverin\u0259 qar\u015f\u0131 M\u00fcbariz\u0259 Ba\u015f \u0130dar\u0259sin\u0259 r\u0259is\u00a0t\u0259yin olunub. Onun \u0259vv\u0259lki v\u0259zif\u0259sin\u0259 h\u0259l\u0259lik t\u0259yinat yoxdur. Qeyd ed\u0259k ki, V.Eyvazov \u00f6t\u0259n g\u00fcn\u00a0D\u0130N-in Ba\u015f Narkotikl\u0259rl\u0259 M\u00fcbariz\u0259 \u0130dar\u0259sinin \u015f\u00f6b\u0259 r\u0259isi, polis polkovnik-leytenant\u0131 \u0130zz\u0259t K\u0259rimov tutdu\u011fu v\u0259zif\u0259d\u0259n azad edilib.oxu.az<\/p>\n","protected":false},"author":2,"featured_media":93100,"comment_status":"closed","ping_status":"closed","sticky":false,"template":"","format":"standard","meta":{"om_disable_all_campaigns":false,"_monsterinsights_skip_tracking":false,"_monsterinsights_sitenote_active":false,"_monsterinsights_sitenote_note":"","_monsterinsights_sitenote_category":0},"categories":[1],"tags":[],"aioseo_notices":[],"gutentor_comment":0,"rttpg_featured_image_url":{"full":["https:\/\/arantv.az\/wp-content\/uploads\/2019\/11\/FotoJet-8.jpg",620,439,false],"landscape":["https:\/\/arantv.az\/wp-content\/uploads\/2019\/11\/FotoJet-8.jpg",620,439,false],"portraits":["https:\/\/arantv.az\/wp-content\/uploads\/2019\/11\/FotoJet-8.jpg",620,439,false],"thumbnail":["https:\/\/arantv.az\/wp-content\/uploads\/2019\/11\/FotoJet-8-150x150.jpg",150,150,true],"medium":["https:\/\/arantv.az\/wp-content\/uploads\/2019\/11\/FotoJet-8-300x212.jpg",300,212,true],"large":["https:\/\/arantv.az\/wp-content\/uploads\/2019\/11\/FotoJet-8.jpg",620,439,false],"1536x1536":["https:\/\/arantv.az\/wp-content\/uploads\/2019\/11\/FotoJet-8.jpg",620,439,false],"2048x2048":["https:\/\/arantv.az\/wp-content\/uploads\/2019\/11\/FotoJet-8.jpg",620,439,false],"post-thumbnail":["https:\/\/arantv.az\/wp-content\/uploads\/2019\/11\/FotoJet-8-240x172.jpg",240,172,true],"advps-thumb-one":["https:\/\/arantv.az\/wp-content\/uploads\/2019\/11\/FotoJet-8.jpg",620,439,false]},"rttpg_author":{"display_name":"V\u00fcsal Rafiqo\u011flu","author_link":"https:\/\/arantv.az\/?author=2"},"rttpg_comment":0,"rttpg_category":"<a href=\"https:\/\/arantv.az\/?cat=1\" rel=\"category\">C\u0259miyy\u0259t<\/a>","rttpg_excerpt":"Daxili \u0130\u015fl\u0259r Nazirliyinin Ba\u015f Narkotikl\u0259rl\u0259 M\u00fcbariz\u0259 \u0130dar\u0259sinin r\u0259isi, polis general-mayoru Aslanov H\u0259zi Arif o\u011flu tutdu\u011fu v\u0259zif\u0259d\u0259n azad edilib. ARANTV.AZ-\u0131n m\u0259lumat\u0131na g\u00f6r\u0259, bu bar\u0259d\u0259 m\u00fcvafiq \u0259mri Daxili \u0130\u015fl\u0259r naziri, general-polkovnik Vilay\u0259t Eyvazov imzalay\u0131b. Nazirin dig\u0259r \u0259mrin\u0259 \u0259sas\u0259n, H\u0259zi Aslanov D\u0130N-in \u0130nsan Alverin\u0259 qar\u015f\u0131 M\u00fcbariz\u0259 Ba\u015f \u0130dar\u0259sin\u0259 r\u0259is\u00a0t\u0259yin olunub. Onun \u0259vv\u0259lki v\u0259zif\u0259sin\u0259 h\u0259l\u0259lik t\u0259yinat yoxdur. Qeyd ed\u0259k&hellip;","_links":{"self":[{"href":"https:\/\/arantv.az\/index.php?rest_route=\/wp\/v2\/posts\/93099"}],"collection":[{"href":"https:\/\/arantv.az\/index.php?rest_route=\/wp\/v2\/posts"}],"about":[{"href":"https:\/\/arantv.az\/index.php?rest_route=\/wp\/v2\/types\/post"}],"author":[{"embeddable":true,"href":"https:\/\/arantv.az\/index.php?rest_route=\/wp\/v2\/users\/2"}],"replies":[{"embeddable":true,"href":"https:\/\/arantv.az\/index.php?rest_route=%2Fwp%2Fv2%2Fcomments&post=93099"}],"version-history":[{"count":0,"href":"https:\/\/arantv.az\/index.php?rest_route=\/wp\/v2\/posts\/93099\/revisions"}],"wp:featuredmedia":[{"embeddable":true,"href":"https:\/\/arantv.az\/index.php?rest_route=\/wp\/v2\/media\/93100"}],"wp:attachment":[{"href":"https:\/\/arantv.az\/index.php?rest_route=%2Fwp%2Fv2%2Fmedia&parent=93099"}],"wp:term":[{"taxonomy":"category","embeddable":true,"href":"https:\/\/arantv.az\/index.php?rest_route=%2Fwp%2Fv2%2Fcategories&post=93099"},{"taxonomy":"post_tag","embeddable":true,"href":"https:\/\/arantv.az\/index.php?rest_route=%2Fwp%2Fv2%2Ftags&post=93099"}],"curies":[{"name":"wp","href":"https:\/\/api.w.org\/{rel}","templated":true}]}}