{"id":93127,"date":"2019-11-06T09:31:30","date_gmt":"2019-11-06T06:31:30","guid":{"rendered":"http:\/\/arantv.az\/?p=93127"},"modified":"2019-11-06T09:31:30","modified_gmt":"2019-11-06T06:31:30","slug":"yuks%c9%99k-sur%c9%99t-q%c9%99zaya-s%c9%99b%c9%99b-oldu-yarali-var-foto-video","status":"publish","type":"post","link":"https:\/\/arantv.az\/?p=93127","title":{"rendered":"Y\u00fcks\u0259k s\u00fcr\u0259t q\u0259zaya s\u0259b\u0259b oldu: yaral\u0131 var &#8211; FOTO\/V\u0130DEO"},"content":{"rendered":"<p>N\u0259simi rayonunda yol-n\u0259qliyyat\u0131 hadis\u0259si zaman\u0131 bir n\u0259f\u0259r x\u0259sar\u0259t al\u0131b.<\/p>\n<p><b>ARANTV.AZ<\/b>\u00a0oxu.az-a istinad\u0259n x\u0259b\u0259r verir ki, q\u0259za 4-c\u00fc mikrorayon, H\u00fcseyn Seyidzad\u0259 k\u00fc\u00e7\u0259sind\u0259 ba\u015f verib.<\/p>\n<div><\/div>\n<p>Bel\u0259 ki, Tofiq \u018fliyev idar\u0259 etdiyi &#8220;Fiat Doblo&#8221; markal\u0131 n\u0259qliyyat vasit\u0259sil\u0259 m\u00fc\u0259yy\u0259n edilmi\u015f hiss\u0259d\u0259n \u0259sas yola \u00e7\u0131xmaq ist\u0259y\u0259rk\u0259n bu zaman \u0259ks istiqam\u0259td\u0259n y\u00fcks\u0259k s\u00fcr\u0259tl\u0259 g\u0259l\u0259n &#8220;Opel&#8221; markal\u0131 avtomobil ona \u00e7\u0131rp\u0131l\u0131b.<\/p>\n<p>Z\u0259rb\u0259nin g\u00fcc\u00fcnd\u0259n &#8220;Fiat Doblo&#8221; a\u015faraq k\u0259narda h\u0259r\u0259k\u0259tsiz v\u0259ziyy\u0259td\u0259 dayanan &#8220;Kia&#8221; markal\u0131 avtomobilin \u00fcz\u0259rin\u0259 d\u00fc\u015f\u00fcb.<\/p>\n<p>Q\u0259za zaman\u0131 &#8220;Fiat&#8221;\u0131n s\u00fcr\u00fcc\u00fc T.\u018fliyev x\u0259sar\u0259t al\u0131b.<\/p>\n<p>Hadis\u0259 yerind\u0259 N\u0259simi Rayon Polis \u0130dar\u0259sinin t\u0259hqiqat\u00e7\u0131lar\u0131 ara\u015fd\u0131rma apar\u0131r.<\/p>\n<div class=\"embed-responsive embed-responsive-16by9\"><iframe loading=\"lazy\" id=\"nmqembedid\" class=\"embed-responsive-item\" title=\"video player\" src=\"https:\/\/izle.az\/embed\/09cvyEmsTC3SS0rMLtUrKdNPzU1KTdE3NLA0sbRPS0rOyUyx9Sx3DDJK9En1MTCItHQO8HD0K3c28MxLjwiOqirwcUys0nVOKwz1zDPKsQhxTSvR9Qz39k3OtQwLS073KAcA\" width=\"600\" height=\"340\" frameborder=\"0\" scrolling=\"no\" allowfullscreen=\"allowfullscreen\" data-mce-fragment=\"1\"><\/iframe><\/div>\n<div class=\"datespan clearfix\"><\/div>\n","protected":false},"excerpt":{"rendered":"<p>N\u0259simi rayonunda yol-n\u0259qliyyat\u0131 hadis\u0259si zaman\u0131 bir n\u0259f\u0259r x\u0259sar\u0259t al\u0131b. ARANTV.AZ\u00a0oxu.az-a istinad\u0259n x\u0259b\u0259r verir ki, q\u0259za 4-c\u00fc mikrorayon, H\u00fcseyn Seyidzad\u0259 k\u00fc\u00e7\u0259sind\u0259 ba\u015f verib. Bel\u0259 ki, Tofiq \u018fliyev idar\u0259 etdiyi &#8220;Fiat Doblo&#8221; markal\u0131 n\u0259qliyyat vasit\u0259sil\u0259 m\u00fc\u0259yy\u0259n edilmi\u015f hiss\u0259d\u0259n \u0259sas yola \u00e7\u0131xmaq ist\u0259y\u0259rk\u0259n bu zaman \u0259ks istiqam\u0259td\u0259n y\u00fcks\u0259k s\u00fcr\u0259tl\u0259 g\u0259l\u0259n &#8220;Opel&#8221; markal\u0131 avtomobil ona \u00e7\u0131rp\u0131l\u0131b. Z\u0259rb\u0259nin g\u00fcc\u00fcnd\u0259n &#8220;Fiat Doblo&#8221; a\u015faraq k\u0259narda h\u0259r\u0259k\u0259tsiz v\u0259ziyy\u0259td\u0259 dayanan &#8220;Kia&#8221; markal\u0131 avtomobilin \u00fcz\u0259rin\u0259 d\u00fc\u015f\u00fcb. Q\u0259za zaman\u0131 &#8220;Fiat&#8221;\u0131n s\u00fcr\u00fcc\u00fc T.\u018fliyev x\u0259sar\u0259t al\u0131b. Hadis\u0259 yerind\u0259 N\u0259simi Rayon Polis \u0130dar\u0259sinin t\u0259hqiqat\u00e7\u0131lar\u0131 ara\u015fd\u0131rma apar\u0131r.<\/p>\n","protected":false},"author":2,"featured_media":93128,"comment_status":"closed","ping_status":"closed","sticky":false,"template":"","format":"standard","meta":{"om_disable_all_campaigns":false,"_monsterinsights_skip_tracking":false,"_monsterinsights_sitenote_active":false,"_monsterinsights_sitenote_note":"","_monsterinsights_sitenote_category":0},"categories":[5],"tags":[],"aioseo_notices":[],"gutentor_comment":0,"rttpg_featured_image_url":{"full":["https:\/\/arantv.az\/wp-content\/uploads\/2019\/11\/74632464_710026412832524_6022180379677425664_n.jpg",549,412,false],"landscape":["https:\/\/arantv.az\/wp-content\/uploads\/2019\/11\/74632464_710026412832524_6022180379677425664_n.jpg",549,412,false],"portraits":["https:\/\/arantv.az\/wp-content\/uploads\/2019\/11\/74632464_710026412832524_6022180379677425664_n.jpg",549,412,false],"thumbnail":["https:\/\/arantv.az\/wp-content\/uploads\/2019\/11\/74632464_710026412832524_6022180379677425664_n-150x150.jpg",150,150,true],"medium":["https:\/\/arantv.az\/wp-content\/uploads\/2019\/11\/74632464_710026412832524_6022180379677425664_n-300x225.jpg",300,225,true],"large":["https:\/\/arantv.az\/wp-content\/uploads\/2019\/11\/74632464_710026412832524_6022180379677425664_n.jpg",549,412,false],"1536x1536":["https:\/\/arantv.az\/wp-content\/uploads\/2019\/11\/74632464_710026412832524_6022180379677425664_n.jpg",549,412,false],"2048x2048":["https:\/\/arantv.az\/wp-content\/uploads\/2019\/11\/74632464_710026412832524_6022180379677425664_n.jpg",549,412,false],"post-thumbnail":["https:\/\/arantv.az\/wp-content\/uploads\/2019\/11\/74632464_710026412832524_6022180379677425664_n-240x172.jpg",240,172,true],"advps-thumb-one":["https:\/\/arantv.az\/wp-content\/uploads\/2019\/11\/74632464_710026412832524_6022180379677425664_n.jpg",549,412,false]},"rttpg_author":{"display_name":"V\u00fcsal Rafiqo\u011flu","author_link":"https:\/\/arantv.az\/?author=2"},"rttpg_comment":0,"rttpg_category":"<a href=\"https:\/\/arantv.az\/?cat=5\" rel=\"category\">Hadis\u0259<\/a>","rttpg_excerpt":"N\u0259simi rayonunda yol-n\u0259qliyyat\u0131 hadis\u0259si zaman\u0131 bir n\u0259f\u0259r x\u0259sar\u0259t al\u0131b. ARANTV.AZ\u00a0oxu.az-a istinad\u0259n x\u0259b\u0259r verir ki, q\u0259za 4-c\u00fc mikrorayon, H\u00fcseyn Seyidzad\u0259 k\u00fc\u00e7\u0259sind\u0259 ba\u015f verib. Bel\u0259 ki, Tofiq \u018fliyev idar\u0259 etdiyi &#8220;Fiat Doblo&#8221; markal\u0131 n\u0259qliyyat vasit\u0259sil\u0259 m\u00fc\u0259yy\u0259n edilmi\u015f hiss\u0259d\u0259n \u0259sas yola \u00e7\u0131xmaq ist\u0259y\u0259rk\u0259n bu zaman \u0259ks istiqam\u0259td\u0259n y\u00fcks\u0259k s\u00fcr\u0259tl\u0259 g\u0259l\u0259n &#8220;Opel&#8221; markal\u0131 avtomobil ona \u00e7\u0131rp\u0131l\u0131b. Z\u0259rb\u0259nin g\u00fcc\u00fcnd\u0259n &#8220;Fiat&hellip;","_links":{"self":[{"href":"https:\/\/arantv.az\/index.php?rest_route=\/wp\/v2\/posts\/93127"}],"collection":[{"href":"https:\/\/arantv.az\/index.php?rest_route=\/wp\/v2\/posts"}],"about":[{"href":"https:\/\/arantv.az\/index.php?rest_route=\/wp\/v2\/types\/post"}],"author":[{"embeddable":true,"href":"https:\/\/arantv.az\/index.php?rest_route=\/wp\/v2\/users\/2"}],"replies":[{"embeddable":true,"href":"https:\/\/arantv.az\/index.php?rest_route=%2Fwp%2Fv2%2Fcomments&post=93127"}],"version-history":[{"count":0,"href":"https:\/\/arantv.az\/index.php?rest_route=\/wp\/v2\/posts\/93127\/revisions"}],"wp:featuredmedia":[{"embeddable":true,"href":"https:\/\/arantv.az\/index.php?rest_route=\/wp\/v2\/media\/93128"}],"wp:attachment":[{"href":"https:\/\/arantv.az\/index.php?rest_route=%2Fwp%2Fv2%2Fmedia&parent=93127"}],"wp:term":[{"taxonomy":"category","embeddable":true,"href":"https:\/\/arantv.az\/index.php?rest_route=%2Fwp%2Fv2%2Fcategories&post=93127"},{"taxonomy":"post_tag","embeddable":true,"href":"https:\/\/arantv.az\/index.php?rest_route=%2Fwp%2Fv2%2Ftags&post=93127"}],"curies":[{"name":"wp","href":"https:\/\/api.w.org\/{rel}","templated":true}]}}