{"id":93159,"date":"2019-11-06T10:05:34","date_gmt":"2019-11-06T07:05:34","guid":{"rendered":"http:\/\/arantv.az\/?p=93159"},"modified":"2019-11-06T10:05:34","modified_gmt":"2019-11-06T07:05:34","slug":"az%c9%99rbaycanda-d%c9%99hs%c9%99tli-olay-nisanli-g%c9%99ncl%c9%99r-yanasi-d%c9%99fn-edildil%c9%99r-foto","status":"publish","type":"post","link":"https:\/\/arantv.az\/?p=93159","title":{"rendered":"Az\u0259rbaycanda d\u0259h\u015f\u0259tli olay &#8211; Ni\u015fanl\u0131 g\u0259ncl\u0259r YANA\u015eI D\u018fFN ED\u0130LD\u0130L\u018fR &#8211; FOTO"},"content":{"rendered":"<p>Bug\u00fcnl\u0259rd\u0259 Yard\u0131ml\u0131 rayonunda ba\u015f ver\u0259n hadis\u0259 h\u0259r k\u0259si t\u0259sirl\u0259ndirib.<\/p>\n<p><b>ARANTV.AZ\u00a0<\/b>\u00a0publika.az-a istinad\u0259n x\u0259b\u0259r verir ki, Yard\u0131ml\u0131 sakini H\u00fcseynov Az\u0259r H\u00fcseyna\u011fa o\u011flu uzun s\u00fcr\u0259n x\u0259st\u0259lik s\u0259b\u0259bind\u0259n v\u0259fat edib v\u0259 \u00f6z v\u0259siyy\u0259ti il\u0259 5 il \u0259vv\u0259l d\u00fcnyas\u0131n\u0131 d\u0259yi\u015fmi\u015f q\u0131z\u0131n yan\u0131nda d\u0259fn edilib.<\/p>\n<div><\/div>\n<p>Bel\u0259 ki, 1985-ci il t\u0259v\u0259ll\u00fcdl\u00fc Az\u0259r H\u00fcseynovun ni\u015fanl\u0131s\u0131, rayonun Osnak\u0259ran k\u0259nd sakini \u018fsg\u0259rzad\u0259 G\u00fcl\u0259rl Barat q\u0131z\u0131 2014-c\u00fc ild\u0259 \u00fcr\u0259k \u00e7at\u0131\u015fmazl\u0131\u011f\u0131ndan v\u0259fat ed\u0259nd\u0259n sonra Az\u0259r xiff\u0259td\u0259n a\u011f\u0131r x\u0259st\u0259liy\u0259 d\u00fc\u00e7ar olub. A\u011f ciy\u0259rind\u0259 probleml\u0259r s\u0259b\u0259bind\u0259n xeyli m\u00fcalic\u0259 edils\u0259 d\u0259, onun h\u0259yat\u0131n\u0131 xilas etm\u0259k m\u00fcmk\u00fcn olmay\u0131b. 10 noyabrda 34-c\u00fc do\u011fum g\u00fcn\u00fcn qeyd ed\u0259c\u0259k olan Az\u0259r tibbi m\u00fcdaxil\u0259l\u0259r\u0259 baxmayaraq v\u0259fat edib. O, \u00f6l\u00fcm\u00fcnd\u0259n \u0259vv\u0259l sevdiyi q\u0131z\u0131n yan\u0131nda d\u0259fn edilm\u0259sini v\u0259siyy\u0259t edib. Bel\u0259likl\u0259 Az\u0259r H\u00fcseynovun c\u0259naz\u0259si ya\u015fad\u0131\u011f\u0131 Yard\u0131ml\u0131 \u015f\u0259h\u0259rind\u0259n bir vaxtlar ni\u015fanl\u0131s\u0131n\u0131n ya\u015fad\u0131\u011f\u0131 k\u0259ndin m\u0259zarl\u0131\u011f\u0131na g\u0259tirilib v\u0259 G\u00fcl\u0259rin yan\u0131nda d\u0259fn edilib.<\/p>\n<p>Yax\u0131nlar\u0131n\u0131n bildirdiyin\u0259 g\u00f6r\u0259, ni\u015fanl\u0131s\u0131 v\u0259fat ed\u0259nd\u0259n sonra ail\u0259 \u00fczvl\u0259ri Az\u0259r\u0259 ba\u015fqas\u0131 il\u0259 ni\u015fanlanma\u011f\u0131, ail\u0259 qurma\u011f\u0131 t\u00f6vsiyy\u0259 v\u0259 vadar ets\u0259l\u0259r d\u0259, o raz\u0131la\u015fmay\u0131b v\u0259 bir m\u00fcdd\u0259t sonra a\u011f\u0131r x\u0259st\u0259liy\u0259 d\u00fc\u00e7ar olub.<\/p>\n<p><img class=\"imgbcode\" src=\"https:\/\/sonxeber.az\/uploads\/2e90ef2b29cce4b199c741c6884eda52.jpg\" alt=\"Az\u0259rbaycanda d\u0259h\u015f\u0259tli olay - Ni\u015fanl\u0131 g\u0259ncl\u0259r YANA\u015eI D\u018fFN ED\u0130LD\u0130L\u018fR - FOTO\" \/><img class=\"imgbcode\" src=\"https:\/\/sonxeber.az\/uploads\/46cebe14212835fd1a1efbc00c429a89.jpg\" alt=\"Az\u0259rbaycanda d\u0259h\u015f\u0259tli olay - Ni\u015fanl\u0131 g\u0259ncl\u0259r YANA\u015eI D\u018fFN ED\u0130LD\u0130L\u018fR - FOTO\" \/><\/p>\n","protected":false},"excerpt":{"rendered":"<p>Bug\u00fcnl\u0259rd\u0259 Yard\u0131ml\u0131 rayonunda ba\u015f ver\u0259n hadis\u0259 h\u0259r k\u0259si t\u0259sirl\u0259ndirib. ARANTV.AZ\u00a0\u00a0publika.az-a istinad\u0259n x\u0259b\u0259r verir ki, Yard\u0131ml\u0131 sakini H\u00fcseynov Az\u0259r H\u00fcseyna\u011fa o\u011flu uzun s\u00fcr\u0259n x\u0259st\u0259lik s\u0259b\u0259bind\u0259n v\u0259fat edib v\u0259 \u00f6z v\u0259siyy\u0259ti il\u0259 5 il \u0259vv\u0259l d\u00fcnyas\u0131n\u0131 d\u0259yi\u015fmi\u015f q\u0131z\u0131n yan\u0131nda d\u0259fn edilib. Bel\u0259 ki, 1985-ci il t\u0259v\u0259ll\u00fcdl\u00fc Az\u0259r H\u00fcseynovun ni\u015fanl\u0131s\u0131, rayonun Osnak\u0259ran k\u0259nd sakini \u018fsg\u0259rzad\u0259 G\u00fcl\u0259rl Barat q\u0131z\u0131 2014-c\u00fc ild\u0259 \u00fcr\u0259k \u00e7at\u0131\u015fmazl\u0131\u011f\u0131ndan v\u0259fat ed\u0259nd\u0259n sonra Az\u0259r xiff\u0259td\u0259n a\u011f\u0131r x\u0259st\u0259liy\u0259 d\u00fc\u00e7ar olub. A\u011f ciy\u0259rind\u0259 probleml\u0259r s\u0259b\u0259bind\u0259n xeyli m\u00fcalic\u0259 edils\u0259 d\u0259, onun h\u0259yat\u0131n\u0131 xilas etm\u0259k m\u00fcmk\u00fcn olmay\u0131b. 10 noyabrda 34-c\u00fc do\u011fum g\u00fcn\u00fcn qeyd ed\u0259c\u0259k olan&hellip;<\/p>\n","protected":false},"author":2,"featured_media":93160,"comment_status":"closed","ping_status":"closed","sticky":false,"template":"","format":"standard","meta":{"om_disable_all_campaigns":false,"_monsterinsights_skip_tracking":false,"_monsterinsights_sitenote_active":false,"_monsterinsights_sitenote_note":"","_monsterinsights_sitenote_category":0},"categories":[5],"tags":[],"aioseo_notices":[],"gutentor_comment":0,"rttpg_featured_image_url":{"full":["https:\/\/arantv.az\/wp-content\/uploads\/2019\/11\/1b76419599c041cfff9d5b8fe1986fa6.jpg",649,365,false],"landscape":["https:\/\/arantv.az\/wp-content\/uploads\/2019\/11\/1b76419599c041cfff9d5b8fe1986fa6.jpg",649,365,false],"portraits":["https:\/\/arantv.az\/wp-content\/uploads\/2019\/11\/1b76419599c041cfff9d5b8fe1986fa6.jpg",649,365,false],"thumbnail":["https:\/\/arantv.az\/wp-content\/uploads\/2019\/11\/1b76419599c041cfff9d5b8fe1986fa6-150x150.jpg",150,150,true],"medium":["https:\/\/arantv.az\/wp-content\/uploads\/2019\/11\/1b76419599c041cfff9d5b8fe1986fa6-300x169.jpg",300,169,true],"large":["https:\/\/arantv.az\/wp-content\/uploads\/2019\/11\/1b76419599c041cfff9d5b8fe1986fa6.jpg",640,360,false],"1536x1536":["https:\/\/arantv.az\/wp-content\/uploads\/2019\/11\/1b76419599c041cfff9d5b8fe1986fa6.jpg",649,365,false],"2048x2048":["https:\/\/arantv.az\/wp-content\/uploads\/2019\/11\/1b76419599c041cfff9d5b8fe1986fa6.jpg",649,365,false],"post-thumbnail":["https:\/\/arantv.az\/wp-content\/uploads\/2019\/11\/1b76419599c041cfff9d5b8fe1986fa6-240x172.jpg",240,172,true],"advps-thumb-one":["https:\/\/arantv.az\/wp-content\/uploads\/2019\/11\/1b76419599c041cfff9d5b8fe1986fa6.jpg",649,365,false]},"rttpg_author":{"display_name":"V\u00fcsal Rafiqo\u011flu","author_link":"https:\/\/arantv.az\/?author=2"},"rttpg_comment":0,"rttpg_category":"<a href=\"https:\/\/arantv.az\/?cat=5\" rel=\"category\">Hadis\u0259<\/a>","rttpg_excerpt":"Bug\u00fcnl\u0259rd\u0259 Yard\u0131ml\u0131 rayonunda ba\u015f ver\u0259n hadis\u0259 h\u0259r k\u0259si t\u0259sirl\u0259ndirib. ARANTV.AZ\u00a0\u00a0publika.az-a istinad\u0259n x\u0259b\u0259r verir ki, Yard\u0131ml\u0131 sakini H\u00fcseynov Az\u0259r H\u00fcseyna\u011fa o\u011flu uzun s\u00fcr\u0259n x\u0259st\u0259lik s\u0259b\u0259bind\u0259n v\u0259fat edib v\u0259 \u00f6z v\u0259siyy\u0259ti il\u0259 5 il \u0259vv\u0259l d\u00fcnyas\u0131n\u0131 d\u0259yi\u015fmi\u015f q\u0131z\u0131n yan\u0131nda d\u0259fn edilib. Bel\u0259 ki, 1985-ci il t\u0259v\u0259ll\u00fcdl\u00fc Az\u0259r H\u00fcseynovun ni\u015fanl\u0131s\u0131, rayonun Osnak\u0259ran k\u0259nd sakini \u018fsg\u0259rzad\u0259 G\u00fcl\u0259rl Barat q\u0131z\u0131&hellip;","_links":{"self":[{"href":"https:\/\/arantv.az\/index.php?rest_route=\/wp\/v2\/posts\/93159"}],"collection":[{"href":"https:\/\/arantv.az\/index.php?rest_route=\/wp\/v2\/posts"}],"about":[{"href":"https:\/\/arantv.az\/index.php?rest_route=\/wp\/v2\/types\/post"}],"author":[{"embeddable":true,"href":"https:\/\/arantv.az\/index.php?rest_route=\/wp\/v2\/users\/2"}],"replies":[{"embeddable":true,"href":"https:\/\/arantv.az\/index.php?rest_route=%2Fwp%2Fv2%2Fcomments&post=93159"}],"version-history":[{"count":0,"href":"https:\/\/arantv.az\/index.php?rest_route=\/wp\/v2\/posts\/93159\/revisions"}],"wp:featuredmedia":[{"embeddable":true,"href":"https:\/\/arantv.az\/index.php?rest_route=\/wp\/v2\/media\/93160"}],"wp:attachment":[{"href":"https:\/\/arantv.az\/index.php?rest_route=%2Fwp%2Fv2%2Fmedia&parent=93159"}],"wp:term":[{"taxonomy":"category","embeddable":true,"href":"https:\/\/arantv.az\/index.php?rest_route=%2Fwp%2Fv2%2Fcategories&post=93159"},{"taxonomy":"post_tag","embeddable":true,"href":"https:\/\/arantv.az\/index.php?rest_route=%2Fwp%2Fv2%2Ftags&post=93159"}],"curies":[{"name":"wp","href":"https:\/\/api.w.org\/{rel}","templated":true}]}}