{"id":93167,"date":"2019-11-06T10:09:57","date_gmt":"2019-11-06T07:09:57","guid":{"rendered":"http:\/\/arantv.az\/?p=93167"},"modified":"2019-11-06T10:09:57","modified_gmt":"2019-11-06T07:09:57","slug":"az%c9%99rbaycan-avropada-ingilisc%c9%99-sonuncu-oldu-reytinq","status":"publish","type":"post","link":"https:\/\/arantv.az\/?p=93167","title":{"rendered":"Az\u0259rbaycan Avropada \u201cingilisc\u0259\u201d sonuncu oldu &#8211; REYT\u0130NQ"},"content":{"rendered":"<p><strong>\u0130ngilis dilini bilm\u0259 s\u0259viyy\u0259sin\u0259 g\u00f6r\u0259 Az\u0259rbaycan Avropada sonuncu yeri tutur.<\/strong><\/p>\n<p><strong>ARANTV.AZ<\/strong> x\u0259b\u0259r verir ki, bu bar\u0259d\u0259 reytinqi \u201cEdukey\u015f\u0131n F\u00f6st\u201d haz\u0131rlay\u0131b. Bel\u0259 ki, reytinq c\u0259dv\u0259lin\u0259 d\u00fcnya \u00fczr\u0259 \u00fcmumilikd\u0259 100 \u00f6lk\u0259nin ad\u0131 daxil edilib.<\/p>\n<p>Avropadan siyah\u0131da 33 \u00f6lk\u0259nin ad\u0131 yer al\u0131b. Az\u0259rbaycan Avropa d\u00f6vl\u0259tl\u0259ri aras\u0131nda ingilis dilini bilm\u0259 s\u0259viyy\u0259sin\u0259 g\u00f6r\u0259 sonuncu yerd\u0259 q\u0259rarla\u015f\u0131b. D\u00fcnya \u00fczr\u0259 g\u00f6st\u0259ricid\u0259 is\u0259 Az\u0259rbaycan 85-ci yeri tutub.<\/p>\n<p>Avropa \u00fczr\u0259 t\u0259rtib olunan reytinq c\u0259dv\u0259lind\u0259 \u00f6lk\u0259mizd\u0259n \u00f6nc\u0259ki pill\u0259d\u0259 T\u00fcrkiy\u0259 v\u0259 G\u00fcrc\u00fcstan yer al\u0131b. Postsovet m\u0259kan\u0131 \u00f6lk\u0259l\u0259rind\u0259n olan Ukrayna 29, Rusiya 28, Belarus is\u0259 27-ci yeri tutub.<\/p>\n<p>D\u00fcnya \u00fczr\u0259 reytinq c\u0259dv\u0259lin\u0259 Niderland, \u0130sve\u00e7 v\u0259 Norve\u00e7 r\u0259hb\u0259rlik edib. Sonuncu pill\u0259l\u0259rd\u0259 is\u0259 S\u0259udiyy\u0259 \u018fr\u0259bistan\u0131, Q\u0131r\u011f\u0131z\u0131stan v\u0259 Liviya yer al\u0131b.Axar.az<\/p>\n","protected":false},"excerpt":{"rendered":"<p>\u0130ngilis dilini bilm\u0259 s\u0259viyy\u0259sin\u0259 g\u00f6r\u0259 Az\u0259rbaycan Avropada sonuncu yeri tutur. ARANTV.AZ x\u0259b\u0259r verir ki, bu bar\u0259d\u0259 reytinqi \u201cEdukey\u015f\u0131n F\u00f6st\u201d haz\u0131rlay\u0131b. Bel\u0259 ki, reytinq c\u0259dv\u0259lin\u0259 d\u00fcnya \u00fczr\u0259 \u00fcmumilikd\u0259 100 \u00f6lk\u0259nin ad\u0131 daxil edilib. Avropadan siyah\u0131da 33 \u00f6lk\u0259nin ad\u0131 yer al\u0131b. Az\u0259rbaycan Avropa d\u00f6vl\u0259tl\u0259ri aras\u0131nda ingilis dilini bilm\u0259 s\u0259viyy\u0259sin\u0259 g\u00f6r\u0259 sonuncu yerd\u0259 q\u0259rarla\u015f\u0131b. D\u00fcnya \u00fczr\u0259 g\u00f6st\u0259ricid\u0259 is\u0259 Az\u0259rbaycan 85-ci yeri tutub. Avropa \u00fczr\u0259 t\u0259rtib olunan reytinq c\u0259dv\u0259lind\u0259 \u00f6lk\u0259mizd\u0259n \u00f6nc\u0259ki pill\u0259d\u0259 T\u00fcrkiy\u0259 v\u0259 G\u00fcrc\u00fcstan yer al\u0131b. Postsovet m\u0259kan\u0131 \u00f6lk\u0259l\u0259rind\u0259n olan Ukrayna 29, Rusiya 28, Belarus is\u0259 27-ci yeri tutub. D\u00fcnya \u00fczr\u0259 reytinq c\u0259dv\u0259lin\u0259&hellip;<\/p>\n","protected":false},"author":2,"featured_media":93168,"comment_status":"closed","ping_status":"closed","sticky":false,"template":"","format":"standard","meta":{"om_disable_all_campaigns":false,"_monsterinsights_skip_tracking":false,"_monsterinsights_sitenote_active":false,"_monsterinsights_sitenote_note":"","_monsterinsights_sitenote_category":0},"categories":[1],"tags":[],"aioseo_notices":[],"gutentor_comment":0,"rttpg_featured_image_url":{"full":["https:\/\/arantv.az\/wp-content\/uploads\/2019\/11\/ehali.jpg",800,450,false],"landscape":["https:\/\/arantv.az\/wp-content\/uploads\/2019\/11\/ehali.jpg",800,450,false],"portraits":["https:\/\/arantv.az\/wp-content\/uploads\/2019\/11\/ehali.jpg",800,450,false],"thumbnail":["https:\/\/arantv.az\/wp-content\/uploads\/2019\/11\/ehali-150x150.jpg",150,150,true],"medium":["https:\/\/arantv.az\/wp-content\/uploads\/2019\/11\/ehali-300x169.jpg",300,169,true],"large":["https:\/\/arantv.az\/wp-content\/uploads\/2019\/11\/ehali.jpg",640,360,false],"1536x1536":["https:\/\/arantv.az\/wp-content\/uploads\/2019\/11\/ehali.jpg",800,450,false],"2048x2048":["https:\/\/arantv.az\/wp-content\/uploads\/2019\/11\/ehali.jpg",800,450,false],"post-thumbnail":["https:\/\/arantv.az\/wp-content\/uploads\/2019\/11\/ehali-240x172.jpg",240,172,true],"advps-thumb-one":["https:\/\/arantv.az\/wp-content\/uploads\/2019\/11\/ehali.jpg",800,450,false]},"rttpg_author":{"display_name":"V\u00fcsal Rafiqo\u011flu","author_link":"https:\/\/arantv.az\/?author=2"},"rttpg_comment":0,"rttpg_category":"<a href=\"https:\/\/arantv.az\/?cat=1\" rel=\"category\">C\u0259miyy\u0259t<\/a>","rttpg_excerpt":"\u0130ngilis dilini bilm\u0259 s\u0259viyy\u0259sin\u0259 g\u00f6r\u0259 Az\u0259rbaycan Avropada sonuncu yeri tutur. ARANTV.AZ x\u0259b\u0259r verir ki, bu bar\u0259d\u0259 reytinqi \u201cEdukey\u015f\u0131n F\u00f6st\u201d haz\u0131rlay\u0131b. Bel\u0259 ki, reytinq c\u0259dv\u0259lin\u0259 d\u00fcnya \u00fczr\u0259 \u00fcmumilikd\u0259 100 \u00f6lk\u0259nin ad\u0131 daxil edilib. Avropadan siyah\u0131da 33 \u00f6lk\u0259nin ad\u0131 yer al\u0131b. Az\u0259rbaycan Avropa d\u00f6vl\u0259tl\u0259ri aras\u0131nda ingilis dilini bilm\u0259 s\u0259viyy\u0259sin\u0259 g\u00f6r\u0259 sonuncu yerd\u0259 q\u0259rarla\u015f\u0131b. D\u00fcnya \u00fczr\u0259 g\u00f6st\u0259ricid\u0259 is\u0259&hellip;","_links":{"self":[{"href":"https:\/\/arantv.az\/index.php?rest_route=\/wp\/v2\/posts\/93167"}],"collection":[{"href":"https:\/\/arantv.az\/index.php?rest_route=\/wp\/v2\/posts"}],"about":[{"href":"https:\/\/arantv.az\/index.php?rest_route=\/wp\/v2\/types\/post"}],"author":[{"embeddable":true,"href":"https:\/\/arantv.az\/index.php?rest_route=\/wp\/v2\/users\/2"}],"replies":[{"embeddable":true,"href":"https:\/\/arantv.az\/index.php?rest_route=%2Fwp%2Fv2%2Fcomments&post=93167"}],"version-history":[{"count":0,"href":"https:\/\/arantv.az\/index.php?rest_route=\/wp\/v2\/posts\/93167\/revisions"}],"wp:featuredmedia":[{"embeddable":true,"href":"https:\/\/arantv.az\/index.php?rest_route=\/wp\/v2\/media\/93168"}],"wp:attachment":[{"href":"https:\/\/arantv.az\/index.php?rest_route=%2Fwp%2Fv2%2Fmedia&parent=93167"}],"wp:term":[{"taxonomy":"category","embeddable":true,"href":"https:\/\/arantv.az\/index.php?rest_route=%2Fwp%2Fv2%2Fcategories&post=93167"},{"taxonomy":"post_tag","embeddable":true,"href":"https:\/\/arantv.az\/index.php?rest_route=%2Fwp%2Fv2%2Ftags&post=93167"}],"curies":[{"name":"wp","href":"https:\/\/api.w.org\/{rel}","templated":true}]}}