{"id":93179,"date":"2019-11-06T10:36:58","date_gmt":"2019-11-06T07:36:58","guid":{"rendered":"http:\/\/arantv.az\/?p=93179"},"modified":"2019-11-06T10:36:58","modified_gmt":"2019-11-06T07:36:58","slug":"s%c9%99rxos-s%c9%99rnisin-metroda-relsl%c9%99rin-ustun%c9%99-yixildi-video","status":"publish","type":"post","link":"https:\/\/arantv.az\/?p=93179","title":{"rendered":"S\u0259rxo\u015f s\u0259rni\u015fin metroda relsl\u0259rin \u00fcst\u00fcn\u0259 y\u0131x\u0131ld\u0131 &#8211; V\u0130DEO"},"content":{"rendered":"<article class=\"news\">\n<div class=\"news-inner\">\n<p>AB\u015e-da ax\u015fam saatlar\u0131nda\u00a0futbol mat\u00e7\u0131ndan qay\u0131dan s\u0259rxo\u015f \u015f\u0259xs h\u0259r\u0259k\u0259td\u0259 olan qatar\u0131n qar\u015f\u0131s\u0131na y\u0131x\u0131l\u0131b.<\/p>\n<p>Bunu g\u00f6r\u0259n metro\u00a0stansiyas\u0131n\u0131n i\u015f\u00e7isi Con Konor d\u0259rhal ir\u0259li at\u0131laraq h\u0259min \u015f\u0259xsi yuxar\u0131 \u00e7\u0259kib, platformaya qald\u0131r\u0131b v\u0259 yax\u0131nla\u015fan qatar\u0131n alt\u0131nda qalmaqdan xilas edib.<\/p>\n<div id=\"AdviadNativeVideo0\" class=\"AdviadNativeVideo\"><\/div>\n<p>Onun bu h\u0259r\u0259k\u0259tl\u0259ri m\u00fc\u015fahid\u0259 kameras\u0131na d\u00fc\u015f\u00fcb v\u0259 s\u00fcr\u0259tl\u0259\u00a0internet saytlar\u0131, sosial \u015f\u0259b\u0259k\u0259l\u0259rd\u0259 yay\u0131l\u0131b. \u0130stifad\u0259\u00e7il\u0259r onu \u201cq\u0259hr\u0259man\u201d adland\u0131r\u0131blar.<\/p>\n<p>\u201cVaxt\u0131nda yeti\u015fm\u0259s\u0259ydim, qatar onu do\u011frayacaqd\u0131, m\u0259n onun \u00f6lm\u0259yin\u0259 yol ver\u0259 bilm\u0259zdim\u201d, &#8211; dey\u0259 Konor bildirib.<\/p>\n<p>Xilas olunan \u015f\u0259xs yerli x\u0259st\u0259xanaya apar\u0131l\u0131b v\u0259 h\u0259yati t\u0259hl\u00fck\u0259si\u00a0<a href=\"https:\/\/lenta.ru\/news\/2019\/11\/06\/one_sec\/?fbclid=IwAR1Dh4z1g-RG7pu7GDVB89u1yE3i2TDtSCE4HyXQ7ET1iJxtvGrPnaV3lAY\" target=\"_blank\" rel=\"noopener\">yoxdur.<\/a><\/p>\n<div><iframe loading=\"lazy\" src=\"https:\/\/www.youtube.com\/embed\/ZqkMAWKeBGg\" width=\"560\" height=\"315\" frameborder=\"0\" allowfullscreen=\"allowfullscreen\" data-mce-fragment=\"1\"><\/iframe><\/div>\n<\/div>\n<\/article>\n<h2 class=\"news-share-title\"><\/h2>\n","protected":false},"excerpt":{"rendered":"<p>AB\u015e-da ax\u015fam saatlar\u0131nda\u00a0futbol mat\u00e7\u0131ndan qay\u0131dan s\u0259rxo\u015f \u015f\u0259xs h\u0259r\u0259k\u0259td\u0259 olan qatar\u0131n qar\u015f\u0131s\u0131na y\u0131x\u0131l\u0131b. Bunu g\u00f6r\u0259n metro\u00a0stansiyas\u0131n\u0131n i\u015f\u00e7isi Con Konor d\u0259rhal ir\u0259li at\u0131laraq h\u0259min \u015f\u0259xsi yuxar\u0131 \u00e7\u0259kib, platformaya qald\u0131r\u0131b v\u0259 yax\u0131nla\u015fan qatar\u0131n alt\u0131nda qalmaqdan xilas edib. Onun bu h\u0259r\u0259k\u0259tl\u0259ri m\u00fc\u015fahid\u0259 kameras\u0131na d\u00fc\u015f\u00fcb v\u0259 s\u00fcr\u0259tl\u0259\u00a0internet saytlar\u0131, sosial \u015f\u0259b\u0259k\u0259l\u0259rd\u0259 yay\u0131l\u0131b. \u0130stifad\u0259\u00e7il\u0259r onu \u201cq\u0259hr\u0259man\u201d adland\u0131r\u0131blar. \u201cVaxt\u0131nda yeti\u015fm\u0259s\u0259ydim, qatar onu do\u011frayacaqd\u0131, m\u0259n onun \u00f6lm\u0259yin\u0259 yol ver\u0259 bilm\u0259zdim\u201d, &#8211; dey\u0259 Konor bildirib. Xilas olunan \u015f\u0259xs yerli x\u0259st\u0259xanaya apar\u0131l\u0131b v\u0259 h\u0259yati t\u0259hl\u00fck\u0259si\u00a0yoxdur.<\/p>\n","protected":false},"author":2,"featured_media":93180,"comment_status":"closed","ping_status":"closed","sticky":false,"template":"","format":"standard","meta":{"om_disable_all_campaigns":false,"_monsterinsights_skip_tracking":false,"_monsterinsights_sitenote_active":false,"_monsterinsights_sitenote_note":"","_monsterinsights_sitenote_category":0},"categories":[7],"tags":[],"aioseo_notices":[],"gutentor_comment":0,"rttpg_featured_image_url":{"full":["https:\/\/arantv.az\/wp-content\/uploads\/2019\/11\/s\u00c9_rxo\u00c5_.jpg",620,413,false],"landscape":["https:\/\/arantv.az\/wp-content\/uploads\/2019\/11\/s\u00c9_rxo\u00c5_.jpg",620,413,false],"portraits":["https:\/\/arantv.az\/wp-content\/uploads\/2019\/11\/s\u00c9_rxo\u00c5_.jpg",620,413,false],"thumbnail":["https:\/\/arantv.az\/wp-content\/uploads\/2019\/11\/s\u00c9_rxo\u00c5_-150x150.jpg",150,150,true],"medium":["https:\/\/arantv.az\/wp-content\/uploads\/2019\/11\/s\u00c9_rxo\u00c5_-300x200.jpg",300,200,true],"large":["https:\/\/arantv.az\/wp-content\/uploads\/2019\/11\/s\u00c9_rxo\u00c5_.jpg",620,413,false],"1536x1536":["https:\/\/arantv.az\/wp-content\/uploads\/2019\/11\/s\u00c9_rxo\u00c5_.jpg",620,413,false],"2048x2048":["https:\/\/arantv.az\/wp-content\/uploads\/2019\/11\/s\u00c9_rxo\u00c5_.jpg",620,413,false],"post-thumbnail":["https:\/\/arantv.az\/wp-content\/uploads\/2019\/11\/s\u00c9_rxo\u00c5_-240x172.jpg",240,172,true],"advps-thumb-one":["https:\/\/arantv.az\/wp-content\/uploads\/2019\/11\/s\u00c9_rxo\u00c5_.jpg",620,413,false]},"rttpg_author":{"display_name":"V\u00fcsal Rafiqo\u011flu","author_link":"https:\/\/arantv.az\/?author=2"},"rttpg_comment":0,"rttpg_category":"<a href=\"https:\/\/arantv.az\/?cat=7\" rel=\"category\">D\u00fcnya<\/a>","rttpg_excerpt":"AB\u015e-da ax\u015fam saatlar\u0131nda\u00a0futbol mat\u00e7\u0131ndan qay\u0131dan s\u0259rxo\u015f \u015f\u0259xs h\u0259r\u0259k\u0259td\u0259 olan qatar\u0131n qar\u015f\u0131s\u0131na y\u0131x\u0131l\u0131b. Bunu g\u00f6r\u0259n metro\u00a0stansiyas\u0131n\u0131n i\u015f\u00e7isi Con Konor d\u0259rhal ir\u0259li at\u0131laraq h\u0259min \u015f\u0259xsi yuxar\u0131 \u00e7\u0259kib, platformaya qald\u0131r\u0131b v\u0259 yax\u0131nla\u015fan qatar\u0131n alt\u0131nda qalmaqdan xilas edib. Onun bu h\u0259r\u0259k\u0259tl\u0259ri m\u00fc\u015fahid\u0259 kameras\u0131na d\u00fc\u015f\u00fcb v\u0259 s\u00fcr\u0259tl\u0259\u00a0internet saytlar\u0131, sosial \u015f\u0259b\u0259k\u0259l\u0259rd\u0259 yay\u0131l\u0131b. \u0130stifad\u0259\u00e7il\u0259r onu \u201cq\u0259hr\u0259man\u201d adland\u0131r\u0131blar. \u201cVaxt\u0131nda yeti\u015fm\u0259s\u0259ydim, qatar onu do\u011frayacaqd\u0131,&hellip;","_links":{"self":[{"href":"https:\/\/arantv.az\/index.php?rest_route=\/wp\/v2\/posts\/93179"}],"collection":[{"href":"https:\/\/arantv.az\/index.php?rest_route=\/wp\/v2\/posts"}],"about":[{"href":"https:\/\/arantv.az\/index.php?rest_route=\/wp\/v2\/types\/post"}],"author":[{"embeddable":true,"href":"https:\/\/arantv.az\/index.php?rest_route=\/wp\/v2\/users\/2"}],"replies":[{"embeddable":true,"href":"https:\/\/arantv.az\/index.php?rest_route=%2Fwp%2Fv2%2Fcomments&post=93179"}],"version-history":[{"count":0,"href":"https:\/\/arantv.az\/index.php?rest_route=\/wp\/v2\/posts\/93179\/revisions"}],"wp:featuredmedia":[{"embeddable":true,"href":"https:\/\/arantv.az\/index.php?rest_route=\/wp\/v2\/media\/93180"}],"wp:attachment":[{"href":"https:\/\/arantv.az\/index.php?rest_route=%2Fwp%2Fv2%2Fmedia&parent=93179"}],"wp:term":[{"taxonomy":"category","embeddable":true,"href":"https:\/\/arantv.az\/index.php?rest_route=%2Fwp%2Fv2%2Fcategories&post=93179"},{"taxonomy":"post_tag","embeddable":true,"href":"https:\/\/arantv.az\/index.php?rest_route=%2Fwp%2Fv2%2Ftags&post=93179"}],"curies":[{"name":"wp","href":"https:\/\/api.w.org\/{rel}","templated":true}]}}