{"id":93193,"date":"2019-11-06T11:16:54","date_gmt":"2019-11-06T08:16:54","guid":{"rendered":"http:\/\/arantv.az\/?p=93193"},"modified":"2019-11-06T11:16:54","modified_gmt":"2019-11-06T08:16:54","slug":"kafed%c9%99-26-yasli-g%c9%99nc-tanisini-bicaqladi","status":"publish","type":"post","link":"https:\/\/arantv.az\/?p=93193","title":{"rendered":"Kafed\u0259 26 ya\u015fl\u0131 g\u0259nc tan\u0131\u015f\u0131n\u0131 b\u0131\u00e7aqlad\u0131"},"content":{"rendered":"<p>Bak\u0131da kafed\u0259 tan\u0131\u015f\u0131n\u0131 b\u0131\u00e7aqlamaqda t\u0259qsirl\u0259ndiril\u0259n Eldar Ordaxanovun cinay\u0259t i\u015fi \u00fczr\u0259 ibtidai istintaq ba\u015fa \u00e7at\u0131b.<br \/>\n<b>ARANTV.AZ\u00a0<\/b>\u00a0&#8220;\u00d6lk\u0259.Az&#8221;a istinad\u0259n x\u0259b\u0259r verir ki, cinay\u0259t i\u015finin materiallar\u0131 bax\u0131lmas\u0131 \u00fc\u00e7\u00fcn Bak\u0131 A\u011f\u0131r Cinay\u0259tl\u0259r M\u0259hk\u0259m\u0259sin\u0259 g\u00f6nd\u0259rilib.<\/p>\n<p>Cinay\u0259t i\u015fi hakim Ramella Allahverdiyevan\u0131n icraat\u0131na verilib.<\/p>\n<div><\/div>\n<p>Qeyd ed\u0259k ki, hadis\u0259 bu il aprelin 28-d\u0259 saat 01:20 rad\u0259l\u0259rind\u0259 paytaxt\u0131n Nizami rayonunda qeyd\u0259 al\u0131n\u0131b. 1993-c\u00fc il t\u0259v\u0259ll\u00fcdl\u00fc Ordaxanov Eldar \u018fli o\u011flu M.\u018fliyev k\u00fc\u00e7\u0259sind\u0259 yerl\u0259\u015f\u0259n kafenin qar\u015f\u0131s\u0131nda aralar\u0131nda yaranm\u0131\u015f m\u00fcbahis\u0259 zaman\u0131 tan\u0131\u015f\u0131, 1988-ci il t\u0259v\u0259ll\u00fcdl\u00fc Al\u0131xanov Nicat Dost\u0259li o\u011fluna b\u0131\u00e7aqla qar\u0131n nayih\u0259sin\u0259 k\u0259silmi\u015f-de\u015filmi\u015f x\u0259sar\u0259tl\u0259r yetirib. N.Al\u0131xanov 3 sayl\u0131 \u015f\u0259h\u0259r x\u0259st\u0259xanas\u0131na \u00e7atd\u0131r\u0131l\u0131b v\u0259 h\u0259yat\u0131n\u0131 xilas etm\u0259k m\u00fcmk\u00fcn olub.<br \/>\nHadis\u0259ni t\u00f6r\u0259d\u0259n E.Ordaxanov saxlan\u0131l\u0131b.<\/p>\n","protected":false},"excerpt":{"rendered":"<p>Bak\u0131da kafed\u0259 tan\u0131\u015f\u0131n\u0131 b\u0131\u00e7aqlamaqda t\u0259qsirl\u0259ndiril\u0259n Eldar Ordaxanovun cinay\u0259t i\u015fi \u00fczr\u0259 ibtidai istintaq ba\u015fa \u00e7at\u0131b. ARANTV.AZ\u00a0\u00a0&#8220;\u00d6lk\u0259.Az&#8221;a istinad\u0259n x\u0259b\u0259r verir ki, cinay\u0259t i\u015finin materiallar\u0131 bax\u0131lmas\u0131 \u00fc\u00e7\u00fcn Bak\u0131 A\u011f\u0131r Cinay\u0259tl\u0259r M\u0259hk\u0259m\u0259sin\u0259 g\u00f6nd\u0259rilib. Cinay\u0259t i\u015fi hakim Ramella Allahverdiyevan\u0131n icraat\u0131na verilib. Qeyd ed\u0259k ki, hadis\u0259 bu il aprelin 28-d\u0259 saat 01:20 rad\u0259l\u0259rind\u0259 paytaxt\u0131n Nizami rayonunda qeyd\u0259 al\u0131n\u0131b. 1993-c\u00fc il t\u0259v\u0259ll\u00fcdl\u00fc Ordaxanov Eldar \u018fli o\u011flu M.\u018fliyev k\u00fc\u00e7\u0259sind\u0259 yerl\u0259\u015f\u0259n kafenin qar\u015f\u0131s\u0131nda aralar\u0131nda yaranm\u0131\u015f m\u00fcbahis\u0259 zaman\u0131 tan\u0131\u015f\u0131, 1988-ci il t\u0259v\u0259ll\u00fcdl\u00fc Al\u0131xanov Nicat Dost\u0259li o\u011fluna b\u0131\u00e7aqla qar\u0131n nayih\u0259sin\u0259 k\u0259silmi\u015f-de\u015filmi\u015f x\u0259sar\u0259tl\u0259r yetirib. N.Al\u0131xanov 3 sayl\u0131 \u015f\u0259h\u0259r x\u0259st\u0259xanas\u0131na \u00e7atd\u0131r\u0131l\u0131b v\u0259 h\u0259yat\u0131n\u0131&hellip;<\/p>\n","protected":false},"author":2,"featured_media":93194,"comment_status":"closed","ping_status":"closed","sticky":false,"template":"","format":"standard","meta":{"om_disable_all_campaigns":false,"_monsterinsights_skip_tracking":false,"_monsterinsights_sitenote_active":false,"_monsterinsights_sitenote_note":"","_monsterinsights_sitenote_category":0},"categories":[3],"tags":[],"aioseo_notices":[],"gutentor_comment":0,"rttpg_featured_image_url":{"full":["https:\/\/arantv.az\/wp-content\/uploads\/2019\/11\/1573024843bicaq_yeni.jpg",549,332,false],"landscape":["https:\/\/arantv.az\/wp-content\/uploads\/2019\/11\/1573024843bicaq_yeni.jpg",549,332,false],"portraits":["https:\/\/arantv.az\/wp-content\/uploads\/2019\/11\/1573024843bicaq_yeni.jpg",549,332,false],"thumbnail":["https:\/\/arantv.az\/wp-content\/uploads\/2019\/11\/1573024843bicaq_yeni-150x150.jpg",150,150,true],"medium":["https:\/\/arantv.az\/wp-content\/uploads\/2019\/11\/1573024843bicaq_yeni-300x181.jpg",300,181,true],"large":["https:\/\/arantv.az\/wp-content\/uploads\/2019\/11\/1573024843bicaq_yeni.jpg",549,332,false],"1536x1536":["https:\/\/arantv.az\/wp-content\/uploads\/2019\/11\/1573024843bicaq_yeni.jpg",549,332,false],"2048x2048":["https:\/\/arantv.az\/wp-content\/uploads\/2019\/11\/1573024843bicaq_yeni.jpg",549,332,false],"post-thumbnail":["https:\/\/arantv.az\/wp-content\/uploads\/2019\/11\/1573024843bicaq_yeni-240x172.jpg",240,172,true],"advps-thumb-one":["https:\/\/arantv.az\/wp-content\/uploads\/2019\/11\/1573024843bicaq_yeni.jpg",549,332,false]},"rttpg_author":{"display_name":"V\u00fcsal Rafiqo\u011flu","author_link":"https:\/\/arantv.az\/?author=2"},"rttpg_comment":0,"rttpg_category":"<a href=\"https:\/\/arantv.az\/?cat=3\" rel=\"category\">Kriminal<\/a>","rttpg_excerpt":"Bak\u0131da kafed\u0259 tan\u0131\u015f\u0131n\u0131 b\u0131\u00e7aqlamaqda t\u0259qsirl\u0259ndiril\u0259n Eldar Ordaxanovun cinay\u0259t i\u015fi \u00fczr\u0259 ibtidai istintaq ba\u015fa \u00e7at\u0131b. ARANTV.AZ\u00a0\u00a0&#8220;\u00d6lk\u0259.Az&#8221;a istinad\u0259n x\u0259b\u0259r verir ki, cinay\u0259t i\u015finin materiallar\u0131 bax\u0131lmas\u0131 \u00fc\u00e7\u00fcn Bak\u0131 A\u011f\u0131r Cinay\u0259tl\u0259r M\u0259hk\u0259m\u0259sin\u0259 g\u00f6nd\u0259rilib. Cinay\u0259t i\u015fi hakim Ramella Allahverdiyevan\u0131n icraat\u0131na verilib. Qeyd ed\u0259k ki, hadis\u0259 bu il aprelin 28-d\u0259 saat 01:20 rad\u0259l\u0259rind\u0259 paytaxt\u0131n Nizami rayonunda qeyd\u0259 al\u0131n\u0131b. 1993-c\u00fc il t\u0259v\u0259ll\u00fcdl\u00fc&hellip;","_links":{"self":[{"href":"https:\/\/arantv.az\/index.php?rest_route=\/wp\/v2\/posts\/93193"}],"collection":[{"href":"https:\/\/arantv.az\/index.php?rest_route=\/wp\/v2\/posts"}],"about":[{"href":"https:\/\/arantv.az\/index.php?rest_route=\/wp\/v2\/types\/post"}],"author":[{"embeddable":true,"href":"https:\/\/arantv.az\/index.php?rest_route=\/wp\/v2\/users\/2"}],"replies":[{"embeddable":true,"href":"https:\/\/arantv.az\/index.php?rest_route=%2Fwp%2Fv2%2Fcomments&post=93193"}],"version-history":[{"count":0,"href":"https:\/\/arantv.az\/index.php?rest_route=\/wp\/v2\/posts\/93193\/revisions"}],"wp:featuredmedia":[{"embeddable":true,"href":"https:\/\/arantv.az\/index.php?rest_route=\/wp\/v2\/media\/93194"}],"wp:attachment":[{"href":"https:\/\/arantv.az\/index.php?rest_route=%2Fwp%2Fv2%2Fmedia&parent=93193"}],"wp:term":[{"taxonomy":"category","embeddable":true,"href":"https:\/\/arantv.az\/index.php?rest_route=%2Fwp%2Fv2%2Fcategories&post=93193"},{"taxonomy":"post_tag","embeddable":true,"href":"https:\/\/arantv.az\/index.php?rest_route=%2Fwp%2Fv2%2Ftags&post=93193"}],"curies":[{"name":"wp","href":"https:\/\/api.w.org\/{rel}","templated":true}]}}