{"id":93197,"date":"2019-11-06T11:26:48","date_gmt":"2019-11-06T08:26:48","guid":{"rendered":"http:\/\/arantv.az\/?p=93197"},"modified":"2019-11-06T11:26:48","modified_gmt":"2019-11-06T08:26:48","slug":"s%c9%99fir-dagliq-qarabag-munaqis%c9%99sinin-h%c9%99lli-regionun-inkisafi-v%c9%99-t%c9%99hluk%c9%99sizliyi-baximindan-vacibdir","status":"publish","type":"post","link":"https:\/\/arantv.az\/?p=93197","title":{"rendered":"S\u0259fir: &#8220;Da\u011fl\u0131q Qaraba\u011f m\u00fcnaqi\u015f\u0259sinin h\u0259lli regionun inki\u015faf\u0131 v\u0259 t\u0259hl\u00fck\u0259sizliyi bax\u0131m\u0131ndan vacibdir&#8221;"},"content":{"rendered":"<p><strong>Az\u0259rbaycan Respublikas\u0131n\u0131n M\u00fcdafi\u0259 naziri general-polkovnik Zakir H\u0259s\u0259nov Litva Respublikas\u0131n\u0131n \u00f6lk\u0259mizd\u0259 yeni t\u0259yin olunmu\u015f f\u00f6vq\u0259lad\u0259 v\u0259 s\u0259lahiyy\u0259tli s\u0259firi Eqidius Navikas il\u0259 g\u00f6r\u00fc\u015f\u00fcb.<\/strong><\/p>\n<p><strong>ARANTV.AZ\u00a0<\/strong><a href=\"https:\/\/az.trend.az\/\" target=\"_blank\" rel=\"noopener\">Trend<\/a>-\u0259 istinad\u0259n x\u0259b\u0259r verir ki, M\u00fcdafi\u0259 naziri s\u0259firi \u00f6lk\u0259mizd\u0259 diplomatik f\u0259aliyy\u0259t\u0259 ba\u015flamas\u0131 m\u00fcnasib\u0259til\u0259 t\u0259brik edib v\u0259 ona Az\u0259rbaycan il\u0259 Litva aras\u0131nda \u0259m\u0259kda\u015fl\u0131\u011f\u0131n geni\u015fl\u0259ndirilm\u0259si istiqam\u0259tind\u0259 u\u011furlar arzulay\u0131b.<\/p>\n<p>Regiondak\u0131 h\u0259rbi-siyasi v\u0259ziyy\u0259t\u0259 toxunan M\u00fcdafi\u0259 naziri Erm\u0259nistan\u0131n i\u015f\u011fal\u00e7\u0131l\u0131q siyas\u0259tinin davam etdiyini, AT\u018fT-in Minsk qrupunun h\u0259ms\u0259drl\u0259rinin Erm\u0259nistan-Az\u0259rbaycan Da\u011fl\u0131q Qaraba\u011f m\u00fcnaqi\u015f\u0259sinin h\u0259lli il\u0259 ba\u011fl\u0131 s\u0259yl\u0259rin\u0259 baxmayaraq s\u00fclh dan\u0131\u015f\u0131qlar\u0131n\u0131n r\u0259smi Yerevan t\u0259r\u0259find\u0259n q\u0259sd\u0259n yubad\u0131ld\u0131\u011f\u0131n\u0131 vur\u011fulay\u0131b.<\/p>\n<p>G\u00f6r\u00fc\u015fd\u0259 iki \u00f6lk\u0259 aras\u0131nda h\u0259rbi \u0259m\u0259kda\u015fl\u0131\u011fa dair fikir m\u00fcbadil\u0259si apar\u0131l\u0131b, \u00f6lk\u0259l\u0259rimiz aras\u0131nda h\u0259rbi t\u0259hsil sah\u0259sind\u0259 \u0259ld\u0259 olunan raz\u0131la\u015fmalar\u0131n inki\u015faf etdirilm\u0259sinin, o c\u00fcml\u0259d\u0259n h\u0259rbi qulluq\u00e7ular \u00fc\u00e7\u00fcn t\u0259\u015fkil olunan kurslar\u0131n\u0131n davam\u0131n\u0131n v\u0259 onlar\u0131n dinl\u0259yicil\u0259rinin say\u0131n\u0131n art\u0131r\u0131lmas\u0131n\u0131n z\u0259ruriliyi d\u0259 x\u00fcsusi qeyd edilib.<\/p>\n<p>\u00d6lk\u0259mizd\u0259 diplomatik f\u0259aliyy\u0259t\u0259 ba\u015flamas\u0131ndan m\u0259mnunlu\u011funu ifad\u0259 ed\u0259n s\u0259fir Az\u0259rbaycan-Litva \u0259laq\u0259l\u0259rinin, x\u00fcsusil\u0259 h\u0259rbi sah\u0259d\u0259 \u0259m\u0259kda\u015fl\u0131\u011f\u0131n inki\u015faf\u0131 \u00fc\u00e7\u00fcn s\u0259yl\u0259rini \u0259sirg\u0259m\u0259y\u0259c\u0259yini deyib.<\/p>\n<p>E.Navikas \u00f6z n\u00f6vb\u0259sind\u0259 Litvan\u0131n Az\u0259rbaycan\u0131n \u0259razi b\u00fct\u00f6vl\u00fcy\u00fcn\u00fc tan\u0131d\u0131\u011f\u0131n\u0131 v\u0259 ona h\u00f6rm\u0259tl\u0259 yana\u015fd\u0131\u011f\u0131n\u0131 qeyd edib, \u00f6lk\u0259sinin Da\u011fl\u0131q Qaraba\u011f m\u00fcnaqi\u015f\u0259sinin s\u00fclh yolu il\u0259 h\u0259llinin t\u0259r\u0259fdar\u0131 oldu\u011funu, bunun C\u0259nubi Qafqaz regionunun inki\u015faf\u0131 v\u0259 t\u0259hl\u00fck\u0259sizliyinin t\u0259min edilm\u0259si bax\u0131m\u0131ndan vacibliyini bildirib.<br \/>\nT\u0259r\u0259fl\u0259r regional v\u0259 ikit\u0259r\u0259fli \u0259m\u0259kda\u015fl\u0131q, h\u0259m\u00e7inin qar\u015f\u0131l\u0131ql\u0131 maraq do\u011furan bir s\u0131ra dig\u0259r m\u0259s\u0259l\u0259l\u0259ri m\u00fczakir\u0259 edibl\u0259r.<\/p>\n","protected":false},"excerpt":{"rendered":"<p>Az\u0259rbaycan Respublikas\u0131n\u0131n M\u00fcdafi\u0259 naziri general-polkovnik Zakir H\u0259s\u0259nov Litva Respublikas\u0131n\u0131n \u00f6lk\u0259mizd\u0259 yeni t\u0259yin olunmu\u015f f\u00f6vq\u0259lad\u0259 v\u0259 s\u0259lahiyy\u0259tli s\u0259firi Eqidius Navikas il\u0259 g\u00f6r\u00fc\u015f\u00fcb. ARANTV.AZ\u00a0Trend-\u0259 istinad\u0259n x\u0259b\u0259r verir ki, M\u00fcdafi\u0259 naziri s\u0259firi \u00f6lk\u0259mizd\u0259 diplomatik f\u0259aliyy\u0259t\u0259 ba\u015flamas\u0131 m\u00fcnasib\u0259til\u0259 t\u0259brik edib v\u0259 ona Az\u0259rbaycan il\u0259 Litva aras\u0131nda \u0259m\u0259kda\u015fl\u0131\u011f\u0131n geni\u015fl\u0259ndirilm\u0259si istiqam\u0259tind\u0259 u\u011furlar arzulay\u0131b. Regiondak\u0131 h\u0259rbi-siyasi v\u0259ziyy\u0259t\u0259 toxunan M\u00fcdafi\u0259 naziri Erm\u0259nistan\u0131n i\u015f\u011fal\u00e7\u0131l\u0131q siyas\u0259tinin davam etdiyini, AT\u018fT-in Minsk qrupunun h\u0259ms\u0259drl\u0259rinin Erm\u0259nistan-Az\u0259rbaycan Da\u011fl\u0131q Qaraba\u011f m\u00fcnaqi\u015f\u0259sinin h\u0259lli il\u0259 ba\u011fl\u0131 s\u0259yl\u0259rin\u0259 baxmayaraq s\u00fclh dan\u0131\u015f\u0131qlar\u0131n\u0131n r\u0259smi Yerevan t\u0259r\u0259find\u0259n q\u0259sd\u0259n yubad\u0131ld\u0131\u011f\u0131n\u0131 vur\u011fulay\u0131b. G\u00f6r\u00fc\u015fd\u0259 iki \u00f6lk\u0259 aras\u0131nda h\u0259rbi \u0259m\u0259kda\u015fl\u0131\u011fa dair fikir m\u00fcbadil\u0259si apar\u0131l\u0131b, \u00f6lk\u0259l\u0259rimiz&hellip;<\/p>\n","protected":false},"author":2,"featured_media":93198,"comment_status":"closed","ping_status":"closed","sticky":false,"template":"","format":"standard","meta":{"om_disable_all_campaigns":false,"_monsterinsights_skip_tracking":false,"_monsterinsights_sitenote_active":false,"_monsterinsights_sitenote_note":"","_monsterinsights_sitenote_category":0},"categories":[4],"tags":[],"aioseo_notices":[],"gutentor_comment":0,"rttpg_featured_image_url":{"full":["https:\/\/arantv.az\/wp-content\/uploads\/2019\/11\/800115.jpg",800,600,false],"landscape":["https:\/\/arantv.az\/wp-content\/uploads\/2019\/11\/800115.jpg",800,600,false],"portraits":["https:\/\/arantv.az\/wp-content\/uploads\/2019\/11\/800115.jpg",800,600,false],"thumbnail":["https:\/\/arantv.az\/wp-content\/uploads\/2019\/11\/800115-150x150.jpg",150,150,true],"medium":["https:\/\/arantv.az\/wp-content\/uploads\/2019\/11\/800115-300x225.jpg",300,225,true],"large":["https:\/\/arantv.az\/wp-content\/uploads\/2019\/11\/800115.jpg",640,480,false],"1536x1536":["https:\/\/arantv.az\/wp-content\/uploads\/2019\/11\/800115.jpg",800,600,false],"2048x2048":["https:\/\/arantv.az\/wp-content\/uploads\/2019\/11\/800115.jpg",800,600,false],"post-thumbnail":["https:\/\/arantv.az\/wp-content\/uploads\/2019\/11\/800115-240x172.jpg",240,172,true],"advps-thumb-one":["https:\/\/arantv.az\/wp-content\/uploads\/2019\/11\/800115.jpg",800,600,false]},"rttpg_author":{"display_name":"V\u00fcsal Rafiqo\u011flu","author_link":"https:\/\/arantv.az\/?author=2"},"rttpg_comment":0,"rttpg_category":"<a href=\"https:\/\/arantv.az\/?cat=4\" rel=\"category\">Siyas\u0259t<\/a>","rttpg_excerpt":"Az\u0259rbaycan Respublikas\u0131n\u0131n M\u00fcdafi\u0259 naziri general-polkovnik Zakir H\u0259s\u0259nov Litva Respublikas\u0131n\u0131n \u00f6lk\u0259mizd\u0259 yeni t\u0259yin olunmu\u015f f\u00f6vq\u0259lad\u0259 v\u0259 s\u0259lahiyy\u0259tli s\u0259firi Eqidius Navikas il\u0259 g\u00f6r\u00fc\u015f\u00fcb. ARANTV.AZ\u00a0Trend-\u0259 istinad\u0259n x\u0259b\u0259r verir ki, M\u00fcdafi\u0259 naziri s\u0259firi \u00f6lk\u0259mizd\u0259 diplomatik f\u0259aliyy\u0259t\u0259 ba\u015flamas\u0131 m\u00fcnasib\u0259til\u0259 t\u0259brik edib v\u0259 ona Az\u0259rbaycan il\u0259 Litva aras\u0131nda \u0259m\u0259kda\u015fl\u0131\u011f\u0131n geni\u015fl\u0259ndirilm\u0259si istiqam\u0259tind\u0259 u\u011furlar arzulay\u0131b. Regiondak\u0131 h\u0259rbi-siyasi v\u0259ziyy\u0259t\u0259 toxunan M\u00fcdafi\u0259 naziri Erm\u0259nistan\u0131n i\u015f\u011fal\u00e7\u0131l\u0131q&hellip;","_links":{"self":[{"href":"https:\/\/arantv.az\/index.php?rest_route=\/wp\/v2\/posts\/93197"}],"collection":[{"href":"https:\/\/arantv.az\/index.php?rest_route=\/wp\/v2\/posts"}],"about":[{"href":"https:\/\/arantv.az\/index.php?rest_route=\/wp\/v2\/types\/post"}],"author":[{"embeddable":true,"href":"https:\/\/arantv.az\/index.php?rest_route=\/wp\/v2\/users\/2"}],"replies":[{"embeddable":true,"href":"https:\/\/arantv.az\/index.php?rest_route=%2Fwp%2Fv2%2Fcomments&post=93197"}],"version-history":[{"count":0,"href":"https:\/\/arantv.az\/index.php?rest_route=\/wp\/v2\/posts\/93197\/revisions"}],"wp:featuredmedia":[{"embeddable":true,"href":"https:\/\/arantv.az\/index.php?rest_route=\/wp\/v2\/media\/93198"}],"wp:attachment":[{"href":"https:\/\/arantv.az\/index.php?rest_route=%2Fwp%2Fv2%2Fmedia&parent=93197"}],"wp:term":[{"taxonomy":"category","embeddable":true,"href":"https:\/\/arantv.az\/index.php?rest_route=%2Fwp%2Fv2%2Fcategories&post=93197"},{"taxonomy":"post_tag","embeddable":true,"href":"https:\/\/arantv.az\/index.php?rest_route=%2Fwp%2Fv2%2Ftags&post=93197"}],"curies":[{"name":"wp","href":"https:\/\/api.w.org\/{rel}","templated":true}]}}