{"id":93205,"date":"2019-11-06T11:31:06","date_gmt":"2019-11-06T08:31:06","guid":{"rendered":"http:\/\/arantv.az\/?p=93205"},"modified":"2019-11-06T11:31:06","modified_gmt":"2019-11-06T08:31:06","slug":"milli-m%c9%99clisd%c9%99-2020-ci-ilin-dovl%c9%99t-budc%c9%99si-haqqinda-qanun-layih%c9%99sinin-muzakir%c9%99si-davam-edir","status":"publish","type":"post","link":"https:\/\/arantv.az\/?p=93205","title":{"rendered":"Milli M\u0259clisd\u0259 2020-ci ilin d\u00f6vl\u0259t b\u00fcdc\u0259si haqq\u0131nda qanun layih\u0259sinin m\u00fczakir\u0259si davam edir"},"content":{"rendered":"<p>Milli M\u0259clisin daha be\u015f komit\u0259sinin birg\u0259 iclas\u0131nda 2020-ci ilin d\u00f6vl\u0259t b\u00fcdc\u0259si haqq\u0131nda qanun layih\u0259sinin m\u00fczakir\u0259si davam edir.<\/p>\n<p><strong>ARANTV.AZ<\/strong>\u00a0\u00a0<a href=\"https:\/\/az.trend.az\/\" target=\"_blank\" rel=\"noopener\">Trend<\/a>-\u0259 istinad\u0259n x\u0259b\u0259r verir ki, Milli M\u0259clisin \u018fm\u0259k v\u0259 sosial siyas\u0259t komit\u0259sinin s\u0259dri Hadi R\u0259c\u0259bli iclas\u0131 a\u00e7araq 2020-ci ilin d\u00f6vl\u0259t b\u00fcdc\u0259si bar\u0259d\u0259 m\u0259lumat verib.<\/p>\n<p>\u0130clas \u00e7\u0131x\u0131\u015flarla davam edir.<\/p>\n","protected":false},"excerpt":{"rendered":"<p>Milli M\u0259clisin daha be\u015f komit\u0259sinin birg\u0259 iclas\u0131nda 2020-ci ilin d\u00f6vl\u0259t b\u00fcdc\u0259si haqq\u0131nda qanun layih\u0259sinin m\u00fczakir\u0259si davam edir. ARANTV.AZ\u00a0\u00a0Trend-\u0259 istinad\u0259n x\u0259b\u0259r verir ki, Milli M\u0259clisin \u018fm\u0259k v\u0259 sosial siyas\u0259t komit\u0259sinin s\u0259dri Hadi R\u0259c\u0259bli iclas\u0131 a\u00e7araq 2020-ci ilin d\u00f6vl\u0259t b\u00fcdc\u0259si bar\u0259d\u0259 m\u0259lumat verib. \u0130clas \u00e7\u0131x\u0131\u015flarla davam edir.<\/p>\n","protected":false},"author":2,"featured_media":93206,"comment_status":"closed","ping_status":"closed","sticky":false,"template":"","format":"standard","meta":{"om_disable_all_campaigns":false,"_monsterinsights_skip_tracking":false,"_monsterinsights_sitenote_active":false,"_monsterinsights_sitenote_note":"","_monsterinsights_sitenote_category":0},"categories":[1],"tags":[],"aioseo_notices":[],"gutentor_comment":0,"rttpg_featured_image_url":{"full":["https:\/\/arantv.az\/wp-content\/uploads\/2019\/11\/milli_meclis_0001-1.jpg",482,361,false],"landscape":["https:\/\/arantv.az\/wp-content\/uploads\/2019\/11\/milli_meclis_0001-1.jpg",482,361,false],"portraits":["https:\/\/arantv.az\/wp-content\/uploads\/2019\/11\/milli_meclis_0001-1.jpg",482,361,false],"thumbnail":["https:\/\/arantv.az\/wp-content\/uploads\/2019\/11\/milli_meclis_0001-1-150x150.jpg",150,150,true],"medium":["https:\/\/arantv.az\/wp-content\/uploads\/2019\/11\/milli_meclis_0001-1-300x225.jpg",300,225,true],"large":["https:\/\/arantv.az\/wp-content\/uploads\/2019\/11\/milli_meclis_0001-1.jpg",482,361,false],"1536x1536":["https:\/\/arantv.az\/wp-content\/uploads\/2019\/11\/milli_meclis_0001-1.jpg",482,361,false],"2048x2048":["https:\/\/arantv.az\/wp-content\/uploads\/2019\/11\/milli_meclis_0001-1.jpg",482,361,false],"post-thumbnail":["https:\/\/arantv.az\/wp-content\/uploads\/2019\/11\/milli_meclis_0001-1-240x172.jpg",240,172,true],"advps-thumb-one":["https:\/\/arantv.az\/wp-content\/uploads\/2019\/11\/milli_meclis_0001-1.jpg",482,361,false]},"rttpg_author":{"display_name":"V\u00fcsal Rafiqo\u011flu","author_link":"https:\/\/arantv.az\/?author=2"},"rttpg_comment":0,"rttpg_category":"<a href=\"https:\/\/arantv.az\/?cat=1\" rel=\"category\">C\u0259miyy\u0259t<\/a>","rttpg_excerpt":"Milli M\u0259clisin daha be\u015f komit\u0259sinin birg\u0259 iclas\u0131nda 2020-ci ilin d\u00f6vl\u0259t b\u00fcdc\u0259si haqq\u0131nda qanun layih\u0259sinin m\u00fczakir\u0259si davam edir. ARANTV.AZ\u00a0\u00a0Trend-\u0259 istinad\u0259n x\u0259b\u0259r verir ki, Milli M\u0259clisin \u018fm\u0259k v\u0259 sosial siyas\u0259t komit\u0259sinin s\u0259dri Hadi R\u0259c\u0259bli iclas\u0131 a\u00e7araq 2020-ci ilin d\u00f6vl\u0259t b\u00fcdc\u0259si bar\u0259d\u0259 m\u0259lumat verib. \u0130clas \u00e7\u0131x\u0131\u015flarla davam edir.","_links":{"self":[{"href":"https:\/\/arantv.az\/index.php?rest_route=\/wp\/v2\/posts\/93205"}],"collection":[{"href":"https:\/\/arantv.az\/index.php?rest_route=\/wp\/v2\/posts"}],"about":[{"href":"https:\/\/arantv.az\/index.php?rest_route=\/wp\/v2\/types\/post"}],"author":[{"embeddable":true,"href":"https:\/\/arantv.az\/index.php?rest_route=\/wp\/v2\/users\/2"}],"replies":[{"embeddable":true,"href":"https:\/\/arantv.az\/index.php?rest_route=%2Fwp%2Fv2%2Fcomments&post=93205"}],"version-history":[{"count":0,"href":"https:\/\/arantv.az\/index.php?rest_route=\/wp\/v2\/posts\/93205\/revisions"}],"wp:featuredmedia":[{"embeddable":true,"href":"https:\/\/arantv.az\/index.php?rest_route=\/wp\/v2\/media\/93206"}],"wp:attachment":[{"href":"https:\/\/arantv.az\/index.php?rest_route=%2Fwp%2Fv2%2Fmedia&parent=93205"}],"wp:term":[{"taxonomy":"category","embeddable":true,"href":"https:\/\/arantv.az\/index.php?rest_route=%2Fwp%2Fv2%2Fcategories&post=93205"},{"taxonomy":"post_tag","embeddable":true,"href":"https:\/\/arantv.az\/index.php?rest_route=%2Fwp%2Fv2%2Ftags&post=93205"}],"curies":[{"name":"wp","href":"https:\/\/api.w.org\/{rel}","templated":true}]}}