{"id":93213,"date":"2019-11-06T13:17:23","date_gmt":"2019-11-06T10:17:23","guid":{"rendered":"http:\/\/arantv.az\/?p=93213"},"modified":"2019-11-06T13:17:23","modified_gmt":"2019-11-06T10:17:23","slug":"musavat-funksioneri-d%c9%99-real-partiyasi-s%c9%99drinin-avtoritar-t%c9%99klifini-pisl%c9%99di","status":"publish","type":"post","link":"https:\/\/arantv.az\/?p=93213","title":{"rendered":"M\u00fcsavat funksioneri d\u0259 &#8220;Real&#8221; partiyas\u0131 s\u0259drinin avtoritar t\u0259klifini pisl\u0259di"},"content":{"rendered":"<blockquote><p><em><strong>&#8220;Real&#8221;a h\u0259mi\u015f\u0259 r\u0259\u011fb\u0259tl\u0259 yana\u015fm\u0131\u015fam, orada xeyli dostlar\u0131m, \u015f\u0259xsi m\u00fcnasib\u0259tl\u0259rimin \u00e7ox isti oldu\u011fu insanlar var. Amma t\u0259\u0259ss\u00fcf&#8230;<\/strong><\/em><\/p><\/blockquote>\n<p><strong>ARANTV.AZ<\/strong>\u00a0<a href=\"https:\/\/az.trend.az\/\" target=\"_blank\" rel=\"noopener\">Trend<\/a>-\u0259 istinad\u0259n x\u0259b\u0259r verir ki, bunu M\u00fcsavat Partiyas\u0131 s\u0259drliyin\u0259 ke\u00e7mi\u015f namiz\u0259d Yadigar Sad\u0131ql\u0131 &#8220;Real&#8221; partiyas\u0131 M\u0259clisinin ba\u015fqan\u0131 Az\u0259r Qas\u0131ml\u0131n\u0131n partiyadan istefa verm\u0259sin\u0259 m\u00fcnasib\u0259t bildir\u0259rk\u0259n deyib.<\/p>\n<p>M\u00fcsavat funksioneri bildirib: &#8220;N\u00f6vb\u0259d\u0259nk\u0259nar qurultay v\u0259 qurultaya q\u0259d\u0259r b\u00fct\u00fcn s\u0259lahiyy\u0259tl\u0259rin s\u0259dr\u0259 verilm\u0259si q\u0259rarlar\u0131 a\u00e7\u0131qlanandan Rusiyan\u0131n ke\u00e7mi\u015f ba\u015f naziri \u00c7ernom\u0131rdinin s\u00f6z\u00fc beynimd\u0259 dola\u015f\u0131r: N\u0259 ets\u0259k d\u0259 eyni \u015fey al\u0131n\u0131r: ya Sov.\u0130KP, ya da Kala\u015fnikov avtomat\u0131&#8221;.<\/p>\n<p>Xat\u0131rladaq ki, &#8220;Real&#8221; partiyas\u0131 M\u0259clisinin ba\u015fqan\u0131 Az\u0259r Qas\u0131ml\u0131 s\u0259dr \u0130lqar M\u0259mm\u0259dovun avtoritar q\u0259rarlar\u0131na g\u00f6r\u0259 bu g\u00fcn partiyadan istefa verib.<\/p>\n","protected":false},"excerpt":{"rendered":"<p>&#8220;Real&#8221;a h\u0259mi\u015f\u0259 r\u0259\u011fb\u0259tl\u0259 yana\u015fm\u0131\u015fam, orada xeyli dostlar\u0131m, \u015f\u0259xsi m\u00fcnasib\u0259tl\u0259rimin \u00e7ox isti oldu\u011fu insanlar var. Amma t\u0259\u0259ss\u00fcf&#8230; ARANTV.AZ\u00a0Trend-\u0259 istinad\u0259n x\u0259b\u0259r verir ki, bunu M\u00fcsavat Partiyas\u0131 s\u0259drliyin\u0259 ke\u00e7mi\u015f namiz\u0259d Yadigar Sad\u0131ql\u0131 &#8220;Real&#8221; partiyas\u0131 M\u0259clisinin ba\u015fqan\u0131 Az\u0259r Qas\u0131ml\u0131n\u0131n partiyadan istefa verm\u0259sin\u0259 m\u00fcnasib\u0259t bildir\u0259rk\u0259n deyib. M\u00fcsavat funksioneri bildirib: &#8220;N\u00f6vb\u0259d\u0259nk\u0259nar qurultay v\u0259 qurultaya q\u0259d\u0259r b\u00fct\u00fcn s\u0259lahiyy\u0259tl\u0259rin s\u0259dr\u0259 verilm\u0259si q\u0259rarlar\u0131 a\u00e7\u0131qlanandan Rusiyan\u0131n ke\u00e7mi\u015f ba\u015f naziri \u00c7ernom\u0131rdinin s\u00f6z\u00fc beynimd\u0259 dola\u015f\u0131r: N\u0259 ets\u0259k d\u0259 eyni \u015fey al\u0131n\u0131r: ya Sov.\u0130KP, ya da Kala\u015fnikov avtomat\u0131&#8221;. Xat\u0131rladaq ki, &#8220;Real&#8221; partiyas\u0131 M\u0259clisinin ba\u015fqan\u0131 Az\u0259r Qas\u0131ml\u0131 s\u0259dr \u0130lqar M\u0259mm\u0259dovun avtoritar q\u0259rarlar\u0131na g\u00f6r\u0259 bu&hellip;<\/p>\n","protected":false},"author":2,"featured_media":93214,"comment_status":"closed","ping_status":"closed","sticky":false,"template":"","format":"standard","meta":{"om_disable_all_campaigns":false,"_monsterinsights_skip_tracking":false,"_monsterinsights_sitenote_active":false,"_monsterinsights_sitenote_note":"","_monsterinsights_sitenote_category":0},"categories":[4],"tags":[],"aioseo_notices":[],"gutentor_comment":0,"rttpg_featured_image_url":{"full":["https:\/\/arantv.az\/wp-content\/uploads\/2019\/11\/800192.jpg",800,600,false],"landscape":["https:\/\/arantv.az\/wp-content\/uploads\/2019\/11\/800192.jpg",800,600,false],"portraits":["https:\/\/arantv.az\/wp-content\/uploads\/2019\/11\/800192.jpg",800,600,false],"thumbnail":["https:\/\/arantv.az\/wp-content\/uploads\/2019\/11\/800192-150x150.jpg",150,150,true],"medium":["https:\/\/arantv.az\/wp-content\/uploads\/2019\/11\/800192-300x225.jpg",300,225,true],"large":["https:\/\/arantv.az\/wp-content\/uploads\/2019\/11\/800192.jpg",640,480,false],"1536x1536":["https:\/\/arantv.az\/wp-content\/uploads\/2019\/11\/800192.jpg",800,600,false],"2048x2048":["https:\/\/arantv.az\/wp-content\/uploads\/2019\/11\/800192.jpg",800,600,false],"post-thumbnail":["https:\/\/arantv.az\/wp-content\/uploads\/2019\/11\/800192-240x172.jpg",240,172,true],"advps-thumb-one":["https:\/\/arantv.az\/wp-content\/uploads\/2019\/11\/800192.jpg",800,600,false]},"rttpg_author":{"display_name":"V\u00fcsal Rafiqo\u011flu","author_link":"https:\/\/arantv.az\/?author=2"},"rttpg_comment":0,"rttpg_category":"<a href=\"https:\/\/arantv.az\/?cat=4\" rel=\"category\">Siyas\u0259t<\/a>","rttpg_excerpt":"&#8220;Real&#8221;a h\u0259mi\u015f\u0259 r\u0259\u011fb\u0259tl\u0259 yana\u015fm\u0131\u015fam, orada xeyli dostlar\u0131m, \u015f\u0259xsi m\u00fcnasib\u0259tl\u0259rimin \u00e7ox isti oldu\u011fu insanlar var. Amma t\u0259\u0259ss\u00fcf&#8230; ARANTV.AZ\u00a0Trend-\u0259 istinad\u0259n x\u0259b\u0259r verir ki, bunu M\u00fcsavat Partiyas\u0131 s\u0259drliyin\u0259 ke\u00e7mi\u015f namiz\u0259d Yadigar Sad\u0131ql\u0131 &#8220;Real&#8221; partiyas\u0131 M\u0259clisinin ba\u015fqan\u0131 Az\u0259r Qas\u0131ml\u0131n\u0131n partiyadan istefa verm\u0259sin\u0259 m\u00fcnasib\u0259t bildir\u0259rk\u0259n deyib. M\u00fcsavat funksioneri bildirib: &#8220;N\u00f6vb\u0259d\u0259nk\u0259nar qurultay v\u0259 qurultaya q\u0259d\u0259r b\u00fct\u00fcn s\u0259lahiyy\u0259tl\u0259rin s\u0259dr\u0259 verilm\u0259si q\u0259rarlar\u0131 a\u00e7\u0131qlanandan&hellip;","_links":{"self":[{"href":"https:\/\/arantv.az\/index.php?rest_route=\/wp\/v2\/posts\/93213"}],"collection":[{"href":"https:\/\/arantv.az\/index.php?rest_route=\/wp\/v2\/posts"}],"about":[{"href":"https:\/\/arantv.az\/index.php?rest_route=\/wp\/v2\/types\/post"}],"author":[{"embeddable":true,"href":"https:\/\/arantv.az\/index.php?rest_route=\/wp\/v2\/users\/2"}],"replies":[{"embeddable":true,"href":"https:\/\/arantv.az\/index.php?rest_route=%2Fwp%2Fv2%2Fcomments&post=93213"}],"version-history":[{"count":0,"href":"https:\/\/arantv.az\/index.php?rest_route=\/wp\/v2\/posts\/93213\/revisions"}],"wp:featuredmedia":[{"embeddable":true,"href":"https:\/\/arantv.az\/index.php?rest_route=\/wp\/v2\/media\/93214"}],"wp:attachment":[{"href":"https:\/\/arantv.az\/index.php?rest_route=%2Fwp%2Fv2%2Fmedia&parent=93213"}],"wp:term":[{"taxonomy":"category","embeddable":true,"href":"https:\/\/arantv.az\/index.php?rest_route=%2Fwp%2Fv2%2Fcategories&post=93213"},{"taxonomy":"post_tag","embeddable":true,"href":"https:\/\/arantv.az\/index.php?rest_route=%2Fwp%2Fv2%2Ftags&post=93213"}],"curies":[{"name":"wp","href":"https:\/\/api.w.org\/{rel}","templated":true}]}}