{"id":93221,"date":"2019-11-06T13:22:47","date_gmt":"2019-11-06T10:22:47","guid":{"rendered":"http:\/\/arantv.az\/?p=93221"},"modified":"2019-11-06T13:22:47","modified_gmt":"2019-11-06T10:22:47","slug":"abseronda-arvadina-isg%c9%99nc%c9%99-ver%c9%99n-s%c9%99xs%c9%99-elektron-qolbaq-taxildi","status":"publish","type":"post","link":"https:\/\/arantv.az\/?p=93221","title":{"rendered":"Ab\u015feronda arvad\u0131na i\u015fg\u0259nc\u0259 ver\u0259n \u015f\u0259xs\u0259 elektron qolbaq tax\u0131ld\u0131"},"content":{"rendered":"<p><strong>Ab\u015feronda arvad\u0131na i\u015fg\u0259nc\u0259 verm\u0259kd\u0259 ittiham olunan E.Quliyevin bar\u0259sind\u0259 olan h\u00f6kmd\u0259n veril\u0259n kassasiya \u015fikay\u0259tin\u0259 bax\u0131l\u0131b.\u00a0<\/strong><\/p>\n<p><strong>ARANTV.AZ\u00a0<\/strong> unikal.org-a istinad\u0259n x\u0259b\u0259r verir ki, Ali M\u0259hk\u0259m\u0259nin hakimi Hafiz N\u0259sibovun s\u0259drliyi il\u0259 ke\u00e7iril\u0259n prosesd\u0259 q\u0259rar elan olunub.<\/p>\n<p>Q\u0259rara g\u00f6r\u0259, onun kassasiya \u015fikay\u0259ti t\u0259min edilm\u0259yib.<\/p>\n<div>\n<div id=\"AdviadNativeVideo0\" class=\"AdviadNativeVideo\"><\/div>\n<\/div>\n<p>\u0130ttiham akt\u0131na \u0259sas\u0259n, E.Quliyev 2012-ci ild\u0259 arvad\u0131 N.K\u0259rimova il\u0259 r\u0259smi qaydada bo\u015fan\u0131b. O, 2018-ci ilin sentyabr\u0131nda ke\u00e7mi\u015f arvad\u0131 il\u0259 bar\u0131\u015f\u0131b v\u0259 onunla X\u0131rdalan \u015f\u0259h\u0259rind\u0259 m\u0259nzill\u0259rd\u0259n birind\u0259 ya\u015fama\u011fa ba\u015flay\u0131b.<\/p>\n<p>Birg\u0259 ya\u015fad\u0131qlar\u0131 m\u00fcdd\u0259td\u0259 E.Quliyev m\u00fct\u0259madi olaraq q\u0131sqancl\u0131q z\u0259minind\u0259 onunla m\u00fcbahis\u0259 edib. Arvad\u0131n\u0131 daim d\u00f6y\u00fcb v\u0259 ona zorak\u0131 h\u0259r\u0259k\u0259tl\u0259r edib.<\/p>\n<p>\u018frinin \u0259zab verm\u0259sin\u0259 d\u00f6zm\u0259y\u0259n qad\u0131n h\u00fcquq-m\u00fchafiz\u0259 orqanlar\u0131na m\u00fcraci\u0259t edib. Daha sonra polis E.Quliyevi h\u0259bs edib.<\/p>\n<p>\u0130stintaq orqan\u0131 t\u0259r\u0259find\u0259n onun bar\u0259sind\u0259 Cinay\u0259t M\u0259c\u0259ll\u0259sinin 133.1-ci (\u0259zab verm\u0259) madd\u0259si il\u0259 ittiham elan edilib.<\/p>\n<p>Ab\u015feron Rayon M\u0259hk\u0259m\u0259sinin h\u00f6km\u00fc il\u0259 E.Quliyev 1 il m\u00fcdd\u0259tin\u0259 azadl\u0131qdan m\u0259hrum edilib.<\/p>\n<p>H\u00f6kmd\u0259n naraz\u0131 qalan m\u0259hkum apellyasiya \u015fikay\u0259ti verib. Sumqay\u0131t Apellyasiya M\u0259hk\u0259m\u0259si apellyasiya \u015fikay\u0259tini qism\u0259n t\u0259min edib v\u0259 Ab\u015feron Rayon M\u0259hk\u0259m\u0259sinin h\u00f6km\u00fc d\u0259yi\u015fdirilib.<\/p>\n<p>Bel\u0259 ki, E.Quliyevin c\u0259zas\u0131 1 il 2 ay m\u00fcdd\u0259tin\u0259 azadl\u0131\u011f\u0131n m\u0259hdudla\u015fd\u0131r\u0131lmas\u0131 (elektron qolbaq) c\u0259zas\u0131 il\u0259 \u0259v\u0259z olunub. M\u0259hk\u0259m\u0259 zal\u0131ndan azadl\u0131\u011fa burax\u0131lan E.Quliyevin X\u0131rdalan v\u0259 Bak\u0131 \u015f\u0259h\u0259rl\u0259rind\u0259n k\u0259nara \u00e7\u0131xmamaq bar\u0259d\u0259 q\u0259rar q\u0259bul edilib.<\/p>\n","protected":false},"excerpt":{"rendered":"<p>Ab\u015feronda arvad\u0131na i\u015fg\u0259nc\u0259 verm\u0259kd\u0259 ittiham olunan E.Quliyevin bar\u0259sind\u0259 olan h\u00f6kmd\u0259n veril\u0259n kassasiya \u015fikay\u0259tin\u0259 bax\u0131l\u0131b.\u00a0 ARANTV.AZ\u00a0 unikal.org-a istinad\u0259n x\u0259b\u0259r verir ki, Ali M\u0259hk\u0259m\u0259nin hakimi Hafiz N\u0259sibovun s\u0259drliyi il\u0259 ke\u00e7iril\u0259n prosesd\u0259 q\u0259rar elan olunub. Q\u0259rara g\u00f6r\u0259, onun kassasiya \u015fikay\u0259ti t\u0259min edilm\u0259yib. \u0130ttiham akt\u0131na \u0259sas\u0259n, E.Quliyev 2012-ci ild\u0259 arvad\u0131 N.K\u0259rimova il\u0259 r\u0259smi qaydada bo\u015fan\u0131b. O, 2018-ci ilin sentyabr\u0131nda ke\u00e7mi\u015f arvad\u0131 il\u0259 bar\u0131\u015f\u0131b v\u0259 onunla X\u0131rdalan \u015f\u0259h\u0259rind\u0259 m\u0259nzill\u0259rd\u0259n birind\u0259 ya\u015fama\u011fa ba\u015flay\u0131b. Birg\u0259 ya\u015fad\u0131qlar\u0131 m\u00fcdd\u0259td\u0259 E.Quliyev m\u00fct\u0259madi olaraq q\u0131sqancl\u0131q z\u0259minind\u0259 onunla m\u00fcbahis\u0259 edib. Arvad\u0131n\u0131 daim d\u00f6y\u00fcb v\u0259 ona zorak\u0131 h\u0259r\u0259k\u0259tl\u0259r edib. \u018frinin \u0259zab verm\u0259sin\u0259 d\u00f6zm\u0259y\u0259n&hellip;<\/p>\n","protected":false},"author":2,"featured_media":93222,"comment_status":"closed","ping_status":"closed","sticky":false,"template":"","format":"standard","meta":{"om_disable_all_campaigns":false,"_monsterinsights_skip_tracking":false,"_monsterinsights_sitenote_active":false,"_monsterinsights_sitenote_note":"","_monsterinsights_sitenote_category":0},"categories":[5],"tags":[],"aioseo_notices":[],"gutentor_comment":0,"rttpg_featured_image_url":{"full":["https:\/\/arantv.az\/wp-content\/uploads\/2019\/11\/800141.jpg",800,600,false],"landscape":["https:\/\/arantv.az\/wp-content\/uploads\/2019\/11\/800141.jpg",800,600,false],"portraits":["https:\/\/arantv.az\/wp-content\/uploads\/2019\/11\/800141.jpg",800,600,false],"thumbnail":["https:\/\/arantv.az\/wp-content\/uploads\/2019\/11\/800141-150x150.jpg",150,150,true],"medium":["https:\/\/arantv.az\/wp-content\/uploads\/2019\/11\/800141-300x225.jpg",300,225,true],"large":["https:\/\/arantv.az\/wp-content\/uploads\/2019\/11\/800141.jpg",640,480,false],"1536x1536":["https:\/\/arantv.az\/wp-content\/uploads\/2019\/11\/800141.jpg",800,600,false],"2048x2048":["https:\/\/arantv.az\/wp-content\/uploads\/2019\/11\/800141.jpg",800,600,false],"post-thumbnail":["https:\/\/arantv.az\/wp-content\/uploads\/2019\/11\/800141-240x172.jpg",240,172,true],"advps-thumb-one":["https:\/\/arantv.az\/wp-content\/uploads\/2019\/11\/800141.jpg",800,600,false]},"rttpg_author":{"display_name":"V\u00fcsal Rafiqo\u011flu","author_link":"https:\/\/arantv.az\/?author=2"},"rttpg_comment":0,"rttpg_category":"<a href=\"https:\/\/arantv.az\/?cat=5\" rel=\"category\">Hadis\u0259<\/a>","rttpg_excerpt":"Ab\u015feronda arvad\u0131na i\u015fg\u0259nc\u0259 verm\u0259kd\u0259 ittiham olunan E.Quliyevin bar\u0259sind\u0259 olan h\u00f6kmd\u0259n veril\u0259n kassasiya \u015fikay\u0259tin\u0259 bax\u0131l\u0131b.\u00a0 ARANTV.AZ\u00a0 unikal.org-a istinad\u0259n x\u0259b\u0259r verir ki, Ali M\u0259hk\u0259m\u0259nin hakimi Hafiz N\u0259sibovun s\u0259drliyi il\u0259 ke\u00e7iril\u0259n prosesd\u0259 q\u0259rar elan olunub. Q\u0259rara g\u00f6r\u0259, onun kassasiya \u015fikay\u0259ti t\u0259min edilm\u0259yib. \u0130ttiham akt\u0131na \u0259sas\u0259n, E.Quliyev 2012-ci ild\u0259 arvad\u0131 N.K\u0259rimova il\u0259 r\u0259smi qaydada bo\u015fan\u0131b. O, 2018-ci ilin sentyabr\u0131nda&hellip;","_links":{"self":[{"href":"https:\/\/arantv.az\/index.php?rest_route=\/wp\/v2\/posts\/93221"}],"collection":[{"href":"https:\/\/arantv.az\/index.php?rest_route=\/wp\/v2\/posts"}],"about":[{"href":"https:\/\/arantv.az\/index.php?rest_route=\/wp\/v2\/types\/post"}],"author":[{"embeddable":true,"href":"https:\/\/arantv.az\/index.php?rest_route=\/wp\/v2\/users\/2"}],"replies":[{"embeddable":true,"href":"https:\/\/arantv.az\/index.php?rest_route=%2Fwp%2Fv2%2Fcomments&post=93221"}],"version-history":[{"count":0,"href":"https:\/\/arantv.az\/index.php?rest_route=\/wp\/v2\/posts\/93221\/revisions"}],"wp:featuredmedia":[{"embeddable":true,"href":"https:\/\/arantv.az\/index.php?rest_route=\/wp\/v2\/media\/93222"}],"wp:attachment":[{"href":"https:\/\/arantv.az\/index.php?rest_route=%2Fwp%2Fv2%2Fmedia&parent=93221"}],"wp:term":[{"taxonomy":"category","embeddable":true,"href":"https:\/\/arantv.az\/index.php?rest_route=%2Fwp%2Fv2%2Fcategories&post=93221"},{"taxonomy":"post_tag","embeddable":true,"href":"https:\/\/arantv.az\/index.php?rest_route=%2Fwp%2Fv2%2Ftags&post=93221"}],"curies":[{"name":"wp","href":"https:\/\/api.w.org\/{rel}","templated":true}]}}