{"id":93225,"date":"2019-11-06T13:23:44","date_gmt":"2019-11-06T10:23:44","guid":{"rendered":"http:\/\/arantv.az\/?p=93225"},"modified":"2019-11-06T13:23:44","modified_gmt":"2019-11-06T10:23:44","slug":"dogum-evl%c9%99rind%c9%99-suni-usaq-qidalari-satilir-nazir-muavini-cavab-verdi","status":"publish","type":"post","link":"https:\/\/arantv.az\/?p=93225","title":{"rendered":"&#8220;Do\u011fum evl\u0259rind\u0259 s\u00fcni u\u015faq qidalar\u0131 sat\u0131l\u0131r?&#8221; &#8211; Nazir m\u00fcavini cavab verdi"},"content":{"rendered":"<p><strong>S\u0259hiyy\u0259 nazirinin m\u00fcavini Elsev\u0259r A\u011fayev d\u00f6vl\u0259t do\u011fum m\u00fc\u0259ssis\u0259l\u0259rind\u0259 ayr\u0131-ayr\u0131 \u015firk\u0259tl\u0259r t\u0259r\u0259find\u0259n valideynl\u0259r\u0259 yenido\u011fulanlar\u0131n qidaland\u0131r\u0131lmas\u0131 \u00fc\u00e7\u00fcn s\u00fcni u\u015faq qidalar\u0131n\u0131n sat\u0131lmas\u0131na m\u00fcnasib\u0259t bildirib.<\/strong><\/p>\n<p><strong>ARANTV.AZ<\/strong>\u00a0<a href=\"https:\/\/az.trend.az\/\" target=\"_blank\" rel=\"noopener\">Trend<\/a>-\u0259 istinad\u0259n x\u0259b\u0259r verir ki, E.A\u011fayev deyib ki, b\u0259zi \u015firk\u0259tl\u0259r u\u015faq qidalar\u0131 il\u0259 ba\u011fl\u0131 d\u00fczg\u00fcn t\u0259bli\u011fat aparm\u0131rlar. Buna g\u00f6r\u0259 h\u0259kiml\u0259r d\u0259 yeni do\u011fulan u\u015faqlar\u0131n qidalanmas\u0131na diqq\u0259t etm\u0259lidirl\u0259r: &#8220;S\u0259hiyy\u0259 Nazirliyi olaraq apard\u0131\u011f\u0131m\u0131z siyas\u0259t ondan ibar\u0259tdir ki, u\u015faqlar\u0131n qidaland\u0131r\u0131lmas\u0131nda ana s\u00fcd\u00fcn\u0259 \u00fcst\u00fcnl\u00fck verilsin. U\u015faqlar\u0131n ana s\u00fcd\u00fc il\u0259 qidaland\u0131r\u0131lmas\u0131 daim t\u0259bli\u011f olunur. Bu m\u0259s\u0259l\u0259d\u0259 S\u0259hiyy\u0259 Nazirliyi il\u0259 yana\u015f\u0131, ictimaiyy\u0259t d\u0259 i\u015ftirak etm\u0259lidir&#8221;.<\/p>\n<p>Qeyd ed\u0259k ki, \u00dcmumd\u00fcnya S\u0259hiyy\u0259 T\u0259\u015fkilat\u0131n\u0131n (\u00dcST) Az\u0259rbaycandak\u0131 n\u00fcmay\u0259nd\u0259liyinin r\u0259hb\u0259ri Hande Harmanc\u0131 Az\u0259rbaycanda k\u00f6rp\u0259l\u0259rin ilk 6 ayda ana s\u00fcd\u00fc il\u0259 qidaland\u0131r\u0131lma g\u00f6st\u0259ricisinin 12-14 faiz oldu\u011funu bildirib.<\/p>\n<div>\n<div id=\"AdviadNativeVideo0\" class=\"AdviadNativeVideo\"><\/div>\n<\/div>\n<p>Bunu olduqca a\u015fa\u011f\u0131 r\u0259q\u0259m sayan H.Harmanc\u0131 qeyd edib ki, k\u00f6rp\u0259l\u0259rin ana s\u00fcd\u00fc il\u0259 qidaland\u0131r\u0131lmas\u0131 faizinin artmas\u0131 \u00fc\u00e7\u00fcn add\u0131mlar at\u0131lmal\u0131d\u0131r.<\/p>\n","protected":false},"excerpt":{"rendered":"<p>S\u0259hiyy\u0259 nazirinin m\u00fcavini Elsev\u0259r A\u011fayev d\u00f6vl\u0259t do\u011fum m\u00fc\u0259ssis\u0259l\u0259rind\u0259 ayr\u0131-ayr\u0131 \u015firk\u0259tl\u0259r t\u0259r\u0259find\u0259n valideynl\u0259r\u0259 yenido\u011fulanlar\u0131n qidaland\u0131r\u0131lmas\u0131 \u00fc\u00e7\u00fcn s\u00fcni u\u015faq qidalar\u0131n\u0131n sat\u0131lmas\u0131na m\u00fcnasib\u0259t bildirib. ARANTV.AZ\u00a0Trend-\u0259 istinad\u0259n x\u0259b\u0259r verir ki, E.A\u011fayev deyib ki, b\u0259zi \u015firk\u0259tl\u0259r u\u015faq qidalar\u0131 il\u0259 ba\u011fl\u0131 d\u00fczg\u00fcn t\u0259bli\u011fat aparm\u0131rlar. Buna g\u00f6r\u0259 h\u0259kiml\u0259r d\u0259 yeni do\u011fulan u\u015faqlar\u0131n qidalanmas\u0131na diqq\u0259t etm\u0259lidirl\u0259r: &#8220;S\u0259hiyy\u0259 Nazirliyi olaraq apard\u0131\u011f\u0131m\u0131z siyas\u0259t ondan ibar\u0259tdir ki, u\u015faqlar\u0131n qidaland\u0131r\u0131lmas\u0131nda ana s\u00fcd\u00fcn\u0259 \u00fcst\u00fcnl\u00fck verilsin. U\u015faqlar\u0131n ana s\u00fcd\u00fc il\u0259 qidaland\u0131r\u0131lmas\u0131 daim t\u0259bli\u011f olunur. Bu m\u0259s\u0259l\u0259d\u0259 S\u0259hiyy\u0259 Nazirliyi il\u0259 yana\u015f\u0131, ictimaiyy\u0259t d\u0259 i\u015ftirak etm\u0259lidir&#8221;. Qeyd ed\u0259k ki, \u00dcmumd\u00fcnya S\u0259hiyy\u0259 T\u0259\u015fkilat\u0131n\u0131n (\u00dcST) Az\u0259rbaycandak\u0131 n\u00fcmay\u0259nd\u0259liyinin r\u0259hb\u0259ri&hellip;<\/p>\n","protected":false},"author":2,"featured_media":93226,"comment_status":"closed","ping_status":"closed","sticky":false,"template":"","format":"standard","meta":{"om_disable_all_campaigns":false,"_monsterinsights_skip_tracking":false,"_monsterinsights_sitenote_active":false,"_monsterinsights_sitenote_note":"","_monsterinsights_sitenote_category":0},"categories":[1],"tags":[],"aioseo_notices":[],"gutentor_comment":0,"rttpg_featured_image_url":{"full":["https:\/\/arantv.az\/wp-content\/uploads\/2019\/11\/800178.jpg",800,600,false],"landscape":["https:\/\/arantv.az\/wp-content\/uploads\/2019\/11\/800178.jpg",800,600,false],"portraits":["https:\/\/arantv.az\/wp-content\/uploads\/2019\/11\/800178.jpg",800,600,false],"thumbnail":["https:\/\/arantv.az\/wp-content\/uploads\/2019\/11\/800178-150x150.jpg",150,150,true],"medium":["https:\/\/arantv.az\/wp-content\/uploads\/2019\/11\/800178-300x225.jpg",300,225,true],"large":["https:\/\/arantv.az\/wp-content\/uploads\/2019\/11\/800178.jpg",640,480,false],"1536x1536":["https:\/\/arantv.az\/wp-content\/uploads\/2019\/11\/800178.jpg",800,600,false],"2048x2048":["https:\/\/arantv.az\/wp-content\/uploads\/2019\/11\/800178.jpg",800,600,false],"post-thumbnail":["https:\/\/arantv.az\/wp-content\/uploads\/2019\/11\/800178-240x172.jpg",240,172,true],"advps-thumb-one":["https:\/\/arantv.az\/wp-content\/uploads\/2019\/11\/800178.jpg",800,600,false]},"rttpg_author":{"display_name":"V\u00fcsal Rafiqo\u011flu","author_link":"https:\/\/arantv.az\/?author=2"},"rttpg_comment":0,"rttpg_category":"<a href=\"https:\/\/arantv.az\/?cat=1\" rel=\"category\">C\u0259miyy\u0259t<\/a>","rttpg_excerpt":"S\u0259hiyy\u0259 nazirinin m\u00fcavini Elsev\u0259r A\u011fayev d\u00f6vl\u0259t do\u011fum m\u00fc\u0259ssis\u0259l\u0259rind\u0259 ayr\u0131-ayr\u0131 \u015firk\u0259tl\u0259r t\u0259r\u0259find\u0259n valideynl\u0259r\u0259 yenido\u011fulanlar\u0131n qidaland\u0131r\u0131lmas\u0131 \u00fc\u00e7\u00fcn s\u00fcni u\u015faq qidalar\u0131n\u0131n sat\u0131lmas\u0131na m\u00fcnasib\u0259t bildirib. ARANTV.AZ\u00a0Trend-\u0259 istinad\u0259n x\u0259b\u0259r verir ki, E.A\u011fayev deyib ki, b\u0259zi \u015firk\u0259tl\u0259r u\u015faq qidalar\u0131 il\u0259 ba\u011fl\u0131 d\u00fczg\u00fcn t\u0259bli\u011fat aparm\u0131rlar. Buna g\u00f6r\u0259 h\u0259kiml\u0259r d\u0259 yeni do\u011fulan u\u015faqlar\u0131n qidalanmas\u0131na diqq\u0259t etm\u0259lidirl\u0259r: &#8220;S\u0259hiyy\u0259 Nazirliyi olaraq apard\u0131\u011f\u0131m\u0131z siyas\u0259t ondan ibar\u0259tdir&hellip;","_links":{"self":[{"href":"https:\/\/arantv.az\/index.php?rest_route=\/wp\/v2\/posts\/93225"}],"collection":[{"href":"https:\/\/arantv.az\/index.php?rest_route=\/wp\/v2\/posts"}],"about":[{"href":"https:\/\/arantv.az\/index.php?rest_route=\/wp\/v2\/types\/post"}],"author":[{"embeddable":true,"href":"https:\/\/arantv.az\/index.php?rest_route=\/wp\/v2\/users\/2"}],"replies":[{"embeddable":true,"href":"https:\/\/arantv.az\/index.php?rest_route=%2Fwp%2Fv2%2Fcomments&post=93225"}],"version-history":[{"count":0,"href":"https:\/\/arantv.az\/index.php?rest_route=\/wp\/v2\/posts\/93225\/revisions"}],"wp:featuredmedia":[{"embeddable":true,"href":"https:\/\/arantv.az\/index.php?rest_route=\/wp\/v2\/media\/93226"}],"wp:attachment":[{"href":"https:\/\/arantv.az\/index.php?rest_route=%2Fwp%2Fv2%2Fmedia&parent=93225"}],"wp:term":[{"taxonomy":"category","embeddable":true,"href":"https:\/\/arantv.az\/index.php?rest_route=%2Fwp%2Fv2%2Fcategories&post=93225"},{"taxonomy":"post_tag","embeddable":true,"href":"https:\/\/arantv.az\/index.php?rest_route=%2Fwp%2Fv2%2Ftags&post=93225"}],"curies":[{"name":"wp","href":"https:\/\/api.w.org\/{rel}","templated":true}]}}