{"id":93229,"date":"2019-11-06T13:26:11","date_gmt":"2019-11-06T10:26:11","guid":{"rendered":"http:\/\/arantv.az\/?p=93229"},"modified":"2019-11-06T13:26:11","modified_gmt":"2019-11-06T10:26:11","slug":"az%c9%99rbaycanda-deputat-mahni-oxudu-video","status":"publish","type":"post","link":"https:\/\/arantv.az\/?p=93229","title":{"rendered":"Az\u0259rbaycanda deputat mahn\u0131 oxudu &#8211; V\u0130DEO"},"content":{"rendered":"<p>B\u0259st\u0259kar Ayg\u00fcn S\u0259m\u0259dzad\u0259 \u018fm\u0259kdar artist Lal\u0259 M\u0259mm\u0259dova v\u0259 m\u00fc\u011f\u0259nni V\u00fcsal Hac\u0131yevi evind\u0259 qonaq edib.<\/p>\n<p>B\u0259st\u0259kar \u00f6nc\u0259 pianoda \u201cM\u0259kt\u0259b ill\u0259ri\u201d\u00a0mahn\u0131s\u0131n\u0131 ifa edib, Lal\u0259 M\u0259mm\u0259dova is\u0259\u00a0mahn\u0131n\u0131 s\u0259sl\u0259ndirib. Daha sonra \u201cGirdim yar\u0131n ba\u011f\u00e7as\u0131na\u201d mahn\u0131s\u0131 s\u0259sl\u0259ndirilib.<\/p>\n<div id=\"AdviadNativeVideo0\" class=\"AdviadNativeVideo\"><\/div>\n<p>H\u0259min vaxt b\u0259st\u0259kar\u0131n atas\u0131, mill\u0259t v\u0259kili Ziyad S\u0259m\u0259dzad\u0259 d\u0259 onlara qo\u015fulub.<\/p>\n<div><iframe loading=\"lazy\" id=\"instagram-embed-0\" class=\"instagram-media instagram-media-rendered\" src=\"https:\/\/www.instagram.com\/p\/B4XKsornUjX\/embed\/captioned\/?cr=1&amp;v=12&amp;wp=540&amp;rd=https%3A%2F%2Foxu.az&amp;rp=%2Fsociety%2F341482#%7B%22ci%22%3A0%2C%22os%22%3A2454.3199999989156%2C%22ls%22%3A1355.8499999999185%2C%22le%22%3A1488.2149999993999%7D\" width=\"300\" height=\"852\" frameborder=\"0\" scrolling=\"no\" allowfullscreen=\"allowfullscreen\" data-instgrm-payload-id=\"instagram-media-payload-0\" data-mce-fragment=\"1\"><\/iframe><\/div>\n<p>&nbsp;<\/p>\n","protected":false},"excerpt":{"rendered":"<p>B\u0259st\u0259kar Ayg\u00fcn S\u0259m\u0259dzad\u0259 \u018fm\u0259kdar artist Lal\u0259 M\u0259mm\u0259dova v\u0259 m\u00fc\u011f\u0259nni V\u00fcsal Hac\u0131yevi evind\u0259 qonaq edib. B\u0259st\u0259kar \u00f6nc\u0259 pianoda \u201cM\u0259kt\u0259b ill\u0259ri\u201d\u00a0mahn\u0131s\u0131n\u0131 ifa edib, Lal\u0259 M\u0259mm\u0259dova is\u0259\u00a0mahn\u0131n\u0131 s\u0259sl\u0259ndirib. Daha sonra \u201cGirdim yar\u0131n ba\u011f\u00e7as\u0131na\u201d mahn\u0131s\u0131 s\u0259sl\u0259ndirilib. H\u0259min vaxt b\u0259st\u0259kar\u0131n atas\u0131, mill\u0259t v\u0259kili Ziyad S\u0259m\u0259dzad\u0259 d\u0259 onlara qo\u015fulub. &nbsp;<\/p>\n","protected":false},"author":2,"featured_media":93230,"comment_status":"closed","ping_status":"closed","sticky":false,"template":"","format":"standard","meta":{"om_disable_all_campaigns":false,"_monsterinsights_skip_tracking":false,"_monsterinsights_sitenote_active":false,"_monsterinsights_sitenote_note":"","_monsterinsights_sitenote_category":0},"categories":[1],"tags":[],"aioseo_notices":[],"gutentor_comment":0,"rttpg_featured_image_url":{"full":["https:\/\/arantv.az\/wp-content\/uploads\/2019\/11\/ziyad-samadzade.jpg",620,413,false],"landscape":["https:\/\/arantv.az\/wp-content\/uploads\/2019\/11\/ziyad-samadzade.jpg",620,413,false],"portraits":["https:\/\/arantv.az\/wp-content\/uploads\/2019\/11\/ziyad-samadzade.jpg",620,413,false],"thumbnail":["https:\/\/arantv.az\/wp-content\/uploads\/2019\/11\/ziyad-samadzade-150x150.jpg",150,150,true],"medium":["https:\/\/arantv.az\/wp-content\/uploads\/2019\/11\/ziyad-samadzade-300x200.jpg",300,200,true],"large":["https:\/\/arantv.az\/wp-content\/uploads\/2019\/11\/ziyad-samadzade.jpg",620,413,false],"1536x1536":["https:\/\/arantv.az\/wp-content\/uploads\/2019\/11\/ziyad-samadzade.jpg",620,413,false],"2048x2048":["https:\/\/arantv.az\/wp-content\/uploads\/2019\/11\/ziyad-samadzade.jpg",620,413,false],"post-thumbnail":["https:\/\/arantv.az\/wp-content\/uploads\/2019\/11\/ziyad-samadzade-240x172.jpg",240,172,true],"advps-thumb-one":["https:\/\/arantv.az\/wp-content\/uploads\/2019\/11\/ziyad-samadzade.jpg",620,413,false]},"rttpg_author":{"display_name":"V\u00fcsal Rafiqo\u011flu","author_link":"https:\/\/arantv.az\/?author=2"},"rttpg_comment":0,"rttpg_category":"<a href=\"https:\/\/arantv.az\/?cat=1\" rel=\"category\">C\u0259miyy\u0259t<\/a>","rttpg_excerpt":"B\u0259st\u0259kar Ayg\u00fcn S\u0259m\u0259dzad\u0259 \u018fm\u0259kdar artist Lal\u0259 M\u0259mm\u0259dova v\u0259 m\u00fc\u011f\u0259nni V\u00fcsal Hac\u0131yevi evind\u0259 qonaq edib. B\u0259st\u0259kar \u00f6nc\u0259 pianoda \u201cM\u0259kt\u0259b ill\u0259ri\u201d\u00a0mahn\u0131s\u0131n\u0131 ifa edib, Lal\u0259 M\u0259mm\u0259dova is\u0259\u00a0mahn\u0131n\u0131 s\u0259sl\u0259ndirib. Daha sonra \u201cGirdim yar\u0131n ba\u011f\u00e7as\u0131na\u201d mahn\u0131s\u0131 s\u0259sl\u0259ndirilib. H\u0259min vaxt b\u0259st\u0259kar\u0131n atas\u0131, mill\u0259t v\u0259kili Ziyad S\u0259m\u0259dzad\u0259 d\u0259 onlara qo\u015fulub. &nbsp;","_links":{"self":[{"href":"https:\/\/arantv.az\/index.php?rest_route=\/wp\/v2\/posts\/93229"}],"collection":[{"href":"https:\/\/arantv.az\/index.php?rest_route=\/wp\/v2\/posts"}],"about":[{"href":"https:\/\/arantv.az\/index.php?rest_route=\/wp\/v2\/types\/post"}],"author":[{"embeddable":true,"href":"https:\/\/arantv.az\/index.php?rest_route=\/wp\/v2\/users\/2"}],"replies":[{"embeddable":true,"href":"https:\/\/arantv.az\/index.php?rest_route=%2Fwp%2Fv2%2Fcomments&post=93229"}],"version-history":[{"count":0,"href":"https:\/\/arantv.az\/index.php?rest_route=\/wp\/v2\/posts\/93229\/revisions"}],"wp:featuredmedia":[{"embeddable":true,"href":"https:\/\/arantv.az\/index.php?rest_route=\/wp\/v2\/media\/93230"}],"wp:attachment":[{"href":"https:\/\/arantv.az\/index.php?rest_route=%2Fwp%2Fv2%2Fmedia&parent=93229"}],"wp:term":[{"taxonomy":"category","embeddable":true,"href":"https:\/\/arantv.az\/index.php?rest_route=%2Fwp%2Fv2%2Fcategories&post=93229"},{"taxonomy":"post_tag","embeddable":true,"href":"https:\/\/arantv.az\/index.php?rest_route=%2Fwp%2Fv2%2Ftags&post=93229"}],"curies":[{"name":"wp","href":"https:\/\/api.w.org\/{rel}","templated":true}]}}