{"id":93245,"date":"2019-11-06T13:48:52","date_gmt":"2019-11-06T10:48:52","guid":{"rendered":"http:\/\/arantv.az\/?p=93245"},"modified":"2019-11-06T13:48:52","modified_gmt":"2019-11-06T10:48:52","slug":"az%c9%99rbaycanlilarin-bazar-davasi-qan-tokuldu","status":"publish","type":"post","link":"https:\/\/arantv.az\/?p=93245","title":{"rendered":"Az\u0259rbaycanl\u0131lar\u0131n bazar davas\u0131: qan t\u00f6k\u00fcld\u00fc"},"content":{"rendered":"<p>Polis h\u00fccum ed\u0259ni saxlay\u0131b<\/p>\n<p><b>ARANTV.AZ\u00a0<\/b>virtualaz.org-a istinad\u0259n x\u0259b\u0259r verir ki, Moldovan\u0131n paytaxt\u0131 Ki\u015finyovda iki Az\u0259rbaycan v\u0259t\u0259nda\u015f\u0131 bazarda yer \u00fcst\u00fcnd\u0259 dava edibl\u0259r. Dava bir az\u0259rbaycanl\u0131n\u0131n dig\u0259rin\u0259 b\u0131\u00e7aq z\u0259rb\u0259si il\u0259 n\u0259tic\u0259l\u0259nib.<\/p>\n<div><\/div>\n<p>Yer \u00fcst\u00fcnd\u0259 ba\u015flayan dava zaman\u0131 30 ya\u015fl\u0131 az\u0259rbaycanl\u0131 47 ya\u015fl\u0131 r\u0259qibin\u0259 m\u0259tb\u0259x b\u0131\u00e7a\u011f\u0131 il\u0259 h\u00fccum \u00e7\u0259kib. Ki\u015finyov polisinin r\u0259is m\u00fcavini Marin Qaraz bildirib ki, polis h\u00fccum ed\u0259ni saxlay\u0131b. Yaral\u0131 az\u0259rbaycanl\u0131 x\u0259st\u0259xanaya apar\u0131l\u0131b v\u0259 onun \u00fcz\u0259rind\u0259 c\u0259rrahiy\u0259 \u0259m\u0259liyyat\u0131 apar\u0131l\u0131b, v\u0259ziyy\u0259ti orta a\u011f\u0131rd\u0131r.<\/p>\n<p>H\u00fcquq-m\u00fchafiz\u0259 orqanlar\u0131 bu dava il\u0259 ba\u011fl\u0131 daha iki Az\u0259rbaycan v\u0259t\u0259nda\u015f\u0131n\u0131 h\u0259bs edib. Onlar\u0131n Yalovensk rayonunun Ruse\u015ftiy Noy ya\u015fay\u0131\u015f m\u0259nt\u0259q\u0259sind\u0259 gizl\u0259ndiyi m\u0259lum olub v\u0259 \u00f6t\u0259n ax\u015fam polisl\u0259r h\u0259min \u00fcnvanda \u0259m\u0259liyyat ke\u00e7irib.<\/p>\n<p>Saxlan\u0131lanlar\u0131n bar\u0259sind\u0259 72 saatl\u0131q saxlanma q\u0259rar\u0131 verilib, bar\u0259l\u0259rind\u0259 cinay\u0259t i\u015fi qald\u0131r\u0131l\u0131b. Onlar\u0131 7 il\u0259 q\u0259d\u0259r h\u0259bs g\u00f6zl\u0259yir.<\/p>\n<div class=\"embed-responsive embed-responsive-16by9\"><iframe loading=\"lazy\" id=\"nmqembedid\" class=\"embed-responsive-item\" title=\"video player\" src=\"https:\/\/izle.az\/embed\/09cvyEms1MtN0U_NTUpN0Tc2MTMxNDSxL8ksyUm1TUvMKU5VSywtyQepgnAB\" width=\"600\" height=\"340\" frameborder=\"0\" scrolling=\"no\" allowfullscreen=\"allowfullscreen\" data-mce-fragment=\"1\"><\/iframe><\/div>\n<div class=\"datespan clearfix\"><\/div>\n","protected":false},"excerpt":{"rendered":"<p>Polis h\u00fccum ed\u0259ni saxlay\u0131b ARANTV.AZ\u00a0virtualaz.org-a istinad\u0259n x\u0259b\u0259r verir ki, Moldovan\u0131n paytaxt\u0131 Ki\u015finyovda iki Az\u0259rbaycan v\u0259t\u0259nda\u015f\u0131 bazarda yer \u00fcst\u00fcnd\u0259 dava edibl\u0259r. Dava bir az\u0259rbaycanl\u0131n\u0131n dig\u0259rin\u0259 b\u0131\u00e7aq z\u0259rb\u0259si il\u0259 n\u0259tic\u0259l\u0259nib. Yer \u00fcst\u00fcnd\u0259 ba\u015flayan dava zaman\u0131 30 ya\u015fl\u0131 az\u0259rbaycanl\u0131 47 ya\u015fl\u0131 r\u0259qibin\u0259 m\u0259tb\u0259x b\u0131\u00e7a\u011f\u0131 il\u0259 h\u00fccum \u00e7\u0259kib. Ki\u015finyov polisinin r\u0259is m\u00fcavini Marin Qaraz bildirib ki, polis h\u00fccum ed\u0259ni saxlay\u0131b. Yaral\u0131 az\u0259rbaycanl\u0131 x\u0259st\u0259xanaya apar\u0131l\u0131b v\u0259 onun \u00fcz\u0259rind\u0259 c\u0259rrahiy\u0259 \u0259m\u0259liyyat\u0131 apar\u0131l\u0131b, v\u0259ziyy\u0259ti orta a\u011f\u0131rd\u0131r. H\u00fcquq-m\u00fchafiz\u0259 orqanlar\u0131 bu dava il\u0259 ba\u011fl\u0131 daha iki Az\u0259rbaycan v\u0259t\u0259nda\u015f\u0131n\u0131 h\u0259bs edib. Onlar\u0131n Yalovensk rayonunun Ruse\u015ftiy Noy ya\u015fay\u0131\u015f m\u0259nt\u0259q\u0259sind\u0259 gizl\u0259ndiyi m\u0259lum&hellip;<\/p>\n","protected":false},"author":2,"featured_media":93246,"comment_status":"closed","ping_status":"closed","sticky":false,"template":"","format":"standard","meta":{"om_disable_all_campaigns":false,"_monsterinsights_skip_tracking":false,"_monsterinsights_sitenote_active":false,"_monsterinsights_sitenote_note":"","_monsterinsights_sitenote_category":0},"categories":[7],"tags":[],"aioseo_notices":[],"gutentor_comment":0,"rttpg_featured_image_url":{"full":["https:\/\/arantv.az\/wp-content\/uploads\/2019\/11\/bazar-dava.jpg",550,353,false],"landscape":["https:\/\/arantv.az\/wp-content\/uploads\/2019\/11\/bazar-dava.jpg",550,353,false],"portraits":["https:\/\/arantv.az\/wp-content\/uploads\/2019\/11\/bazar-dava.jpg",550,353,false],"thumbnail":["https:\/\/arantv.az\/wp-content\/uploads\/2019\/11\/bazar-dava-150x150.jpg",150,150,true],"medium":["https:\/\/arantv.az\/wp-content\/uploads\/2019\/11\/bazar-dava-300x193.jpg",300,193,true],"large":["https:\/\/arantv.az\/wp-content\/uploads\/2019\/11\/bazar-dava.jpg",550,353,false],"1536x1536":["https:\/\/arantv.az\/wp-content\/uploads\/2019\/11\/bazar-dava.jpg",550,353,false],"2048x2048":["https:\/\/arantv.az\/wp-content\/uploads\/2019\/11\/bazar-dava.jpg",550,353,false],"post-thumbnail":["https:\/\/arantv.az\/wp-content\/uploads\/2019\/11\/bazar-dava-240x172.jpg",240,172,true],"advps-thumb-one":["https:\/\/arantv.az\/wp-content\/uploads\/2019\/11\/bazar-dava.jpg",550,353,false]},"rttpg_author":{"display_name":"V\u00fcsal Rafiqo\u011flu","author_link":"https:\/\/arantv.az\/?author=2"},"rttpg_comment":0,"rttpg_category":"<a href=\"https:\/\/arantv.az\/?cat=7\" rel=\"category\">D\u00fcnya<\/a>","rttpg_excerpt":"Polis h\u00fccum ed\u0259ni saxlay\u0131b ARANTV.AZ\u00a0virtualaz.org-a istinad\u0259n x\u0259b\u0259r verir ki, Moldovan\u0131n paytaxt\u0131 Ki\u015finyovda iki Az\u0259rbaycan v\u0259t\u0259nda\u015f\u0131 bazarda yer \u00fcst\u00fcnd\u0259 dava edibl\u0259r. Dava bir az\u0259rbaycanl\u0131n\u0131n dig\u0259rin\u0259 b\u0131\u00e7aq z\u0259rb\u0259si il\u0259 n\u0259tic\u0259l\u0259nib. Yer \u00fcst\u00fcnd\u0259 ba\u015flayan dava zaman\u0131 30 ya\u015fl\u0131 az\u0259rbaycanl\u0131 47 ya\u015fl\u0131 r\u0259qibin\u0259 m\u0259tb\u0259x b\u0131\u00e7a\u011f\u0131 il\u0259 h\u00fccum \u00e7\u0259kib. Ki\u015finyov polisinin r\u0259is m\u00fcavini Marin Qaraz bildirib ki, polis h\u00fccum ed\u0259ni&hellip;","_links":{"self":[{"href":"https:\/\/arantv.az\/index.php?rest_route=\/wp\/v2\/posts\/93245"}],"collection":[{"href":"https:\/\/arantv.az\/index.php?rest_route=\/wp\/v2\/posts"}],"about":[{"href":"https:\/\/arantv.az\/index.php?rest_route=\/wp\/v2\/types\/post"}],"author":[{"embeddable":true,"href":"https:\/\/arantv.az\/index.php?rest_route=\/wp\/v2\/users\/2"}],"replies":[{"embeddable":true,"href":"https:\/\/arantv.az\/index.php?rest_route=%2Fwp%2Fv2%2Fcomments&post=93245"}],"version-history":[{"count":0,"href":"https:\/\/arantv.az\/index.php?rest_route=\/wp\/v2\/posts\/93245\/revisions"}],"wp:featuredmedia":[{"embeddable":true,"href":"https:\/\/arantv.az\/index.php?rest_route=\/wp\/v2\/media\/93246"}],"wp:attachment":[{"href":"https:\/\/arantv.az\/index.php?rest_route=%2Fwp%2Fv2%2Fmedia&parent=93245"}],"wp:term":[{"taxonomy":"category","embeddable":true,"href":"https:\/\/arantv.az\/index.php?rest_route=%2Fwp%2Fv2%2Fcategories&post=93245"},{"taxonomy":"post_tag","embeddable":true,"href":"https:\/\/arantv.az\/index.php?rest_route=%2Fwp%2Fv2%2Ftags&post=93245"}],"curies":[{"name":"wp","href":"https:\/\/api.w.org\/{rel}","templated":true}]}}