{"id":93249,"date":"2019-11-06T13:49:35","date_gmt":"2019-11-06T10:49:35","guid":{"rendered":"http:\/\/arantv.az\/?p=93249"},"modified":"2019-11-06T13:49:35","modified_gmt":"2019-11-06T10:49:35","slug":"moldovada-iki-az%c9%99rbaycanli-bel%c9%99-saxlanildi-video","status":"publish","type":"post","link":"https:\/\/arantv.az\/?p=93249","title":{"rendered":"Moldovada iki az\u0259rbaycanl\u0131 bel\u0259 saxlan\u0131ld\u0131 \u2013 V\u0130DEO"},"content":{"rendered":"<p>Moldovada Ki\u015finyov m\u0259rk\u0259zi bazar\u0131nda h\u00fcquq-m\u00fchafiz\u0259 orqanlar\u0131 b\u0131\u00e7aqlanma hadis\u0259sind\u0259 \u015f\u00fcbh\u0259li bilin\u0259n iki Az\u0259rbaycan v\u0259t\u0259nda\u015f\u0131n\u0131 saxlay\u0131b.<\/p>\n<p><b>ARANTV.AZ\u00a0<\/b>\u00a0oxu.az-a istinad\u0259n x\u0259b\u0259r verir ki, \u00f6t\u0259n gec\u0259 m\u0259rk\u0259zi bazarda b\u0131\u00e7aqlanma fakt\u0131 il\u0259 ba\u011fl\u0131 polis\u0259 m\u0259lumat daxil olub. Veril\u0259n m\u0259lumata g\u00f6r\u0259, iki sat\u0131c\u0131 aras\u0131nda m\u00fcnaqi\u015f\u0259 say\u011fac \u00fcst\u00fcnd\u0259 yaran\u0131b. Say\u011fac\u0131 payla\u015fa bilm\u0259y\u0259n t\u0259r\u0259fl\u0259rd\u0259n biri m\u0259tb\u0259x b\u0131\u00e7a\u011f\u0131na \u0259l at\u0131b.<\/p>\n<div><\/div>\n<p>\u015e\u00fcbh\u0259li Az\u0259rbaycan v\u0259t\u0259nda\u015flar\u0131 istintaqdan gizl\u0259nm\u0259y\u0259 c\u0259hd ets\u0259l\u0259r d\u0259, yaxalan\u0131blar.<\/p>\n<p>\u0130ndi onlar\u0131 yeddi il\u0259 q\u0259d\u0259r h\u0259bs c\u0259zas\u0131 g\u00f6zl\u0259yir. Haz\u0131rda onlar bar\u0259sind\u0259 72 saat h\u0259bs q\u0259rar\u0131 \u00e7\u0131xar\u0131l\u0131b.<\/p>\n<div class=\"embed-responsive embed-responsive-16by9\"><iframe loading=\"lazy\" id=\"nmqembedid\" class=\"embed-responsive-item\" title=\"video player\" src=\"https:\/\/izle.az\/embed\/09cvyEms1MtN0U_NTUpN0Tc2MTMxNDSxL8ksyUm1TUvMKU5VSywtyQepgnAB\" width=\"600\" height=\"340\" frameborder=\"0\" scrolling=\"no\" allowfullscreen=\"allowfullscreen\" data-mce-fragment=\"1\"><\/iframe><\/div>\n<div class=\"datespan clearfix\"><\/div>\n","protected":false},"excerpt":{"rendered":"<p>Moldovada Ki\u015finyov m\u0259rk\u0259zi bazar\u0131nda h\u00fcquq-m\u00fchafiz\u0259 orqanlar\u0131 b\u0131\u00e7aqlanma hadis\u0259sind\u0259 \u015f\u00fcbh\u0259li bilin\u0259n iki Az\u0259rbaycan v\u0259t\u0259nda\u015f\u0131n\u0131 saxlay\u0131b. ARANTV.AZ\u00a0\u00a0oxu.az-a istinad\u0259n x\u0259b\u0259r verir ki, \u00f6t\u0259n gec\u0259 m\u0259rk\u0259zi bazarda b\u0131\u00e7aqlanma fakt\u0131 il\u0259 ba\u011fl\u0131 polis\u0259 m\u0259lumat daxil olub. Veril\u0259n m\u0259lumata g\u00f6r\u0259, iki sat\u0131c\u0131 aras\u0131nda m\u00fcnaqi\u015f\u0259 say\u011fac \u00fcst\u00fcnd\u0259 yaran\u0131b. Say\u011fac\u0131 payla\u015fa bilm\u0259y\u0259n t\u0259r\u0259fl\u0259rd\u0259n biri m\u0259tb\u0259x b\u0131\u00e7a\u011f\u0131na \u0259l at\u0131b. \u015e\u00fcbh\u0259li Az\u0259rbaycan v\u0259t\u0259nda\u015flar\u0131 istintaqdan gizl\u0259nm\u0259y\u0259 c\u0259hd ets\u0259l\u0259r d\u0259, yaxalan\u0131blar. \u0130ndi onlar\u0131 yeddi il\u0259 q\u0259d\u0259r h\u0259bs c\u0259zas\u0131 g\u00f6zl\u0259yir. Haz\u0131rda onlar bar\u0259sind\u0259 72 saat h\u0259bs q\u0259rar\u0131 \u00e7\u0131xar\u0131l\u0131b.<\/p>\n","protected":false},"author":2,"featured_media":93250,"comment_status":"closed","ping_status":"closed","sticky":false,"template":"","format":"standard","meta":{"om_disable_all_campaigns":false,"_monsterinsights_skip_tracking":false,"_monsterinsights_sitenote_active":false,"_monsterinsights_sitenote_note":"","_monsterinsights_sitenote_category":0},"categories":[7],"tags":[],"aioseo_notices":[],"gutentor_comment":0,"rttpg_featured_image_url":{"full":["https:\/\/arantv.az\/wp-content\/uploads\/2019\/11\/851e05bee1da637610a6338c9703c49b.jpg",549,288,false],"landscape":["https:\/\/arantv.az\/wp-content\/uploads\/2019\/11\/851e05bee1da637610a6338c9703c49b.jpg",549,288,false],"portraits":["https:\/\/arantv.az\/wp-content\/uploads\/2019\/11\/851e05bee1da637610a6338c9703c49b.jpg",549,288,false],"thumbnail":["https:\/\/arantv.az\/wp-content\/uploads\/2019\/11\/851e05bee1da637610a6338c9703c49b-150x150.jpg",150,150,true],"medium":["https:\/\/arantv.az\/wp-content\/uploads\/2019\/11\/851e05bee1da637610a6338c9703c49b-300x157.jpg",300,157,true],"large":["https:\/\/arantv.az\/wp-content\/uploads\/2019\/11\/851e05bee1da637610a6338c9703c49b.jpg",549,288,false],"1536x1536":["https:\/\/arantv.az\/wp-content\/uploads\/2019\/11\/851e05bee1da637610a6338c9703c49b.jpg",549,288,false],"2048x2048":["https:\/\/arantv.az\/wp-content\/uploads\/2019\/11\/851e05bee1da637610a6338c9703c49b.jpg",549,288,false],"post-thumbnail":["https:\/\/arantv.az\/wp-content\/uploads\/2019\/11\/851e05bee1da637610a6338c9703c49b-240x172.jpg",240,172,true],"advps-thumb-one":["https:\/\/arantv.az\/wp-content\/uploads\/2019\/11\/851e05bee1da637610a6338c9703c49b.jpg",549,288,false]},"rttpg_author":{"display_name":"V\u00fcsal Rafiqo\u011flu","author_link":"https:\/\/arantv.az\/?author=2"},"rttpg_comment":0,"rttpg_category":"<a href=\"https:\/\/arantv.az\/?cat=7\" rel=\"category\">D\u00fcnya<\/a>","rttpg_excerpt":"Moldovada Ki\u015finyov m\u0259rk\u0259zi bazar\u0131nda h\u00fcquq-m\u00fchafiz\u0259 orqanlar\u0131 b\u0131\u00e7aqlanma hadis\u0259sind\u0259 \u015f\u00fcbh\u0259li bilin\u0259n iki Az\u0259rbaycan v\u0259t\u0259nda\u015f\u0131n\u0131 saxlay\u0131b. ARANTV.AZ\u00a0\u00a0oxu.az-a istinad\u0259n x\u0259b\u0259r verir ki, \u00f6t\u0259n gec\u0259 m\u0259rk\u0259zi bazarda b\u0131\u00e7aqlanma fakt\u0131 il\u0259 ba\u011fl\u0131 polis\u0259 m\u0259lumat daxil olub. Veril\u0259n m\u0259lumata g\u00f6r\u0259, iki sat\u0131c\u0131 aras\u0131nda m\u00fcnaqi\u015f\u0259 say\u011fac \u00fcst\u00fcnd\u0259 yaran\u0131b. Say\u011fac\u0131 payla\u015fa bilm\u0259y\u0259n t\u0259r\u0259fl\u0259rd\u0259n biri m\u0259tb\u0259x b\u0131\u00e7a\u011f\u0131na \u0259l at\u0131b. \u015e\u00fcbh\u0259li Az\u0259rbaycan v\u0259t\u0259nda\u015flar\u0131 istintaqdan gizl\u0259nm\u0259y\u0259&hellip;","_links":{"self":[{"href":"https:\/\/arantv.az\/index.php?rest_route=\/wp\/v2\/posts\/93249"}],"collection":[{"href":"https:\/\/arantv.az\/index.php?rest_route=\/wp\/v2\/posts"}],"about":[{"href":"https:\/\/arantv.az\/index.php?rest_route=\/wp\/v2\/types\/post"}],"author":[{"embeddable":true,"href":"https:\/\/arantv.az\/index.php?rest_route=\/wp\/v2\/users\/2"}],"replies":[{"embeddable":true,"href":"https:\/\/arantv.az\/index.php?rest_route=%2Fwp%2Fv2%2Fcomments&post=93249"}],"version-history":[{"count":0,"href":"https:\/\/arantv.az\/index.php?rest_route=\/wp\/v2\/posts\/93249\/revisions"}],"wp:featuredmedia":[{"embeddable":true,"href":"https:\/\/arantv.az\/index.php?rest_route=\/wp\/v2\/media\/93250"}],"wp:attachment":[{"href":"https:\/\/arantv.az\/index.php?rest_route=%2Fwp%2Fv2%2Fmedia&parent=93249"}],"wp:term":[{"taxonomy":"category","embeddable":true,"href":"https:\/\/arantv.az\/index.php?rest_route=%2Fwp%2Fv2%2Fcategories&post=93249"},{"taxonomy":"post_tag","embeddable":true,"href":"https:\/\/arantv.az\/index.php?rest_route=%2Fwp%2Fv2%2Ftags&post=93249"}],"curies":[{"name":"wp","href":"https:\/\/api.w.org\/{rel}","templated":true}]}}