{"id":93257,"date":"2019-11-06T13:51:46","date_gmt":"2019-11-06T10:51:46","guid":{"rendered":"http:\/\/arantv.az\/?p=93257"},"modified":"2019-11-06T13:51:46","modified_gmt":"2019-11-06T10:51:46","slug":"k%c9%99nd-t%c9%99s%c9%99rrufati-sah%c9%99sind%c9%99-az%c9%99rbaycan-abs-%c9%99m%c9%99kdasligi-vasinqtonda-muzakir%c9%99-olunub","status":"publish","type":"post","link":"https:\/\/arantv.az\/?p=93257","title":{"rendered":"K\u0259nd t\u0259s\u0259rr\u00fcfat\u0131 sah\u0259sind\u0259 Az\u0259rbaycan-AB\u015e \u0259m\u0259kda\u015fl\u0131\u011f\u0131 Va\u015finqtonda m\u00fczakir\u0259 olunub"},"content":{"rendered":"<p>K\u0259nd T\u0259s\u0259rr\u00fcfat\u0131 Nazirliyinin n\u00fcmay\u0259nd\u0259 hey\u0259ti Oklahoma-Az\u0259rbaycan K\u0259nd T\u0259s\u0259rr\u00fcfat\u0131 Forumunda i\u015ftirak etm\u0259k m\u0259qs\u0259dil\u0259 Amerika Birl\u0259\u015fmi\u015f \u015etatlar\u0131nda s\u0259f\u0259rd\u0259dir.<\/p>\n<p><strong>ARANTV.AZ<\/strong>\u00a0 x\u0259b\u0259r verir ki, nazir \u0130nam K\u0259rimovun r\u0259hb\u0259rlik etdiyi hey\u0259t AB\u015e-a s\u0259f\u0259r \u00e7\u0259r\u00e7iv\u0259sind\u0259 Va\u015finqtonda i\u015fg\u00fczar g\u00f6r\u00fc\u015fl\u0259r ke\u00e7irib.<\/p>\n<div><\/div>\n<p>D\u00fcnya Bank\u0131n\u0131n regional icra\u00e7\u0131 direktoru Verner Qruber v\u0259 Beyn\u0259lxalq Maliyy\u0259 Korporasiyas\u0131n\u0131n k\u0259nd t\u0259s\u0259rr\u00fcfat\u0131 \u0259m\u0259liyyatlar\u0131 \u00fczr\u0259 regional direktoru Tomas Telma il\u0259 ke\u00e7iril\u0259n g\u00f6r\u00fc\u015fl\u0259rd\u0259 Az\u0259rbaycanda aqrar inki\u015faf strategiyas\u0131n\u0131n \u0259sas istiqam\u0259tl\u0259ri, k\u0259nd t\u0259s\u0259rr\u00fcfat\u0131 sektorunda apar\u0131lan islahatlar, h\u0259yata ke\u00e7iril\u0259n innovativ layih\u0259l\u0259r bar\u0259d\u0259 m\u0259lumat verilib. Aqrar islahatlar\u0131n \u0259sas m\u0259qs\u0259dinin \u00f6lk\u0259nin \u0259rzaq t\u0259hl\u00fck\u0259sizliyinin t\u0259min edilm\u0259si oldu\u011fu bildirilib. Qeyd olunub ki, torpaq v\u0259 su ehtiyatlar\u0131ndan daha s\u0259m\u0259r\u0259li istifad\u0259 edilm\u0259si vacibdir v\u0259 d\u00f6vl\u0259t bu sah\u0259d\u0259 d\u00fcnyada t\u0259tbiq olunan m\u00fcasir texnologiyalar\u0131n \u00f6lk\u0259miz\u0259 g\u0259tirilm\u0259sini t\u0259\u015fviq edir. K\u0259nd t\u0259s\u0259rr\u00fcfat\u0131na d\u00f6vl\u0259t d\u0259st\u0259yinin geni\u015fl\u0259ndirildiyi bar\u0259d\u0259 m\u0259lumat ver\u0259n hey\u0259t \u00fczvl\u0259ri Prezident \u0130lham \u018fliyevin bu istiqam\u0259td\u0259 imzalad\u0131\u011f\u0131 f\u0259rman v\u0259 s\u0259r\u0259ncamlar\u0131n mahiyy\u0259tini g\u00f6r\u00fc\u015f i\u015ftirak\u00e7\u0131lar\u0131n\u0131n diqq\u0259tin\u0259 \u00e7atd\u0131r\u0131blar. \u018flav\u0259 edilib ki, \u00f6lk\u0259nin k\u0259nd t\u0259s\u0259rr\u00fcfat\u0131 texnikas\u0131 bazar\u0131n\u0131n tam liberalla\u015fmas\u0131 bu sah\u0259ni xarici investorlar \u00fc\u00e7\u00fcn c\u0259lbedici edir.<\/p>\n<p>G\u00f6r\u00fc\u015fd\u0259 k\u0259nd t\u0259s\u0259rr\u00fcfat\u0131 sah\u0259sind\u0259 \u0259m\u0259kda\u015fl\u0131q imkanlar\u0131 geni\u015f m\u00fczakir\u0259 olunub. T\u0259r\u0259fl\u0259r Oklahomada ke\u00e7iril\u0259c\u0259k forumun t\u0259cr\u00fcb\u0259l\u0259ri b\u00f6l\u00fc\u015fm\u0259k, aqrar sektorda t\u0259r\u0259fda\u015fl\u0131q v\u0259 investisiya imkanlar\u0131n\u0131 ara\u015fd\u0131rmaq \u00fc\u00e7\u00fcn m\u00fch\u00fcm platforma oldu\u011fu q\u0259na\u0259tini b\u00f6l\u00fc\u015f\u00fcbl\u0259r.<\/p>\n<p>N\u00fcmay\u0259nd\u0259 hey\u0259ti Va\u015finqtona i\u015fg\u00fczar s\u0259f\u0259r \u00e7\u0259r\u00e7iv\u0259sind\u0259 Amerika Birl\u0259\u015fmi\u015f \u015etatlar\u0131 Prezidentinin \u0130cra Aparat\u0131n\u0131n k\u0259nd t\u0259s\u0259rr\u00fcfat\u0131 \u00fczr\u0259 m\u00fc\u015faviri Qreqq Daud, AB\u015e Beyn\u0259lxalq \u0130nki\u015faf Agentliyinin r\u0259smisi Brok Bierman, AB\u015e-Az\u0259rbaycan iqtisadi t\u0259r\u0259fda\u015fl\u0131q komissiyas\u0131n\u0131n h\u0259ms\u0259dri Piter Xaas il\u0259 d\u0259 g\u00f6r\u00fc\u015f\u00fcb. G\u00f6r\u00fc\u015fl\u0259rd\u0259 Az\u0259rbaycan-AB\u015e \u0259m\u0259kda\u015fl\u0131\u011f\u0131, \u00f6lk\u0259 iqtisadiyyat\u0131nda, o c\u00fcml\u0259d\u0259n qeyri-neft sektorunda inki\u015faf tendensiyalar\u0131, \u0259ld\u0259 olunan nailiyy\u0259tl\u0259r m\u00fczakir\u0259 olunub. G\u00f6r\u00fc\u015f i\u015ftirak\u00e7\u0131lar\u0131 iki \u00f6lk\u0259 aras\u0131nda aqrar sah\u0259d\u0259 t\u0259r\u0259fda\u015fl\u0131\u011f\u0131n ikit\u0259r\u0259fli m\u00fcnasib\u0259tl\u0259rd\u0259 inki\u015faf etdirilm\u0259li vacib istiqam\u0259tl\u0259rd\u0259n biri oldu\u011funu bildirib, bu c\u00fcr dialoqlar\u0131n \u0259m\u0259kda\u015fl\u0131\u011f\u0131 daha da geni\u015fl\u0259ndirm\u0259k \u00fc\u00e7\u00fcn g\u00f6z\u0259l imkanlar yaratd\u0131\u011f\u0131n\u0131 qeyd edibl\u0259r.<\/p>\n<p>N\u00fcmay\u0259nd\u0259 hey\u0259ti Va\u015finqtonda g\u00f6r\u00fc\u015fl\u0259ri ba\u015fa vurduqdan sonra Oklahoma-Az\u0259rbaycan K\u0259nd T\u0259s\u0259rr\u00fcfat\u0131 Forumunda i\u015ftirak etm\u0259k \u00fc\u00e7\u00fcn bu \u015ftata yola d\u00fc\u015f\u0259c\u0259k. Qeyd ed\u0259k ki, bu, 2019-cu ild\u0259 AB\u015e v\u0259 Az\u0259rbaycan\u0131n k\u0259nd t\u0259s\u0259rr\u00fcfat\u0131 istehsal\u00e7\u0131lar\u0131n\u0131 bir araya g\u0259tir\u0259n sayca ikinci forumdur. Aprel ay\u0131nda \u00c7ikaqoda ke\u00e7iril\u0259n foruma \u0130llinoys \u015ftat\u0131n\u0131n 33 \u015firk\u0259ti v\u0259 Az\u0259rbaycan\u0131n 14 \u015firk\u0259ti qat\u0131l\u0131b.<\/p>\n<p>Oklahoma-Az\u0259rbaycan K\u0259nd T\u0259s\u0259rr\u00fcfat\u0131 Forumunda heyvandarl\u0131\u011f\u0131n inki\u015faf\u0131, orta v\u0259 iri fermer t\u0259s\u0259rr\u00fcfatlar\u0131n\u0131n idar\u0259 olunmas\u0131, d\u0259nli v\u0259 d\u0259nli-paxlal\u0131 bitkil\u0259rin m\u00fcasir \u00fcsullarla bec\u0259rilm\u0259si m\u0259s\u0259l\u0259l\u0259ri m\u00fczakir\u0259 olunacaq.<\/p>\n<p>Forum Oklahoma K\u0259nd T\u0259s\u0259rr\u00fcfat\u0131, Qida v\u0259 Me\u015f\u0259 T\u0259s\u0259rr\u00fcfat\u0131 Departamenti, Az\u0259rbaycan K\u0259nd T\u0259s\u0259rr\u00fcfat\u0131 Nazirliyi, AB\u015e-\u0131n Az\u0259rbaycandak\u0131 s\u0259firliyi, Az\u0259rbaycan\u0131n Birl\u0259\u015fmi\u015f \u015etatlardak\u0131 s\u0259firliyi v\u0259 Amerikan\u0131n Az\u0259rbaycandak\u0131 Ticar\u0259t Palatas\u0131 il\u0259 t\u0259r\u0259fda\u015fl\u0131q \u00e7\u0259r\u00e7iv\u0259sind\u0259 Birl\u0259\u015fmi\u015f \u015etatlar-Az\u0259rbaycan Ticar\u0259t Palatas\u0131 (USACC), Oklahoma Ticar\u0259t Departamenti v\u0259 AB\u015e-\u0131n Beyn\u0259lxalq \u0130nki\u015faf Agentliyinin (USAID) Az\u0259rbaycandak\u0131 missiyas\u0131 il\u0259 birg\u0259 t\u0259\u015fkil olunub.AZ\u018fRTAC<br \/>\n<img class=\"imgbcode\" src=\"https:\/\/sonxeber.az\/uploads\/1573031890yapevz60l6w68yutg8tibnupgul77xy83e316aax.jpg\" alt=\"K\u0259nd t\u0259s\u0259rr\u00fcfat\u0131 sah\u0259sind\u0259 Az\u0259rbaycan-AB\u015e \u0259m\u0259kda\u015fl\u0131\u011f\u0131 Va\u015finqtonda m\u00fczakir\u0259 olunub\" \/><img class=\"imgbcode\" src=\"https:\/\/sonxeber.az\/uploads\/ye8kjrjrts3ksvrqfcsfhpn6ippscaecoxt5aniu.jpg\" alt=\"K\u0259nd t\u0259s\u0259rr\u00fcfat\u0131 sah\u0259sind\u0259 Az\u0259rbaycan-AB\u015e \u0259m\u0259kda\u015fl\u0131\u011f\u0131 Va\u015finqtonda m\u00fczakir\u0259 olunub\" \/><img class=\"imgbcode\" src=\"https:\/\/sonxeber.az\/uploads\/ayiinftpjg3yiqjcnclqwpt5yryas4twixfj7s0a.jpg\" alt=\"K\u0259nd t\u0259s\u0259rr\u00fcfat\u0131 sah\u0259sind\u0259 Az\u0259rbaycan-AB\u015e \u0259m\u0259kda\u015fl\u0131\u011f\u0131 Va\u015finqtonda m\u00fczakir\u0259 olunub\" \/><\/p>\n","protected":false},"excerpt":{"rendered":"<p>K\u0259nd T\u0259s\u0259rr\u00fcfat\u0131 Nazirliyinin n\u00fcmay\u0259nd\u0259 hey\u0259ti Oklahoma-Az\u0259rbaycan K\u0259nd T\u0259s\u0259rr\u00fcfat\u0131 Forumunda i\u015ftirak etm\u0259k m\u0259qs\u0259dil\u0259 Amerika Birl\u0259\u015fmi\u015f \u015etatlar\u0131nda s\u0259f\u0259rd\u0259dir. ARANTV.AZ\u00a0 x\u0259b\u0259r verir ki, nazir \u0130nam K\u0259rimovun r\u0259hb\u0259rlik etdiyi hey\u0259t AB\u015e-a s\u0259f\u0259r \u00e7\u0259r\u00e7iv\u0259sind\u0259 Va\u015finqtonda i\u015fg\u00fczar g\u00f6r\u00fc\u015fl\u0259r ke\u00e7irib. D\u00fcnya Bank\u0131n\u0131n regional icra\u00e7\u0131 direktoru Verner Qruber v\u0259 Beyn\u0259lxalq Maliyy\u0259 Korporasiyas\u0131n\u0131n k\u0259nd t\u0259s\u0259rr\u00fcfat\u0131 \u0259m\u0259liyyatlar\u0131 \u00fczr\u0259 regional direktoru Tomas Telma il\u0259 ke\u00e7iril\u0259n g\u00f6r\u00fc\u015fl\u0259rd\u0259 Az\u0259rbaycanda aqrar inki\u015faf strategiyas\u0131n\u0131n \u0259sas istiqam\u0259tl\u0259ri, k\u0259nd t\u0259s\u0259rr\u00fcfat\u0131 sektorunda apar\u0131lan islahatlar, h\u0259yata ke\u00e7iril\u0259n innovativ layih\u0259l\u0259r bar\u0259d\u0259 m\u0259lumat verilib. Aqrar islahatlar\u0131n \u0259sas m\u0259qs\u0259dinin \u00f6lk\u0259nin \u0259rzaq t\u0259hl\u00fck\u0259sizliyinin t\u0259min edilm\u0259si oldu\u011fu bildirilib. Qeyd olunub ki, torpaq v\u0259 su&hellip;<\/p>\n","protected":false},"author":2,"featured_media":93258,"comment_status":"closed","ping_status":"closed","sticky":false,"template":"","format":"standard","meta":{"om_disable_all_campaigns":false,"_monsterinsights_skip_tracking":false,"_monsterinsights_sitenote_active":false,"_monsterinsights_sitenote_note":"","_monsterinsights_sitenote_category":0},"categories":[1],"tags":[],"aioseo_notices":[],"gutentor_comment":0,"rttpg_featured_image_url":{"full":["https:\/\/arantv.az\/wp-content\/uploads\/2019\/11\/yapevz60l6w68yutg8tibnupgul77xy83e316aax.jpg",549,371,false],"landscape":["https:\/\/arantv.az\/wp-content\/uploads\/2019\/11\/yapevz60l6w68yutg8tibnupgul77xy83e316aax.jpg",549,371,false],"portraits":["https:\/\/arantv.az\/wp-content\/uploads\/2019\/11\/yapevz60l6w68yutg8tibnupgul77xy83e316aax.jpg",549,371,false],"thumbnail":["https:\/\/arantv.az\/wp-content\/uploads\/2019\/11\/yapevz60l6w68yutg8tibnupgul77xy83e316aax-150x150.jpg",150,150,true],"medium":["https:\/\/arantv.az\/wp-content\/uploads\/2019\/11\/yapevz60l6w68yutg8tibnupgul77xy83e316aax-300x203.jpg",300,203,true],"large":["https:\/\/arantv.az\/wp-content\/uploads\/2019\/11\/yapevz60l6w68yutg8tibnupgul77xy83e316aax.jpg",549,371,false],"1536x1536":["https:\/\/arantv.az\/wp-content\/uploads\/2019\/11\/yapevz60l6w68yutg8tibnupgul77xy83e316aax.jpg",549,371,false],"2048x2048":["https:\/\/arantv.az\/wp-content\/uploads\/2019\/11\/yapevz60l6w68yutg8tibnupgul77xy83e316aax.jpg",549,371,false],"post-thumbnail":["https:\/\/arantv.az\/wp-content\/uploads\/2019\/11\/yapevz60l6w68yutg8tibnupgul77xy83e316aax-240x172.jpg",240,172,true],"advps-thumb-one":["https:\/\/arantv.az\/wp-content\/uploads\/2019\/11\/yapevz60l6w68yutg8tibnupgul77xy83e316aax.jpg",549,371,false]},"rttpg_author":{"display_name":"V\u00fcsal Rafiqo\u011flu","author_link":"https:\/\/arantv.az\/?author=2"},"rttpg_comment":0,"rttpg_category":"<a href=\"https:\/\/arantv.az\/?cat=1\" rel=\"category\">C\u0259miyy\u0259t<\/a>","rttpg_excerpt":"K\u0259nd T\u0259s\u0259rr\u00fcfat\u0131 Nazirliyinin n\u00fcmay\u0259nd\u0259 hey\u0259ti Oklahoma-Az\u0259rbaycan K\u0259nd T\u0259s\u0259rr\u00fcfat\u0131 Forumunda i\u015ftirak etm\u0259k m\u0259qs\u0259dil\u0259 Amerika Birl\u0259\u015fmi\u015f \u015etatlar\u0131nda s\u0259f\u0259rd\u0259dir. ARANTV.AZ\u00a0 x\u0259b\u0259r verir ki, nazir \u0130nam K\u0259rimovun r\u0259hb\u0259rlik etdiyi hey\u0259t AB\u015e-a s\u0259f\u0259r \u00e7\u0259r\u00e7iv\u0259sind\u0259 Va\u015finqtonda i\u015fg\u00fczar g\u00f6r\u00fc\u015fl\u0259r ke\u00e7irib. D\u00fcnya Bank\u0131n\u0131n regional icra\u00e7\u0131 direktoru Verner Qruber v\u0259 Beyn\u0259lxalq Maliyy\u0259 Korporasiyas\u0131n\u0131n k\u0259nd t\u0259s\u0259rr\u00fcfat\u0131 \u0259m\u0259liyyatlar\u0131 \u00fczr\u0259 regional direktoru Tomas Telma il\u0259 ke\u00e7iril\u0259n g\u00f6r\u00fc\u015fl\u0259rd\u0259&hellip;","_links":{"self":[{"href":"https:\/\/arantv.az\/index.php?rest_route=\/wp\/v2\/posts\/93257"}],"collection":[{"href":"https:\/\/arantv.az\/index.php?rest_route=\/wp\/v2\/posts"}],"about":[{"href":"https:\/\/arantv.az\/index.php?rest_route=\/wp\/v2\/types\/post"}],"author":[{"embeddable":true,"href":"https:\/\/arantv.az\/index.php?rest_route=\/wp\/v2\/users\/2"}],"replies":[{"embeddable":true,"href":"https:\/\/arantv.az\/index.php?rest_route=%2Fwp%2Fv2%2Fcomments&post=93257"}],"version-history":[{"count":0,"href":"https:\/\/arantv.az\/index.php?rest_route=\/wp\/v2\/posts\/93257\/revisions"}],"wp:featuredmedia":[{"embeddable":true,"href":"https:\/\/arantv.az\/index.php?rest_route=\/wp\/v2\/media\/93258"}],"wp:attachment":[{"href":"https:\/\/arantv.az\/index.php?rest_route=%2Fwp%2Fv2%2Fmedia&parent=93257"}],"wp:term":[{"taxonomy":"category","embeddable":true,"href":"https:\/\/arantv.az\/index.php?rest_route=%2Fwp%2Fv2%2Fcategories&post=93257"},{"taxonomy":"post_tag","embeddable":true,"href":"https:\/\/arantv.az\/index.php?rest_route=%2Fwp%2Fv2%2Ftags&post=93257"}],"curies":[{"name":"wp","href":"https:\/\/api.w.org\/{rel}","templated":true}]}}