{"id":93261,"date":"2019-11-06T13:53:12","date_gmt":"2019-11-06T10:53:12","guid":{"rendered":"http:\/\/arantv.az\/?p=93261"},"modified":"2019-11-06T13:53:12","modified_gmt":"2019-11-06T10:53:12","slug":"az%c9%99rbaycana-g%c9%99tiril%c9%99n-d%c9%99rmanlarla-bagli-muhum-t%c9%99klif","status":"publish","type":"post","link":"https:\/\/arantv.az\/?p=93261","title":{"rendered":"Az\u0259rbaycana g\u0259tiril\u0259n d\u0259rmanlarla ba\u011fl\u0131 M\u00dcH\u00dcM T\u018fKL\u0130F"},"content":{"rendered":"<p>&#8220;Az\u0259rbaycana idxal olunan d\u0259rmanlar\u0131n qeydiyyat\u0131n\u0131n v\u0259 g\u00f6mr\u00fck prosedurunun sad\u0259l\u0259\u015fdirilm\u0259si il\u0259 \u0259laq\u0259dar qanunvericilikd\u0259 d\u0259yi\u015fiklikl\u0259rin apar\u0131lmas\u0131 il\u0259 ba\u011fl\u0131 t\u0259klifl\u0259r Nazirl\u0259r Kabinetin\u0259 t\u0259qdim olunub&#8221;.<\/p>\n<p><strong>ARANTV.AZ<\/strong>-\u0131n x\u0259b\u0259rin\u0259 g\u00f6r\u0259, bunu jurnalistl\u0259r\u0259 a\u00e7\u0131qlamas\u0131nda S\u0259hiyy\u0259 nazirinin m\u00fcavini Elsev\u0259r A\u011fayev deyib.<\/p>\n<p>O bildirib ki, m\u0259s\u0259l\u0259 il\u0259 ba\u011fl\u0131 qanunvericilikd\u0259 d\u0259yi\u015fiklikl\u0259r edilm\u0259si n\u0259z\u0259rd\u0259 tutulur.<\/p>\n<p>E.A\u011fayevin s\u00f6zl\u0259rin\u0259 g\u00f6r\u0259, S\u0259hiyy\u0259 Nazirliyi D\u00f6vl\u0259t G\u00f6mr\u00fck Komit\u0259si il\u0259 birg\u0259 bu m\u0259s\u0259l\u0259l\u0259rin h\u0259yata ke\u00e7irilm\u0259sind\u0259 aktiv i\u015ftirak edir: &#8220;D\u00fc\u015f\u00fcn\u00fcr\u0259m ki, bu m\u0259s\u0259l\u0259 yax\u0131n zamanlarda h\u0259llini tapacaq&#8221;.<\/p>\n<p>Qeyd ed\u0259k ki, Ba\u015f nazirin m\u00fcavini \u018fli \u018fhm\u0259dov \u00f6lk\u0259y\u0259 idxal olunan d\u0259rman vasit\u0259l\u0259rinin ilk olaraq qeydiyyat\u0131 v\u0259 g\u00f6mr\u00fck r\u0259smil\u0259\u015fdirilm\u0259si \u015f\u0259rtl\u0259rinin sad\u0259l\u0259\u015fdirilm\u0259sinin vacibliyini deyib.Publika.az<\/p>\n","protected":false},"excerpt":{"rendered":"<p>&#8220;Az\u0259rbaycana idxal olunan d\u0259rmanlar\u0131n qeydiyyat\u0131n\u0131n v\u0259 g\u00f6mr\u00fck prosedurunun sad\u0259l\u0259\u015fdirilm\u0259si il\u0259 \u0259laq\u0259dar qanunvericilikd\u0259 d\u0259yi\u015fiklikl\u0259rin apar\u0131lmas\u0131 il\u0259 ba\u011fl\u0131 t\u0259klifl\u0259r Nazirl\u0259r Kabinetin\u0259 t\u0259qdim olunub&#8221;. ARANTV.AZ-\u0131n x\u0259b\u0259rin\u0259 g\u00f6r\u0259, bunu jurnalistl\u0259r\u0259 a\u00e7\u0131qlamas\u0131nda S\u0259hiyy\u0259 nazirinin m\u00fcavini Elsev\u0259r A\u011fayev deyib. O bildirib ki, m\u0259s\u0259l\u0259 il\u0259 ba\u011fl\u0131 qanunvericilikd\u0259 d\u0259yi\u015fiklikl\u0259r edilm\u0259si n\u0259z\u0259rd\u0259 tutulur. E.A\u011fayevin s\u00f6zl\u0259rin\u0259 g\u00f6r\u0259, S\u0259hiyy\u0259 Nazirliyi D\u00f6vl\u0259t G\u00f6mr\u00fck Komit\u0259si il\u0259 birg\u0259 bu m\u0259s\u0259l\u0259l\u0259rin h\u0259yata ke\u00e7irilm\u0259sind\u0259 aktiv i\u015ftirak edir: &#8220;D\u00fc\u015f\u00fcn\u00fcr\u0259m ki, bu m\u0259s\u0259l\u0259 yax\u0131n zamanlarda h\u0259llini tapacaq&#8221;. Qeyd ed\u0259k ki, Ba\u015f nazirin m\u00fcavini \u018fli \u018fhm\u0259dov \u00f6lk\u0259y\u0259 idxal olunan d\u0259rman vasit\u0259l\u0259rinin ilk olaraq qeydiyyat\u0131 v\u0259 g\u00f6mr\u00fck r\u0259smil\u0259\u015fdirilm\u0259si \u015f\u0259rtl\u0259rinin sad\u0259l\u0259\u015fdirilm\u0259sinin&hellip;<\/p>\n","protected":false},"author":2,"featured_media":93262,"comment_status":"closed","ping_status":"closed","sticky":false,"template":"","format":"standard","meta":{"om_disable_all_campaigns":false,"_monsterinsights_skip_tracking":false,"_monsterinsights_sitenote_active":false,"_monsterinsights_sitenote_note":"","_monsterinsights_sitenote_category":0},"categories":[1],"tags":[],"aioseo_notices":[],"gutentor_comment":0,"rttpg_featured_image_url":{"full":["https:\/\/arantv.az\/wp-content\/uploads\/2019\/11\/derman.jpg",800,450,false],"landscape":["https:\/\/arantv.az\/wp-content\/uploads\/2019\/11\/derman.jpg",800,450,false],"portraits":["https:\/\/arantv.az\/wp-content\/uploads\/2019\/11\/derman.jpg",800,450,false],"thumbnail":["https:\/\/arantv.az\/wp-content\/uploads\/2019\/11\/derman-150x150.jpg",150,150,true],"medium":["https:\/\/arantv.az\/wp-content\/uploads\/2019\/11\/derman-300x169.jpg",300,169,true],"large":["https:\/\/arantv.az\/wp-content\/uploads\/2019\/11\/derman.jpg",640,360,false],"1536x1536":["https:\/\/arantv.az\/wp-content\/uploads\/2019\/11\/derman.jpg",800,450,false],"2048x2048":["https:\/\/arantv.az\/wp-content\/uploads\/2019\/11\/derman.jpg",800,450,false],"post-thumbnail":["https:\/\/arantv.az\/wp-content\/uploads\/2019\/11\/derman-240x172.jpg",240,172,true],"advps-thumb-one":["https:\/\/arantv.az\/wp-content\/uploads\/2019\/11\/derman.jpg",800,450,false]},"rttpg_author":{"display_name":"V\u00fcsal Rafiqo\u011flu","author_link":"https:\/\/arantv.az\/?author=2"},"rttpg_comment":0,"rttpg_category":"<a href=\"https:\/\/arantv.az\/?cat=1\" rel=\"category\">C\u0259miyy\u0259t<\/a>","rttpg_excerpt":"&#8220;Az\u0259rbaycana idxal olunan d\u0259rmanlar\u0131n qeydiyyat\u0131n\u0131n v\u0259 g\u00f6mr\u00fck prosedurunun sad\u0259l\u0259\u015fdirilm\u0259si il\u0259 \u0259laq\u0259dar qanunvericilikd\u0259 d\u0259yi\u015fiklikl\u0259rin apar\u0131lmas\u0131 il\u0259 ba\u011fl\u0131 t\u0259klifl\u0259r Nazirl\u0259r Kabinetin\u0259 t\u0259qdim olunub&#8221;. ARANTV.AZ-\u0131n x\u0259b\u0259rin\u0259 g\u00f6r\u0259, bunu jurnalistl\u0259r\u0259 a\u00e7\u0131qlamas\u0131nda S\u0259hiyy\u0259 nazirinin m\u00fcavini Elsev\u0259r A\u011fayev deyib. O bildirib ki, m\u0259s\u0259l\u0259 il\u0259 ba\u011fl\u0131 qanunvericilikd\u0259 d\u0259yi\u015fiklikl\u0259r edilm\u0259si n\u0259z\u0259rd\u0259 tutulur. E.A\u011fayevin s\u00f6zl\u0259rin\u0259 g\u00f6r\u0259, S\u0259hiyy\u0259 Nazirliyi D\u00f6vl\u0259t G\u00f6mr\u00fck Komit\u0259si il\u0259 birg\u0259 bu&hellip;","_links":{"self":[{"href":"https:\/\/arantv.az\/index.php?rest_route=\/wp\/v2\/posts\/93261"}],"collection":[{"href":"https:\/\/arantv.az\/index.php?rest_route=\/wp\/v2\/posts"}],"about":[{"href":"https:\/\/arantv.az\/index.php?rest_route=\/wp\/v2\/types\/post"}],"author":[{"embeddable":true,"href":"https:\/\/arantv.az\/index.php?rest_route=\/wp\/v2\/users\/2"}],"replies":[{"embeddable":true,"href":"https:\/\/arantv.az\/index.php?rest_route=%2Fwp%2Fv2%2Fcomments&post=93261"}],"version-history":[{"count":0,"href":"https:\/\/arantv.az\/index.php?rest_route=\/wp\/v2\/posts\/93261\/revisions"}],"wp:featuredmedia":[{"embeddable":true,"href":"https:\/\/arantv.az\/index.php?rest_route=\/wp\/v2\/media\/93262"}],"wp:attachment":[{"href":"https:\/\/arantv.az\/index.php?rest_route=%2Fwp%2Fv2%2Fmedia&parent=93261"}],"wp:term":[{"taxonomy":"category","embeddable":true,"href":"https:\/\/arantv.az\/index.php?rest_route=%2Fwp%2Fv2%2Fcategories&post=93261"},{"taxonomy":"post_tag","embeddable":true,"href":"https:\/\/arantv.az\/index.php?rest_route=%2Fwp%2Fv2%2Ftags&post=93261"}],"curies":[{"name":"wp","href":"https:\/\/api.w.org\/{rel}","templated":true}]}}