{"id":93269,"date":"2019-11-06T14:03:16","date_gmt":"2019-11-06T11:03:16","guid":{"rendered":"http:\/\/arantv.az\/?p=93269"},"modified":"2019-11-06T14:03:16","modified_gmt":"2019-11-06T11:03:16","slug":"nazir-v%c9%99-palata-s%c9%99drind%c9%99n-%c9%99halini-sevindir%c9%99c%c9%99k-proqnoz","status":"publish","type":"post","link":"https:\/\/arantv.az\/?p=93269","title":{"rendered":"Nazir v\u0259 Palata s\u0259drind\u0259n \u0259halini sevindir\u0259c\u0259k &#8211; PROQNOZ"},"content":{"rendered":"<p>Bu g\u00fcn Milli M\u0259clisin komit\u0259l\u0259rinin birg\u0259 iclas\u0131nda 2020-ci ilin d\u00f6vl\u0259t b\u00fcdc\u0259si haqq\u0131nda qanun layih\u0259sinin m\u00fczakir\u0259si davam etdirilib.<\/p>\n<p><strong>ARANTV.AZ<\/strong>-\u0131n m\u0259lumat\u0131na g\u00f6r\u0259, \u00e7\u0131x\u0131\u015f ed\u0259n Maliyy\u0259 naziri Samir \u015e\u0259rifov deyib ki, g\u0259l\u0259n ilin d\u00f6vl\u0259t b\u00fcdc\u0259sini s\u0259ciyy\u0259l\u0259ndir\u0259n \u0259sas amill\u0259rd\u0259n biri sosialy\u00f6n\u00fcml\u00fc x\u0259rcl\u0259rin \u0259h\u0259miyy\u0259tli d\u0259r\u0259c\u0259d\u0259 art\u0131r\u0131lmas\u0131d\u0131r.<\/p>\n<p>Nazir qeyd edib ki, Az\u0259rbaycan \u0259halisinin sosial t\u0259minat\u0131n\u0131n daha da yax\u015f\u0131la\u015fd\u0131r\u0131lmas\u0131 \u00fc\u00e7\u00fcn Prezident \u0130lham \u018fliyev t\u0259r\u0259find\u0259n b\u00f6y\u00fck i\u015fl\u0259r g\u00f6r\u00fcl\u00fcb.<\/p>\n<div id=\"AdviadNativeVideo0\" class=\"AdviadNativeVideo\"><\/div>\n<p>\u201cN\u00f6vb\u0259ti ild\u0259 d\u0259 bu i\u015fl\u0259r davam etdiril\u0259c\u0259k\u201d,-dey\u0259 S.\u015e\u0259rifov \u0259lav\u0259 edib.<\/p>\n<p>O xat\u0131rlad\u0131b ki, 2020-ci ild\u0259 d\u00f6vl\u0259t b\u00fcdc\u0259sinin 43,9 faizi qeyri-neft, 56,1 faizi is\u0259 neft g\u0259lirl\u0259rinin pay\u0131na d\u00fc\u015f\u0259c\u0259k.<\/p>\n<p>Hesablama Palatas\u0131n\u0131n s\u0259dri V\u00fcqar G\u00fclm\u0259mm\u0259dov is\u0259 s\u00f6yl\u0259yib ki, 2020-ci ilin d\u00f6vl\u0259t b\u00fcdc\u0259sind\u0259 d\u00f6vl\u0259t borcunun yuxar\u0131 h\u0259dl\u0259rinin azald\u0131lmas\u0131 n\u0259z\u0259rd\u0259 tutulur.<\/p>\n<p>Palata s\u0259dri vur\u011fulay\u0131b ki, n\u00f6vb\u0259ti ilin d\u00f6vl\u0259t b\u00fcdc\u0259sind\u0259 sosialy\u00f6n\u00fcml\u00fc x\u0259rcl\u0259r \u0259n b\u00f6y\u00fck h\u0259cm\u0259 malikdir.<\/p>\n<p>V.G\u00fclm\u0259mm\u0259dov qeyd edib ki, 2020-ci ilin d\u00f6vl\u0259t b\u00fcdc\u0259sind\u0259 x\u0259rcl\u0259rin h\u0259cmi 2019-cu ild\u0259kin\u0259 nisb\u0259t\u0259n artacaq. Bu is\u0259 d\u00f6vl\u0259tin sosialy\u00f6n\u00fcml\u00fc x\u0259rcl\u0259rinin artmas\u0131 il\u0259 ba\u011fl\u0131d\u0131r.<\/p>\n<p>Qeyd ed\u0259k ki, 2020-ci ild\u0259 Az\u0259rbaycan\u0131n d\u00f6vl\u0259t b\u00fcdc\u0259sinin g\u0259lirl\u0259ri 24 milyard 484 milyon manat m\u0259bl\u0259\u011find\u0259 proqnozla\u015fd\u0131r\u0131l\u0131r.<\/p>\n<p>Bu, 2019-cu ilin t\u0259sdiq edilmi\u015f g\u00f6st\u0259ricisi il\u0259 m\u00fcqayis\u0259d\u0259, 1 milyard 316 milyon manat v\u0259 yaxud 5,7% \u00e7oxdur.<\/p>\n<p>G\u0259l\u0259n il b\u00fcdc\u0259 x\u0259rcl\u0259ri is\u0259 25 milyard 617 milyon 700 min manat m\u0259bl\u0259\u011find\u0259 n\u0259z\u0259rd\u0259 tutulub. Bu is\u0259 2019-ci ilin t\u0259sdiq edilmi\u015f g\u00f6st\u0259ricisin\u0259 nisb\u0259t\u0259n 427.7\u00a0milyon\u00a0manat v\u0259 yaxud 1,7% \u00e7oxdur.oxu.az<\/p>\n","protected":false},"excerpt":{"rendered":"<p>Bu g\u00fcn Milli M\u0259clisin komit\u0259l\u0259rinin birg\u0259 iclas\u0131nda 2020-ci ilin d\u00f6vl\u0259t b\u00fcdc\u0259si haqq\u0131nda qanun layih\u0259sinin m\u00fczakir\u0259si davam etdirilib. ARANTV.AZ-\u0131n m\u0259lumat\u0131na g\u00f6r\u0259, \u00e7\u0131x\u0131\u015f ed\u0259n Maliyy\u0259 naziri Samir \u015e\u0259rifov deyib ki, g\u0259l\u0259n ilin d\u00f6vl\u0259t b\u00fcdc\u0259sini s\u0259ciyy\u0259l\u0259ndir\u0259n \u0259sas amill\u0259rd\u0259n biri sosialy\u00f6n\u00fcml\u00fc x\u0259rcl\u0259rin \u0259h\u0259miyy\u0259tli d\u0259r\u0259c\u0259d\u0259 art\u0131r\u0131lmas\u0131d\u0131r. Nazir qeyd edib ki, Az\u0259rbaycan \u0259halisinin sosial t\u0259minat\u0131n\u0131n daha da yax\u015f\u0131la\u015fd\u0131r\u0131lmas\u0131 \u00fc\u00e7\u00fcn Prezident \u0130lham \u018fliyev t\u0259r\u0259find\u0259n b\u00f6y\u00fck i\u015fl\u0259r g\u00f6r\u00fcl\u00fcb. \u201cN\u00f6vb\u0259ti ild\u0259 d\u0259 bu i\u015fl\u0259r davam etdiril\u0259c\u0259k\u201d,-dey\u0259 S.\u015e\u0259rifov \u0259lav\u0259 edib. O xat\u0131rlad\u0131b ki, 2020-ci ild\u0259 d\u00f6vl\u0259t b\u00fcdc\u0259sinin 43,9 faizi qeyri-neft, 56,1 faizi is\u0259 neft g\u0259lirl\u0259rinin pay\u0131na d\u00fc\u015f\u0259c\u0259k. Hesablama Palatas\u0131n\u0131n s\u0259dri&hellip;<\/p>\n","protected":false},"author":2,"featured_media":93270,"comment_status":"closed","ping_status":"closed","sticky":false,"template":"","format":"standard","meta":{"om_disable_all_campaigns":false,"_monsterinsights_skip_tracking":false,"_monsterinsights_sitenote_active":false,"_monsterinsights_sitenote_note":"","_monsterinsights_sitenote_category":0},"categories":[1],"tags":[],"aioseo_notices":[],"gutentor_comment":0,"rttpg_featured_image_url":{"full":["https:\/\/arantv.az\/wp-content\/uploads\/2019\/11\/ROM8834.jpg",620,413,false],"landscape":["https:\/\/arantv.az\/wp-content\/uploads\/2019\/11\/ROM8834.jpg",620,413,false],"portraits":["https:\/\/arantv.az\/wp-content\/uploads\/2019\/11\/ROM8834.jpg",620,413,false],"thumbnail":["https:\/\/arantv.az\/wp-content\/uploads\/2019\/11\/ROM8834-150x150.jpg",150,150,true],"medium":["https:\/\/arantv.az\/wp-content\/uploads\/2019\/11\/ROM8834-300x200.jpg",300,200,true],"large":["https:\/\/arantv.az\/wp-content\/uploads\/2019\/11\/ROM8834.jpg",620,413,false],"1536x1536":["https:\/\/arantv.az\/wp-content\/uploads\/2019\/11\/ROM8834.jpg",620,413,false],"2048x2048":["https:\/\/arantv.az\/wp-content\/uploads\/2019\/11\/ROM8834.jpg",620,413,false],"post-thumbnail":["https:\/\/arantv.az\/wp-content\/uploads\/2019\/11\/ROM8834-240x172.jpg",240,172,true],"advps-thumb-one":["https:\/\/arantv.az\/wp-content\/uploads\/2019\/11\/ROM8834.jpg",620,413,false]},"rttpg_author":{"display_name":"V\u00fcsal Rafiqo\u011flu","author_link":"https:\/\/arantv.az\/?author=2"},"rttpg_comment":0,"rttpg_category":"<a href=\"https:\/\/arantv.az\/?cat=1\" rel=\"category\">C\u0259miyy\u0259t<\/a>","rttpg_excerpt":"Bu g\u00fcn Milli M\u0259clisin komit\u0259l\u0259rinin birg\u0259 iclas\u0131nda 2020-ci ilin d\u00f6vl\u0259t b\u00fcdc\u0259si haqq\u0131nda qanun layih\u0259sinin m\u00fczakir\u0259si davam etdirilib. ARANTV.AZ-\u0131n m\u0259lumat\u0131na g\u00f6r\u0259, \u00e7\u0131x\u0131\u015f ed\u0259n Maliyy\u0259 naziri Samir \u015e\u0259rifov deyib ki, g\u0259l\u0259n ilin d\u00f6vl\u0259t b\u00fcdc\u0259sini s\u0259ciyy\u0259l\u0259ndir\u0259n \u0259sas amill\u0259rd\u0259n biri sosialy\u00f6n\u00fcml\u00fc x\u0259rcl\u0259rin \u0259h\u0259miyy\u0259tli d\u0259r\u0259c\u0259d\u0259 art\u0131r\u0131lmas\u0131d\u0131r. Nazir qeyd edib ki, Az\u0259rbaycan \u0259halisinin sosial t\u0259minat\u0131n\u0131n daha da yax\u015f\u0131la\u015fd\u0131r\u0131lmas\u0131 \u00fc\u00e7\u00fcn Prezident \u0130lham&hellip;","_links":{"self":[{"href":"https:\/\/arantv.az\/index.php?rest_route=\/wp\/v2\/posts\/93269"}],"collection":[{"href":"https:\/\/arantv.az\/index.php?rest_route=\/wp\/v2\/posts"}],"about":[{"href":"https:\/\/arantv.az\/index.php?rest_route=\/wp\/v2\/types\/post"}],"author":[{"embeddable":true,"href":"https:\/\/arantv.az\/index.php?rest_route=\/wp\/v2\/users\/2"}],"replies":[{"embeddable":true,"href":"https:\/\/arantv.az\/index.php?rest_route=%2Fwp%2Fv2%2Fcomments&post=93269"}],"version-history":[{"count":0,"href":"https:\/\/arantv.az\/index.php?rest_route=\/wp\/v2\/posts\/93269\/revisions"}],"wp:featuredmedia":[{"embeddable":true,"href":"https:\/\/arantv.az\/index.php?rest_route=\/wp\/v2\/media\/93270"}],"wp:attachment":[{"href":"https:\/\/arantv.az\/index.php?rest_route=%2Fwp%2Fv2%2Fmedia&parent=93269"}],"wp:term":[{"taxonomy":"category","embeddable":true,"href":"https:\/\/arantv.az\/index.php?rest_route=%2Fwp%2Fv2%2Fcategories&post=93269"},{"taxonomy":"post_tag","embeddable":true,"href":"https:\/\/arantv.az\/index.php?rest_route=%2Fwp%2Fv2%2Ftags&post=93269"}],"curies":[{"name":"wp","href":"https:\/\/api.w.org\/{rel}","templated":true}]}}