{"id":93289,"date":"2019-11-06T14:22:21","date_gmt":"2019-11-06T11:22:21","guid":{"rendered":"http:\/\/arantv.az\/?p=93289"},"modified":"2019-11-06T14:22:21","modified_gmt":"2019-11-06T11:22:21","slug":"millimizin-futbolcusu-almaniyada-sac-imicini-d%c9%99yisdi-bel%c9%99-yaxsidir-foto","status":"publish","type":"post","link":"https:\/\/arantv.az\/?p=93289","title":{"rendered":"Millimizin futbol\u00e7usu Almaniyada sa\u00e7 imicini d\u0259yi\u015fdi: Bel\u0259 yax\u015f\u0131d\u0131r &#8211; FOTO"},"content":{"rendered":"<p>Az\u0259rbaycan millisinin \u00fczv\u00fc R\u00fcf\u0259t Dada\u015fov imicini d\u0259yi\u015fib.<\/p>\n<p><strong>ARANTV.AZ\u00a0<\/strong>\u00a0x\u0259b\u0259r verir ki, Almaniya 3-c\u00fc Bundesliqas\u0131nda m\u00fcbariz\u0259 aparan \u201cProyssen\u201dd\u0259 \u00e7\u0131x\u0131\u015f ed\u0259n 26 ya\u015fl\u0131 h\u00fccum\u00e7u yerli m\u0259tbuata a\u00e7\u0131qlamas\u0131nda yeni sa\u00e7 d\u00fcz\u00fcm\u00fcn\u00fc \u00e7ox b\u0259y\u0259ndiyini deyib:<\/p>\n<div id=\"AdviadNativeVideo0\" class=\"AdviadNativeVideo\"><\/div>\n<p>\u201cM\u0259nc\u0259, bel\u0259\u00a0daha yax\u015f\u0131d\u0131r. Yeni sa\u00e7 d\u00fcz\u00fcm\u00fcn\u00fc s\u0131naqdan \u00e7\u0131xarmaq ist\u0259dim. Q\u0131z dostum Lora \u0259vv\u0259lc\u0259 b\u0259dbin \u0259hval-ruhiyy\u0259d\u0259 idi, daha pisini g\u00f6zl\u0259yirdi. \u0130ndi is\u0259 onun \u00f6z\u00fcn\u0259 d\u0259 bel\u0259 yax\u015f\u0131d\u0131r\u201d.oxu.az<\/p>\n<div class=\"gallery\">\n<div class=\"gallery-i\"><img src=\"https:\/\/assets.oxu.az\/uploads\/W1siZiIsIjIwMTkvMTEvMDYvMTUvMTQvNDgvMzMwM2VlY2EtMWFkZi00MDdiLWI1MmEtNWJmYjYwYTIxZjBjLzEyMjgxMC5qcGciXSxbInAiLCJlbmNvZGUiLCJqcGciLCItcXVhbGl0eSA4MCJdLFsicCIsInRodW1iIiwiNTkweDU5MFx1MDAzZSJdXQ?sha=042bfe8f9394ad0e\" alt=\"\" \/><\/div>\n<\/div>\n","protected":false},"excerpt":{"rendered":"<p>Az\u0259rbaycan millisinin \u00fczv\u00fc R\u00fcf\u0259t Dada\u015fov imicini d\u0259yi\u015fib. ARANTV.AZ\u00a0\u00a0x\u0259b\u0259r verir ki, Almaniya 3-c\u00fc Bundesliqas\u0131nda m\u00fcbariz\u0259 aparan \u201cProyssen\u201dd\u0259 \u00e7\u0131x\u0131\u015f ed\u0259n 26 ya\u015fl\u0131 h\u00fccum\u00e7u yerli m\u0259tbuata a\u00e7\u0131qlamas\u0131nda yeni sa\u00e7 d\u00fcz\u00fcm\u00fcn\u00fc \u00e7ox b\u0259y\u0259ndiyini deyib: \u201cM\u0259nc\u0259, bel\u0259\u00a0daha yax\u015f\u0131d\u0131r. Yeni sa\u00e7 d\u00fcz\u00fcm\u00fcn\u00fc s\u0131naqdan \u00e7\u0131xarmaq ist\u0259dim. Q\u0131z dostum Lora \u0259vv\u0259lc\u0259 b\u0259dbin \u0259hval-ruhiyy\u0259d\u0259 idi, daha pisini g\u00f6zl\u0259yirdi. \u0130ndi is\u0259 onun \u00f6z\u00fcn\u0259 d\u0259 bel\u0259 yax\u015f\u0131d\u0131r\u201d.oxu.az<\/p>\n","protected":false},"author":2,"featured_media":93290,"comment_status":"closed","ping_status":"closed","sticky":false,"template":"","format":"standard","meta":{"om_disable_all_campaigns":false,"_monsterinsights_skip_tracking":false,"_monsterinsights_sitenote_active":false,"_monsterinsights_sitenote_note":"","_monsterinsights_sitenote_category":0},"categories":[6],"tags":[],"aioseo_notices":[],"gutentor_comment":0,"rttpg_featured_image_url":{"full":["https:\/\/arantv.az\/wp-content\/uploads\/2019\/11\/1509001234_rufet_dadasov.jpg",540,372,false],"landscape":["https:\/\/arantv.az\/wp-content\/uploads\/2019\/11\/1509001234_rufet_dadasov.jpg",540,372,false],"portraits":["https:\/\/arantv.az\/wp-content\/uploads\/2019\/11\/1509001234_rufet_dadasov.jpg",540,372,false],"thumbnail":["https:\/\/arantv.az\/wp-content\/uploads\/2019\/11\/1509001234_rufet_dadasov-150x150.jpg",150,150,true],"medium":["https:\/\/arantv.az\/wp-content\/uploads\/2019\/11\/1509001234_rufet_dadasov-300x207.jpg",300,207,true],"large":["https:\/\/arantv.az\/wp-content\/uploads\/2019\/11\/1509001234_rufet_dadasov.jpg",540,372,false],"1536x1536":["https:\/\/arantv.az\/wp-content\/uploads\/2019\/11\/1509001234_rufet_dadasov.jpg",540,372,false],"2048x2048":["https:\/\/arantv.az\/wp-content\/uploads\/2019\/11\/1509001234_rufet_dadasov.jpg",540,372,false],"post-thumbnail":["https:\/\/arantv.az\/wp-content\/uploads\/2019\/11\/1509001234_rufet_dadasov-240x172.jpg",240,172,true],"advps-thumb-one":["https:\/\/arantv.az\/wp-content\/uploads\/2019\/11\/1509001234_rufet_dadasov.jpg",540,372,false]},"rttpg_author":{"display_name":"V\u00fcsal Rafiqo\u011flu","author_link":"https:\/\/arantv.az\/?author=2"},"rttpg_comment":0,"rttpg_category":"<a href=\"https:\/\/arantv.az\/?cat=6\" rel=\"category\">\u0130dman<\/a>","rttpg_excerpt":"Az\u0259rbaycan millisinin \u00fczv\u00fc R\u00fcf\u0259t Dada\u015fov imicini d\u0259yi\u015fib. ARANTV.AZ\u00a0\u00a0x\u0259b\u0259r verir ki, Almaniya 3-c\u00fc Bundesliqas\u0131nda m\u00fcbariz\u0259 aparan \u201cProyssen\u201dd\u0259 \u00e7\u0131x\u0131\u015f ed\u0259n 26 ya\u015fl\u0131 h\u00fccum\u00e7u yerli m\u0259tbuata a\u00e7\u0131qlamas\u0131nda yeni sa\u00e7 d\u00fcz\u00fcm\u00fcn\u00fc \u00e7ox b\u0259y\u0259ndiyini deyib: \u201cM\u0259nc\u0259, bel\u0259\u00a0daha yax\u015f\u0131d\u0131r. Yeni sa\u00e7 d\u00fcz\u00fcm\u00fcn\u00fc s\u0131naqdan \u00e7\u0131xarmaq ist\u0259dim. Q\u0131z dostum Lora \u0259vv\u0259lc\u0259 b\u0259dbin \u0259hval-ruhiyy\u0259d\u0259 idi, daha pisini g\u00f6zl\u0259yirdi. \u0130ndi is\u0259 onun \u00f6z\u00fcn\u0259 d\u0259 bel\u0259&hellip;","_links":{"self":[{"href":"https:\/\/arantv.az\/index.php?rest_route=\/wp\/v2\/posts\/93289"}],"collection":[{"href":"https:\/\/arantv.az\/index.php?rest_route=\/wp\/v2\/posts"}],"about":[{"href":"https:\/\/arantv.az\/index.php?rest_route=\/wp\/v2\/types\/post"}],"author":[{"embeddable":true,"href":"https:\/\/arantv.az\/index.php?rest_route=\/wp\/v2\/users\/2"}],"replies":[{"embeddable":true,"href":"https:\/\/arantv.az\/index.php?rest_route=%2Fwp%2Fv2%2Fcomments&post=93289"}],"version-history":[{"count":0,"href":"https:\/\/arantv.az\/index.php?rest_route=\/wp\/v2\/posts\/93289\/revisions"}],"wp:featuredmedia":[{"embeddable":true,"href":"https:\/\/arantv.az\/index.php?rest_route=\/wp\/v2\/media\/93290"}],"wp:attachment":[{"href":"https:\/\/arantv.az\/index.php?rest_route=%2Fwp%2Fv2%2Fmedia&parent=93289"}],"wp:term":[{"taxonomy":"category","embeddable":true,"href":"https:\/\/arantv.az\/index.php?rest_route=%2Fwp%2Fv2%2Fcategories&post=93289"},{"taxonomy":"post_tag","embeddable":true,"href":"https:\/\/arantv.az\/index.php?rest_route=%2Fwp%2Fv2%2Ftags&post=93289"}],"curies":[{"name":"wp","href":"https:\/\/api.w.org\/{rel}","templated":true}]}}