{"id":93293,"date":"2019-11-06T14:27:59","date_gmt":"2019-11-06T11:27:59","guid":{"rendered":"http:\/\/arantv.az\/?p=93293"},"modified":"2019-11-06T14:27:59","modified_gmt":"2019-11-06T11:27:59","slug":"insanov-k%c9%99rimli-izdivacindan-n%c9%99-tor%c9%99y%c9%99c%c9%99k-s%c9%99rh","status":"publish","type":"post","link":"https:\/\/arantv.az\/?p=93293","title":{"rendered":"\u0130nsanov-K\u0259rimli &#8220;izdivac&#8221;\u0131ndan n\u0259 t\u00f6r\u0259y\u0259c\u0259k? &#8211; \u015e\u018fRH"},"content":{"rendered":"<blockquote><p><em><strong>Bu g\u00fcn m\u00fcxalif\u0259tin birliyind\u0259n dan\u0131\u015fmaq absurddur. Az\u0259rbaycanda \u00e7ox ki\u00e7ik sosial bazas\u0131 olan m\u00fcxalif\u0259tin liderliyi u\u011frunda onlarla insan m\u00fcbariz\u0259 apar\u0131r. Baxmayaraq ki, bu g\u00fcn bir d\u0259yirmi masa arxas\u0131nda y\u0131\u011f\u0131\u015f\u0131blar. \u00c7ox \u00e7\u0259km\u0259z ki, bir-birini ittiham etm\u0259y\u0259, bir-birinin sosial bazas\u0131n\u0131 \u0259ll\u0259rind\u0259n alma\u011fa \u00e7al\u0131\u015facaqlar. Bu, ill\u0259rdir ki, bel\u0259 davam edir v\u0259 ed\u0259c\u0259k.<\/strong><\/em><\/p><\/blockquote>\n<p><strong>ARANTV.AZ<\/strong> bildirir ki, bu fikirl\u0259ri publika.az-a a\u00e7\u0131qlamas\u0131nda Milli M\u0259clisin deputat\u0131 Ayd\u0131n Mirz\u0259zad\u0259 deyib.<\/p>\n<p>M\u00fcxalif\u0259t partiyalar\u0131n\u0131n noyabr\u0131n 5-d\u0259 sabiq S\u0259hiyy\u0259 naziri \u018fli \u0130nsanovun i\u015ftirak\u0131 il\u0259 birg\u0259 M\u00fcsavat q\u0259rargah\u0131ndak\u0131 toplant\u0131s\u0131 haqq\u0131nda dan\u0131\u015fan mill\u0259t v\u0259kili bildirib ki, bel\u0259 bir toplant\u0131n\u0131n ke\u00e7irilm\u0259si n\u0259 c\u0259miyy\u0259ti, n\u0259 d\u0259 Yeni Az\u0259rbaycan Partiyas\u0131n\u0131 maraqland\u0131r\u0131r: &#8220;Topla\u015fan siyasi qruplar\u0131n v\u0259 ayr\u0131-ayr\u0131 \u015f\u0259xsl\u0259rin c\u0259miyy\u0259td\u0259 el\u0259 d\u0259 b\u00f6y\u00fck sosial bazas\u0131 yoxdur. Eyni zamanda, onlar\u0131n c\u0259miyy\u0259tin probleml\u0259rinin h\u0259llin\u0259 dair h\u0259r hans\u0131sa konkret proqramlar\u0131 da yoxdur. Ona g\u00f6r\u0259 d\u0259 c\u0259miyy\u0259ti onlar\u0131n n\u0259 bar\u0259d\u0259 dan\u0131\u015fd\u0131\u011f\u0131 maraqland\u0131rm\u0131r. Bu g\u00fcn insanlar\u0131m\u0131z \u00f6z\u00fcn\u00fcn probleml\u0259rinin d\u00f6vl\u0259t v\u0259 c\u0259nab prezident t\u0259r\u0259find\u0259n h\u0259ll edildiyinin f\u0259rqind\u0259dir. \u0130nsanlar\u0131n sosial rifah\u0131n\u0131n g\u00fcn\u00fc-g\u00fcnd\u0259n yax\u015f\u0131la\u015fmas\u0131 g\u00f6z \u00f6n\u00fcnd\u0259dir. D\u00fcn\u0259n Milli M\u0259clisin bir ne\u00e7\u0259 komit\u0259sind\u0259 2020-ci il \u00fc\u00e7\u00fcn d\u00f6vl\u0259t b\u00fcdc\u0259sinin m\u00fczakir\u0259l\u0259ri gedib. G\u0259l\u0259n il \u00fc\u00e7\u00fcn b\u00fcdc\u0259miz 4 milyard manata q\u0259d\u0259r artacaq. 200 min\u0259 q\u0259d\u0259r m\u00fcxt\u0259lif sah\u0259l\u0259rd\u0259 yeni i\u015f yeri a\u00e7\u0131lacaq. Ayr\u0131-ayr\u0131 sah\u0259l\u0259r \u00fczr\u0259 \u0259m\u0259khaqlar\u0131n\u0131n artmas\u0131 proqnozla\u015fd\u0131r\u0131l\u0131r. Bu bax\u0131mdan, kiml\u0259rins\u0259 sad\u0259c\u0259 olaraq topla\u015fmas\u0131 bir s\u0259tir q\u0259zet x\u0259b\u0259rind\u0259n o t\u0259r\u0259f\u0259 ke\u00e7m\u0259y\u0259c\u0259k&#8221;.<\/p>\n","protected":false},"excerpt":{"rendered":"<p>Bu g\u00fcn m\u00fcxalif\u0259tin birliyind\u0259n dan\u0131\u015fmaq absurddur. Az\u0259rbaycanda \u00e7ox ki\u00e7ik sosial bazas\u0131 olan m\u00fcxalif\u0259tin liderliyi u\u011frunda onlarla insan m\u00fcbariz\u0259 apar\u0131r. Baxmayaraq ki, bu g\u00fcn bir d\u0259yirmi masa arxas\u0131nda y\u0131\u011f\u0131\u015f\u0131blar. \u00c7ox \u00e7\u0259km\u0259z ki, bir-birini ittiham etm\u0259y\u0259, bir-birinin sosial bazas\u0131n\u0131 \u0259ll\u0259rind\u0259n alma\u011fa \u00e7al\u0131\u015facaqlar. Bu, ill\u0259rdir ki, bel\u0259 davam edir v\u0259 ed\u0259c\u0259k. ARANTV.AZ bildirir ki, bu fikirl\u0259ri publika.az-a a\u00e7\u0131qlamas\u0131nda Milli M\u0259clisin deputat\u0131 Ayd\u0131n Mirz\u0259zad\u0259 deyib. M\u00fcxalif\u0259t partiyalar\u0131n\u0131n noyabr\u0131n 5-d\u0259 sabiq S\u0259hiyy\u0259 naziri \u018fli \u0130nsanovun i\u015ftirak\u0131 il\u0259 birg\u0259 M\u00fcsavat q\u0259rargah\u0131ndak\u0131 toplant\u0131s\u0131 haqq\u0131nda dan\u0131\u015fan mill\u0259t v\u0259kili bildirib ki, bel\u0259 bir toplant\u0131n\u0131n ke\u00e7irilm\u0259si n\u0259 c\u0259miyy\u0259ti, n\u0259 d\u0259&hellip;<\/p>\n","protected":false},"author":2,"featured_media":93294,"comment_status":"closed","ping_status":"closed","sticky":false,"template":"","format":"standard","meta":{"om_disable_all_campaigns":false,"_monsterinsights_skip_tracking":false,"_monsterinsights_sitenote_active":false,"_monsterinsights_sitenote_note":"","_monsterinsights_sitenote_category":0},"categories":[4],"tags":[],"aioseo_notices":[],"gutentor_comment":0,"rttpg_featured_image_url":{"full":["https:\/\/arantv.az\/wp-content\/uploads\/2019\/11\/800197.jpg",800,600,false],"landscape":["https:\/\/arantv.az\/wp-content\/uploads\/2019\/11\/800197.jpg",800,600,false],"portraits":["https:\/\/arantv.az\/wp-content\/uploads\/2019\/11\/800197.jpg",800,600,false],"thumbnail":["https:\/\/arantv.az\/wp-content\/uploads\/2019\/11\/800197-150x150.jpg",150,150,true],"medium":["https:\/\/arantv.az\/wp-content\/uploads\/2019\/11\/800197-300x225.jpg",300,225,true],"large":["https:\/\/arantv.az\/wp-content\/uploads\/2019\/11\/800197.jpg",640,480,false],"1536x1536":["https:\/\/arantv.az\/wp-content\/uploads\/2019\/11\/800197.jpg",800,600,false],"2048x2048":["https:\/\/arantv.az\/wp-content\/uploads\/2019\/11\/800197.jpg",800,600,false],"post-thumbnail":["https:\/\/arantv.az\/wp-content\/uploads\/2019\/11\/800197-240x172.jpg",240,172,true],"advps-thumb-one":["https:\/\/arantv.az\/wp-content\/uploads\/2019\/11\/800197.jpg",800,600,false]},"rttpg_author":{"display_name":"V\u00fcsal Rafiqo\u011flu","author_link":"https:\/\/arantv.az\/?author=2"},"rttpg_comment":0,"rttpg_category":"<a href=\"https:\/\/arantv.az\/?cat=4\" rel=\"category\">Siyas\u0259t<\/a>","rttpg_excerpt":"Bu g\u00fcn m\u00fcxalif\u0259tin birliyind\u0259n dan\u0131\u015fmaq absurddur. Az\u0259rbaycanda \u00e7ox ki\u00e7ik sosial bazas\u0131 olan m\u00fcxalif\u0259tin liderliyi u\u011frunda onlarla insan m\u00fcbariz\u0259 apar\u0131r. Baxmayaraq ki, bu g\u00fcn bir d\u0259yirmi masa arxas\u0131nda y\u0131\u011f\u0131\u015f\u0131blar. \u00c7ox \u00e7\u0259km\u0259z ki, bir-birini ittiham etm\u0259y\u0259, bir-birinin sosial bazas\u0131n\u0131 \u0259ll\u0259rind\u0259n alma\u011fa \u00e7al\u0131\u015facaqlar. Bu, ill\u0259rdir ki, bel\u0259 davam edir v\u0259 ed\u0259c\u0259k. ARANTV.AZ bildirir ki, bu fikirl\u0259ri publika.az-a a\u00e7\u0131qlamas\u0131nda&hellip;","_links":{"self":[{"href":"https:\/\/arantv.az\/index.php?rest_route=\/wp\/v2\/posts\/93293"}],"collection":[{"href":"https:\/\/arantv.az\/index.php?rest_route=\/wp\/v2\/posts"}],"about":[{"href":"https:\/\/arantv.az\/index.php?rest_route=\/wp\/v2\/types\/post"}],"author":[{"embeddable":true,"href":"https:\/\/arantv.az\/index.php?rest_route=\/wp\/v2\/users\/2"}],"replies":[{"embeddable":true,"href":"https:\/\/arantv.az\/index.php?rest_route=%2Fwp%2Fv2%2Fcomments&post=93293"}],"version-history":[{"count":0,"href":"https:\/\/arantv.az\/index.php?rest_route=\/wp\/v2\/posts\/93293\/revisions"}],"wp:featuredmedia":[{"embeddable":true,"href":"https:\/\/arantv.az\/index.php?rest_route=\/wp\/v2\/media\/93294"}],"wp:attachment":[{"href":"https:\/\/arantv.az\/index.php?rest_route=%2Fwp%2Fv2%2Fmedia&parent=93293"}],"wp:term":[{"taxonomy":"category","embeddable":true,"href":"https:\/\/arantv.az\/index.php?rest_route=%2Fwp%2Fv2%2Fcategories&post=93293"},{"taxonomy":"post_tag","embeddable":true,"href":"https:\/\/arantv.az\/index.php?rest_route=%2Fwp%2Fv2%2Ftags&post=93293"}],"curies":[{"name":"wp","href":"https:\/\/api.w.org\/{rel}","templated":true}]}}