{"id":93301,"date":"2019-11-06T14:29:56","date_gmt":"2019-11-06T11:29:56","guid":{"rendered":"http:\/\/arantv.az\/?p=93301"},"modified":"2019-11-06T14:29:56","modified_gmt":"2019-11-06T11:29:56","slug":"oglumun-uzunu-gorm%c9%99mis%c9%99m-ozum%c9%99-nifr%c9%99t-edir%c9%99m-14-il-h%c9%99bs-yatan-m%c9%99hkum-video","status":"publish","type":"post","link":"https:\/\/arantv.az\/?p=93301","title":{"rendered":"&#8220;O\u011flumun \u00fcz\u00fcn\u00fc g\u00f6rm\u0259mi\u015f\u0259m, \u00f6z\u00fcm\u0259 nifr\u0259t edir\u0259m&#8221; &#8211; 14 il h\u0259bs yatan m\u0259hkum &#8211; V\u0130DEO"},"content":{"rendered":"<p><b>ARANTV.AZ\u00a0<\/b>\u00a0bildirir ki, ARB TV-nin &#8220;Rezonans&#8221; proqram\u0131nda bu d\u0259f\u0259 Ucar rayonundan olan, 1975-ci il t\u0259v\u0259ll\u00fcdl\u00fc m\u0259hkum Qulu L\u0259tifovun h\u0259yat\u0131ndan dan\u0131\u015f\u0131l\u0131b.<\/p>\n<p>M\u0259hkum Qulu L\u0259tifov &#8211; C\u0259zas\u0131 6 il 6 ay (\u00fcmumi14 il): &#8220;Ucar rayonunda do\u011fulmu\u015fam. Ata bir, ana ayr\u0131 \u00f6gey qarda\u015flar\u0131m var. Ticar\u0259tl\u0259 m\u0259\u015f\u011ful olmu\u015fam, orta m\u0259kt\u0259bi \u015eu\u015fada oxumu\u015fam. 2003-c\u00fc ilin sonlar\u0131ndan cinay\u0259t\u0259 qur\u015fand\u0131m. N\u0259simi bazar\u0131nda al\u0131\u015f-veri\u015f edirdim, Beyl\u0259qandan olan u\u015faqlarla bazarda i\u015fl\u0259yirdim. M\u0259n\u0259 torba tikdil\u0259r v\u0259 m\u0259n cinay\u0259tkar oldum. 2010-cu ilin 3 mart tarixind\u0259 ikinci cinay\u0259timi t\u00f6r\u0259tdim. Cinay\u0259t M\u0259c\u0259ll\u0259sinin 178-ci madd\u0259si il\u0259 (D\u0259l\u0259duzluq) ittiham edildim. 2015-ci ilin 6 dekabr tarixind\u0259 \u00fc\u00e7\u00fcnc\u00fc cinay\u0259timi t\u00f6r\u0259tdim, o\u011furluq etdim. 6 il yar\u0131m h\u00f6km oxundu, madd\u0259l\u0259r d\u0259yi\u015fdiyin\u0259 g\u00f6r\u0259 endirildi 5 il\u0259. Birinci d\u0259f\u0259 h\u0259bs\u0259 d\u00fc\u015f\u00fcb \u00e7\u0131xandan sonra 1 il azadl\u0131qda qald\u0131m, ikinci h\u0259bsimd\u0259n sonra azadl\u0131\u011fa \u00e7\u0131xanda 3 il\u0259 yax\u0131n azadl\u0131qda qald\u0131m. \u00dc\u00e7\u00fcnc\u00fc h\u0259bsim is\u0259 indidir, 5 il azadl\u0131qdan m\u0259hrum edilmi\u015f\u0259m, 1 il 4 ay c\u0259zam qal\u0131b.<\/p>\n<p>\u00d6z s\u0259hl\u0259nkarl\u0131\u011f\u0131m\u0131n ucbat\u0131ndan h\u0259bs\u0259 d\u00fc\u015fm\u00fc\u015f\u0259m, \u00e7ox pe\u015fmanam. Bu c\u0259zadan azadl\u0131\u011fa \u00e7\u0131xandan sonra inanm\u0131ram ki, bir daha bel\u0259 \u0259m\u0259l t\u00f6r\u0259d\u0259m, yenid\u0259n h\u0259bs edil\u0259m. 2014-c\u00fc ild\u0259 yenic\u0259 ail\u0259 qurmu\u015fdum. Ail\u0259 qurandan 2 il sonra h\u0259bs edildim. D\u00fc\u015f\u00fcn\u00fcr\u0259m ki, azadl\u0131\u011fa \u00e7\u0131xandan sonra m\u0259ni s\u00f6ys\u0259l\u0259r d\u0259 cinay\u0259t t\u00f6r\u0259tm\u0259y\u0259c\u0259m, h\u0259bs olunmaq olmayacaq bir daha. \u00d6z\u00fcm\u0259 nifr\u0259t edir\u0259m, \u00e7ox pe\u015fmanam. Yan\u0131ma ancaq \u00f6gey qarda\u015f\u0131m g\u0259lir. Ail\u0259ml\u0259 ancaq telefonla dan\u0131\u015f\u0131ram, r\u0259va bilmir\u0259m onlar\u0131n h\u0259bsxanaya g\u0259lm\u0259sini. \u00d6vlad\u0131m d\u00fcnyaya g\u0259l\u0259nd\u0259 m\u0259n h\u0259bsd\u0259 idim, o\u011flumun \u00fcz\u00fcn\u00fc g\u00f6r\u0259 bilm\u0259dim. Q\u0131z\u0131m\u0131 g\u00f6rm\u00fc\u015f\u0259m, 5 ya\u015f\u0131 var. H\u0259yat yolda\u015f\u0131m dem\u0259yib h\u0259bsd\u0259 oldu\u011fumu, bilmirl\u0259r h\u0259bs edildiyimi. Q\u0131z\u0131ma deyibl\u0259r ki, ba\u015fqa \u00f6lk\u0259d\u0259dir, z\u0259ng ed\u0259nd\u0259 d\u0259 deyir ki, ata g\u0259l\u0259nd\u0259 m\u0259n\u0259 saqq\u0131z alarsan.<\/p>\n<p>Evim yoxdur, yolda\u015f\u0131m qay\u0131natamgild\u0259 qal\u0131r, \u00e7ox sa\u011f olsunlar ki, \u00f6vlad\u0131ma bax\u0131rlar. Bir arzum var ki, azadl\u0131\u011fa \u00e7\u0131x\u0131m \u00f6vladlar\u0131m\u0131 oxudum, onlar\u0131n t\u0259hsili il\u0259 m\u0259\u015f\u011ful olum&#8221;.<\/p>\n<div class=\"embed-responsive embed-responsive-16by9\"><iframe loading=\"lazy\" id=\"nmqembedid\" class=\"embed-responsive-item\" title=\"video player\" src=\"https:\/\/izle.az\/embed\/SymxtbA0sjABAA~~\" width=\"600\" height=\"340\" frameborder=\"0\" scrolling=\"no\" allowfullscreen=\"allowfullscreen\" data-mce-fragment=\"1\"><\/iframe><\/div>\n<div class=\"datespan clearfix\"><\/div>\n","protected":false},"excerpt":{"rendered":"<p>ARANTV.AZ\u00a0\u00a0bildirir ki, ARB TV-nin &#8220;Rezonans&#8221; proqram\u0131nda bu d\u0259f\u0259 Ucar rayonundan olan, 1975-ci il t\u0259v\u0259ll\u00fcdl\u00fc m\u0259hkum Qulu L\u0259tifovun h\u0259yat\u0131ndan dan\u0131\u015f\u0131l\u0131b. M\u0259hkum Qulu L\u0259tifov &#8211; C\u0259zas\u0131 6 il 6 ay (\u00fcmumi14 il): &#8220;Ucar rayonunda do\u011fulmu\u015fam. Ata bir, ana ayr\u0131 \u00f6gey qarda\u015flar\u0131m var. Ticar\u0259tl\u0259 m\u0259\u015f\u011ful olmu\u015fam, orta m\u0259kt\u0259bi \u015eu\u015fada oxumu\u015fam. 2003-c\u00fc ilin sonlar\u0131ndan cinay\u0259t\u0259 qur\u015fand\u0131m. N\u0259simi bazar\u0131nda al\u0131\u015f-veri\u015f edirdim, Beyl\u0259qandan olan u\u015faqlarla bazarda i\u015fl\u0259yirdim. M\u0259n\u0259 torba tikdil\u0259r v\u0259 m\u0259n cinay\u0259tkar oldum. 2010-cu ilin 3 mart tarixind\u0259 ikinci cinay\u0259timi t\u00f6r\u0259tdim. Cinay\u0259t M\u0259c\u0259ll\u0259sinin 178-ci madd\u0259si il\u0259 (D\u0259l\u0259duzluq) ittiham edildim. 2015-ci ilin 6 dekabr tarixind\u0259 \u00fc\u00e7\u00fcnc\u00fc&hellip;<\/p>\n","protected":false},"author":2,"featured_media":93302,"comment_status":"closed","ping_status":"closed","sticky":false,"template":"","format":"standard","meta":{"om_disable_all_campaigns":false,"_monsterinsights_skip_tracking":false,"_monsterinsights_sitenote_active":false,"_monsterinsights_sitenote_note":"","_monsterinsights_sitenote_category":0},"categories":[1],"tags":[],"aioseo_notices":[],"gutentor_comment":0,"rttpg_featured_image_url":{"full":["https:\/\/arantv.az\/wp-content\/uploads\/2019\/11\/800118.jpg",549,412,false],"landscape":["https:\/\/arantv.az\/wp-content\/uploads\/2019\/11\/800118.jpg",549,412,false],"portraits":["https:\/\/arantv.az\/wp-content\/uploads\/2019\/11\/800118.jpg",549,412,false],"thumbnail":["https:\/\/arantv.az\/wp-content\/uploads\/2019\/11\/800118-150x150.jpg",150,150,true],"medium":["https:\/\/arantv.az\/wp-content\/uploads\/2019\/11\/800118-300x225.jpg",300,225,true],"large":["https:\/\/arantv.az\/wp-content\/uploads\/2019\/11\/800118.jpg",549,412,false],"1536x1536":["https:\/\/arantv.az\/wp-content\/uploads\/2019\/11\/800118.jpg",549,412,false],"2048x2048":["https:\/\/arantv.az\/wp-content\/uploads\/2019\/11\/800118.jpg",549,412,false],"post-thumbnail":["https:\/\/arantv.az\/wp-content\/uploads\/2019\/11\/800118-240x172.jpg",240,172,true],"advps-thumb-one":["https:\/\/arantv.az\/wp-content\/uploads\/2019\/11\/800118.jpg",549,412,false]},"rttpg_author":{"display_name":"V\u00fcsal Rafiqo\u011flu","author_link":"https:\/\/arantv.az\/?author=2"},"rttpg_comment":0,"rttpg_category":"<a href=\"https:\/\/arantv.az\/?cat=1\" rel=\"category\">C\u0259miyy\u0259t<\/a>","rttpg_excerpt":"ARANTV.AZ\u00a0\u00a0bildirir ki, ARB TV-nin &#8220;Rezonans&#8221; proqram\u0131nda bu d\u0259f\u0259 Ucar rayonundan olan, 1975-ci il t\u0259v\u0259ll\u00fcdl\u00fc m\u0259hkum Qulu L\u0259tifovun h\u0259yat\u0131ndan dan\u0131\u015f\u0131l\u0131b. M\u0259hkum Qulu L\u0259tifov &#8211; C\u0259zas\u0131 6 il 6 ay (\u00fcmumi14 il): &#8220;Ucar rayonunda do\u011fulmu\u015fam. Ata bir, ana ayr\u0131 \u00f6gey qarda\u015flar\u0131m var. Ticar\u0259tl\u0259 m\u0259\u015f\u011ful olmu\u015fam, orta m\u0259kt\u0259bi \u015eu\u015fada oxumu\u015fam. 2003-c\u00fc ilin sonlar\u0131ndan cinay\u0259t\u0259 qur\u015fand\u0131m. N\u0259simi bazar\u0131nda al\u0131\u015f-veri\u015f&hellip;","_links":{"self":[{"href":"https:\/\/arantv.az\/index.php?rest_route=\/wp\/v2\/posts\/93301"}],"collection":[{"href":"https:\/\/arantv.az\/index.php?rest_route=\/wp\/v2\/posts"}],"about":[{"href":"https:\/\/arantv.az\/index.php?rest_route=\/wp\/v2\/types\/post"}],"author":[{"embeddable":true,"href":"https:\/\/arantv.az\/index.php?rest_route=\/wp\/v2\/users\/2"}],"replies":[{"embeddable":true,"href":"https:\/\/arantv.az\/index.php?rest_route=%2Fwp%2Fv2%2Fcomments&post=93301"}],"version-history":[{"count":0,"href":"https:\/\/arantv.az\/index.php?rest_route=\/wp\/v2\/posts\/93301\/revisions"}],"wp:featuredmedia":[{"embeddable":true,"href":"https:\/\/arantv.az\/index.php?rest_route=\/wp\/v2\/media\/93302"}],"wp:attachment":[{"href":"https:\/\/arantv.az\/index.php?rest_route=%2Fwp%2Fv2%2Fmedia&parent=93301"}],"wp:term":[{"taxonomy":"category","embeddable":true,"href":"https:\/\/arantv.az\/index.php?rest_route=%2Fwp%2Fv2%2Fcategories&post=93301"},{"taxonomy":"post_tag","embeddable":true,"href":"https:\/\/arantv.az\/index.php?rest_route=%2Fwp%2Fv2%2Ftags&post=93301"}],"curies":[{"name":"wp","href":"https:\/\/api.w.org\/{rel}","templated":true}]}}