{"id":93397,"date":"2019-11-06T16:08:51","date_gmt":"2019-11-06T13:08:51","guid":{"rendered":"http:\/\/arantv.az\/?p=93397"},"modified":"2019-11-06T16:08:51","modified_gmt":"2019-11-06T13:08:51","slug":"az%c9%99rbaycan-rusiyaya-nota-verdi","status":"publish","type":"post","link":"https:\/\/arantv.az\/?p=93397","title":{"rendered":"Az\u0259rbaycan Rusiyaya nota verdi"},"content":{"rendered":"<p>Rusiyan\u0131n Az\u0259rbaycandak\u0131 f\u00f6vq\u0259lad\u0259 v\u0259 s\u0259lahiyy\u0259tli s\u0259firi Mixail Bo\u00e7arnikov Xarici \u0130\u015fl\u0259r Nazirliyin\u0259 (X\u0130N) \u00e7a\u011f\u0131r\u0131l\u0131b v\u0259 onunla Xarici \u0130\u015fl\u0259r nazirinin m\u00fcavini X\u0259l\u0259f X\u0259l\u0259fov g\u00f6r\u00fc\u015f ke\u00e7irib.<\/p>\n<p>Bu bar\u0259d\u0259 X\u0130N m\u0259lumat yay\u0131b.<\/p>\n<div><\/div>\n<p>G\u00f6r\u00fc\u015f zaman\u0131 Rusiyan\u0131n \u00f6lk\u0259mizd\u0259ki s\u0259firin\u0259 Az\u0259rbaycan\u0131n Erm\u0259nistan t\u0259r\u0259find\u0259n i\u015f\u011fal olunmu\u015f Da\u011fl\u0131q Qaraba\u011f b\u00f6lg\u0259sind\u0259 yarad\u0131lan qanunsuz rejimin &#8220;t\u0259msil\u00e7il\u0259ri&#8221; Masis Mayilyan v\u0259 Lernik Hovhannisyan\u0131n RF-y\u0259 s\u0259f\u0259r etm\u0259si il\u0259 \u0259laq\u0259dar X\u0130N-in etiraz notas\u0131 t\u0259qdim edilib.<\/p>\n<p>Notada Az\u0259rbaycan\u0131n i\u015f\u011fal olunmu\u015f \u0259razil\u0259rind\u0259ki qondarma qurumun &#8220;n\u00fcmay\u0259nd\u0259l\u0259ri&#8221;nin Rusiya \u0259razisin\u0259 daxil olmas\u0131 v\u0259 orada bir s\u0131ra rusiyal\u0131 ekspertl\u0259r v\u0259 akademik m\u0259rk\u0259zl\u0259rin t\u0259msil\u00e7il\u0259ri il\u0259 g\u00f6r\u00fc\u015fl\u0259rin ke\u00e7irilm\u0259si Erm\u0259nistan\u0131n art\u0131q 30 il\u0259 yax\u0131nd\u0131r ki, i\u015f\u011fal olunmu\u015f \u0259razil\u0259rd\u0259 status-kvonu m\u00f6hk\u0259ml\u0259ndirm\u0259y\u0259 c\u0259hd ed\u0259r\u0259k, Az\u0259rbaycan \u0259razil\u0259rini i\u015f\u011fal alt\u0131nda saxlama\u011fa xidm\u0259t etdiyi qeyd olunub.<\/p>\n<p>Nazirlik bu kimi s\u0259f\u0259rl\u0259rin d\u0259yi\u015fm\u0259z olaraq t\u0259xribat xarakter da\u015f\u0131d\u0131\u011f\u0131n\u0131 v\u0259 Az\u0259rbaycan Respublikas\u0131n\u0131n suverenliy\u0259 v\u0259 \u0259razi b\u00fct\u00f6vl\u00fcy\u00fcn\u0259 qar\u015f\u0131 y\u00f6n\u0259ldiyini vur\u011fulayaraq, dan\u0131\u015f\u0131qlar prosesin\u0259 z\u0259rb\u0259 vurdu\u011fu v\u0259 Az\u0259rbaycanla Rusiya aras\u0131nda m\u00f6vcud olan s\u0259mimiyy\u0259t v\u0259 y\u00fcks\u0259k etimada k\u00f6lg\u0259 sald\u0131\u011f\u0131, habel\u0259 3 iyul 1997-ci il tarixli &#8220;Az\u0259rbaycan Respublikas\u0131 il\u0259 Rusiya Federasiyas\u0131 aras\u0131nda dostluq, \u0259m\u0259kda\u015fl\u0131q v\u0259 qar\u015f\u0131l\u0131ql\u0131 t\u0259hl\u00fck\u0259sizlik haqq\u0131nda M\u00fcqavil\u0259&#8221;nin m\u00fcdd\u0259alar\u0131 il\u0259 q\u0259ti \u015f\u0259kild\u0259 uzla\u015fmad\u0131\u011f\u0131 bar\u0259d\u0259 m\u00f6vqeyi Rusiya t\u0259r\u0259fin\u0259 \u00e7atd\u0131r\u0131b.<\/p>\n<p>Qeyd olunub ki, Rusiya t\u0259r\u0259finin bu c\u00fcr s\u0259f\u0259rl\u0259r\u0259 \u00e7\u0259xsi s\u0259f\u0259r qismind\u0259 baxd\u0131\u011f\u0131n\u0131 d\u0259f\u0259l\u0259rl\u0259 b\u0259yan etm\u0259sin\u0259 baxmayaraq, i\u015f\u011fal edilmi\u015f \u0259razil\u0259rd\u0259ki qeyri-qanuni &#8220;hakimiyy\u0259t orqanlar\u0131&#8221;n\u0131n &#8220;n\u00fcmay\u0259nd\u0259l\u0259ri&#8221; Rusiya \u0259razisind\u0259n Erm\u0259nistan Respublikas\u0131n\u0131n Az\u0259rbaycan Respublikas\u0131na qar\u015f\u0131 t\u0259cav\u00fcz\u00fcn\u00fcn n\u0259tic\u0259l\u0259rinin m\u00f6hk\u0259ml\u0259ndirilm\u0259si m\u0259qs\u0259dil\u0259 istifad\u0259 etm\u0259kd\u0259 davam edirl\u0259r.<\/p>\n<p>Eyni zamanda, qondarma qurumun &#8220;n\u00fcmay\u0259nd\u0259l\u0259ri&#8221;nin Rusiya \u0259razisin\u0259 s\u0259f\u0259r etm\u0259si v\u0259 orada i\u015f\u011fal n\u0259tic\u0259l\u0259rini t\u0259bli\u011f etm\u0259sin\u0259 imkan yarad\u0131lmas\u0131 Rusiyan\u0131n Erm\u0259nistan-Az\u0259rbaycan Da\u011fl\u0131q Qaraba\u011f m\u00fcnaqi\u015f\u0259sinin h\u0259lli \u00fczr\u0259 AT\u018fT-in Minsk qrupunun h\u0259ms\u0259dri mandat\u0131nda vasit\u0259\u00e7i kimi \u00f6hd\u0259likl\u0259ri, el\u0259c\u0259 d\u0259, BMT T\u0259hl\u00fck\u0259sizlik \u015euras\u0131n\u0131n daimi \u00fczv\u00fc qismind\u0259 h\u0259l\u0259 1993-c\u00fc d\u0259st\u0259kl\u0259diyi 822, 853, 874 v\u0259 884 sayl\u0131 q\u0259tnam\u0259l\u0259ri il\u0259 uzla\u015fmad\u0131\u011f\u0131n\u0131 bildirilib.<\/p>\n<p>O da x\u00fcsusi vur\u011fulan\u0131b ki, AT\u018fT-in Minsk Qrupunun h\u0259ms\u0259drl\u0259rinin missiyas\u0131 m\u00fcnaqi\u015f\u0259nin s\u00fclh yolu il\u0259 h\u0259llin\u0259 dair b\u00fct\u00fcn m\u0259s\u0259l\u0259l\u0259rd\u0259 q\u0259r\u0259zsiz m\u00fcnasib\u0259t b\u0259sl\u0259m\u0259kdir.<\/p>\n<p>Bununla \u0259laq\u0259dar Az\u0259rbaycan t\u0259r\u0259fi bu kimi qanunsuz s\u0259f\u0259rl\u0259rin qar\u015f\u0131s\u0131n\u0131n al\u0131nmas\u0131 istiqam\u0259tind\u0259 Rusiya t\u0259r\u0259find\u0259n b\u00fct\u00fcn z\u0259ruri t\u0259dbirl\u0259rin g\u00f6r\u00fclm\u0259si g\u00f6zl\u0259diyini s\u0259fir M.Bo\u015farnikovun diqq\u0259tin\u0259 \u00e7atd\u0131r\u0131b.<\/p>\n<p>S\u0259fir M.Bo\u00e7arnikov Rusiya t\u0259r\u0259finin m\u00fcnaqi\u015f\u0259 \u00fczr\u0259 m\u00f6vqeyinin m\u0259lum v\u0259 d\u0259yi\u015fm\u0259z oldu\u011funu, el\u0259c\u0259 d\u0259, h\u0259r hans\u0131 tan\u0131nmam\u0131\u015f qurumlar\u0131n &#8220;n\u00fcmay\u0259nd\u0259l\u0259ri&#8221;nin Rusiya \u0259razisin\u0259 daxil olmas\u0131n\u0131n bu \u00f6lk\u0259nin r\u0259smi m\u00f6vqeyini \u0259ks etdirm\u0259diyini vur\u011fulay\u0131b. O, Az\u0259rbaycan t\u0259r\u0259finin etiraz\u0131 bar\u0259d\u0259 Rusiya X\u0130N-\u0259 m\u0259ruz\u0259 ed\u0259c\u0259yini bildirib.<\/p>\n","protected":false},"excerpt":{"rendered":"<p>Rusiyan\u0131n Az\u0259rbaycandak\u0131 f\u00f6vq\u0259lad\u0259 v\u0259 s\u0259lahiyy\u0259tli s\u0259firi Mixail Bo\u00e7arnikov Xarici \u0130\u015fl\u0259r Nazirliyin\u0259 (X\u0130N) \u00e7a\u011f\u0131r\u0131l\u0131b v\u0259 onunla Xarici \u0130\u015fl\u0259r nazirinin m\u00fcavini X\u0259l\u0259f X\u0259l\u0259fov g\u00f6r\u00fc\u015f ke\u00e7irib. Bu bar\u0259d\u0259 X\u0130N m\u0259lumat yay\u0131b. G\u00f6r\u00fc\u015f zaman\u0131 Rusiyan\u0131n \u00f6lk\u0259mizd\u0259ki s\u0259firin\u0259 Az\u0259rbaycan\u0131n Erm\u0259nistan t\u0259r\u0259find\u0259n i\u015f\u011fal olunmu\u015f Da\u011fl\u0131q Qaraba\u011f b\u00f6lg\u0259sind\u0259 yarad\u0131lan qanunsuz rejimin &#8220;t\u0259msil\u00e7il\u0259ri&#8221; Masis Mayilyan v\u0259 Lernik Hovhannisyan\u0131n RF-y\u0259 s\u0259f\u0259r etm\u0259si il\u0259 \u0259laq\u0259dar X\u0130N-in etiraz notas\u0131 t\u0259qdim edilib. Notada Az\u0259rbaycan\u0131n i\u015f\u011fal olunmu\u015f \u0259razil\u0259rind\u0259ki qondarma qurumun &#8220;n\u00fcmay\u0259nd\u0259l\u0259ri&#8221;nin Rusiya \u0259razisin\u0259 daxil olmas\u0131 v\u0259 orada bir s\u0131ra rusiyal\u0131 ekspertl\u0259r v\u0259 akademik m\u0259rk\u0259zl\u0259rin t\u0259msil\u00e7il\u0259ri il\u0259 g\u00f6r\u00fc\u015fl\u0259rin ke\u00e7irilm\u0259si Erm\u0259nistan\u0131n art\u0131q 30 il\u0259 yax\u0131nd\u0131r&hellip;<\/p>\n","protected":false},"author":2,"featured_media":93398,"comment_status":"closed","ping_status":"closed","sticky":false,"template":"","format":"standard","meta":{"om_disable_all_campaigns":false,"_monsterinsights_skip_tracking":false,"_monsterinsights_sitenote_active":false,"_monsterinsights_sitenote_note":"","_monsterinsights_sitenote_category":0},"categories":[4],"tags":[],"aioseo_notices":[],"gutentor_comment":0,"rttpg_featured_image_url":{"full":["https:\/\/arantv.az\/wp-content\/uploads\/2019\/11\/bayraq-azeuro-1.jpg",549,349,false],"landscape":["https:\/\/arantv.az\/wp-content\/uploads\/2019\/11\/bayraq-azeuro-1.jpg",549,349,false],"portraits":["https:\/\/arantv.az\/wp-content\/uploads\/2019\/11\/bayraq-azeuro-1.jpg",549,349,false],"thumbnail":["https:\/\/arantv.az\/wp-content\/uploads\/2019\/11\/bayraq-azeuro-1-150x150.jpg",150,150,true],"medium":["https:\/\/arantv.az\/wp-content\/uploads\/2019\/11\/bayraq-azeuro-1-300x191.jpg",300,191,true],"large":["https:\/\/arantv.az\/wp-content\/uploads\/2019\/11\/bayraq-azeuro-1.jpg",549,349,false],"1536x1536":["https:\/\/arantv.az\/wp-content\/uploads\/2019\/11\/bayraq-azeuro-1.jpg",549,349,false],"2048x2048":["https:\/\/arantv.az\/wp-content\/uploads\/2019\/11\/bayraq-azeuro-1.jpg",549,349,false],"post-thumbnail":["https:\/\/arantv.az\/wp-content\/uploads\/2019\/11\/bayraq-azeuro-1-240x172.jpg",240,172,true],"advps-thumb-one":["https:\/\/arantv.az\/wp-content\/uploads\/2019\/11\/bayraq-azeuro-1.jpg",549,349,false]},"rttpg_author":{"display_name":"V\u00fcsal Rafiqo\u011flu","author_link":"https:\/\/arantv.az\/?author=2"},"rttpg_comment":0,"rttpg_category":"<a href=\"https:\/\/arantv.az\/?cat=4\" rel=\"category\">Siyas\u0259t<\/a>","rttpg_excerpt":"Rusiyan\u0131n Az\u0259rbaycandak\u0131 f\u00f6vq\u0259lad\u0259 v\u0259 s\u0259lahiyy\u0259tli s\u0259firi Mixail Bo\u00e7arnikov Xarici \u0130\u015fl\u0259r Nazirliyin\u0259 (X\u0130N) \u00e7a\u011f\u0131r\u0131l\u0131b v\u0259 onunla Xarici \u0130\u015fl\u0259r nazirinin m\u00fcavini X\u0259l\u0259f X\u0259l\u0259fov g\u00f6r\u00fc\u015f ke\u00e7irib. Bu bar\u0259d\u0259 X\u0130N m\u0259lumat yay\u0131b. G\u00f6r\u00fc\u015f zaman\u0131 Rusiyan\u0131n \u00f6lk\u0259mizd\u0259ki s\u0259firin\u0259 Az\u0259rbaycan\u0131n Erm\u0259nistan t\u0259r\u0259find\u0259n i\u015f\u011fal olunmu\u015f Da\u011fl\u0131q Qaraba\u011f b\u00f6lg\u0259sind\u0259 yarad\u0131lan qanunsuz rejimin &#8220;t\u0259msil\u00e7il\u0259ri&#8221; Masis Mayilyan v\u0259 Lernik Hovhannisyan\u0131n RF-y\u0259 s\u0259f\u0259r etm\u0259si il\u0259 \u0259laq\u0259dar&hellip;","_links":{"self":[{"href":"https:\/\/arantv.az\/index.php?rest_route=\/wp\/v2\/posts\/93397"}],"collection":[{"href":"https:\/\/arantv.az\/index.php?rest_route=\/wp\/v2\/posts"}],"about":[{"href":"https:\/\/arantv.az\/index.php?rest_route=\/wp\/v2\/types\/post"}],"author":[{"embeddable":true,"href":"https:\/\/arantv.az\/index.php?rest_route=\/wp\/v2\/users\/2"}],"replies":[{"embeddable":true,"href":"https:\/\/arantv.az\/index.php?rest_route=%2Fwp%2Fv2%2Fcomments&post=93397"}],"version-history":[{"count":0,"href":"https:\/\/arantv.az\/index.php?rest_route=\/wp\/v2\/posts\/93397\/revisions"}],"wp:featuredmedia":[{"embeddable":true,"href":"https:\/\/arantv.az\/index.php?rest_route=\/wp\/v2\/media\/93398"}],"wp:attachment":[{"href":"https:\/\/arantv.az\/index.php?rest_route=%2Fwp%2Fv2%2Fmedia&parent=93397"}],"wp:term":[{"taxonomy":"category","embeddable":true,"href":"https:\/\/arantv.az\/index.php?rest_route=%2Fwp%2Fv2%2Fcategories&post=93397"},{"taxonomy":"post_tag","embeddable":true,"href":"https:\/\/arantv.az\/index.php?rest_route=%2Fwp%2Fv2%2Ftags&post=93397"}],"curies":[{"name":"wp","href":"https:\/\/api.w.org\/{rel}","templated":true}]}}