{"id":93469,"date":"2019-11-07T08:44:03","date_gmt":"2019-11-07T05:44:03","guid":{"rendered":"http:\/\/arantv.az\/?p=93469"},"modified":"2019-11-07T08:44:03","modified_gmt":"2019-11-07T05:44:03","slug":"birinci-vitse-prezident-mehriban-%c9%99liyeva-neft-daslarinin-70-illiyi-munasib%c9%99til%c9%99-az%c9%99rbaycan-neftcil%c9%99rini-t%c9%99brik-edib","status":"publish","type":"post","link":"https:\/\/arantv.az\/?p=93469","title":{"rendered":"Birinci vitse-prezident Mehriban \u018fliyeva &#8220;Neft Da\u015flar\u0131&#8221;n\u0131n 70 illiyi m\u00fcnasib\u0259til\u0259 Az\u0259rbaycan neft\u00e7il\u0259rini t\u0259brik edib"},"content":{"rendered":"<p>Az\u0259rbaycan Respublikas\u0131n\u0131n Birinci vitse-prezidenti Mehriban \u018fliyeva &#8220;Neft Da\u015flar\u0131&#8221;n\u0131n 70 illiyi m\u00fcnasib\u0259til\u0259\u00a0<a href=\"https:\/\/www.instagram.com\/p\/B4jVe3Ogfiy\/?igshid=12c8o0ro2msn7\" target=\"_blank\" rel=\"noopener\">r\u0259smi &#8220;Instagram&#8221; s\u0259hif\u0259si<\/a>nd\u0259 payla\u015f\u0131m edib.<\/p>\n<p><strong>ARANTV.AZ<\/strong>\u00a0\u00a0<a href=\"https:\/\/az.trend.az\/\" target=\"_blank\" rel=\"noopener\">Trend<\/a>-\u0259 istinad\u0259n x\u0259b\u0259r verir ki, payla\u015f\u0131mda deyilir: &#8220;Bu g\u00fcn \u0259fsan\u0259vi &#8220;Neft Da\u015flar\u0131&#8221;n\u0131n 70 illiyi qeyd olunur. 1949-cu ilin m\u0259hz bu g\u00fcn\u00fcnd\u0259 neft\u00e7il\u0259rimiz d\u00fcnyada ilk d\u0259f\u0259 olaraq Az\u0259rbaycanda a\u00e7\u0131q d\u0259nizd\u0259 neft hasil ed\u0259r\u0259k, n\u0259inki \u00f6lk\u0259mizin, el\u0259c\u0259 d\u0259 b\u00fct\u00fcn d\u00fcnyan\u0131n neft salnam\u0259sin\u0259 parlaq s\u0259hif\u0259l\u0259r yazm\u0131\u015flar. Bu \u0259lam\u0259tdar hadis\u0259nin yubileyi m\u00fcnasib\u0259til\u0259 b\u00fct\u00fcn Az\u0259rbaycan neft\u00e7il\u0259rini t\u0259brik edir, h\u0259r biriniz\u0259 u\u011furlar v\u0259 yeni-yeni nailiyy\u0259tl\u0259r arzulay\u0131ram!&#8221;<\/p>\n","protected":false},"excerpt":{"rendered":"<p>Az\u0259rbaycan Respublikas\u0131n\u0131n Birinci vitse-prezidenti Mehriban \u018fliyeva &#8220;Neft Da\u015flar\u0131&#8221;n\u0131n 70 illiyi m\u00fcnasib\u0259til\u0259\u00a0r\u0259smi &#8220;Instagram&#8221; s\u0259hif\u0259sind\u0259 payla\u015f\u0131m edib. ARANTV.AZ\u00a0\u00a0Trend-\u0259 istinad\u0259n x\u0259b\u0259r verir ki, payla\u015f\u0131mda deyilir: &#8220;Bu g\u00fcn \u0259fsan\u0259vi &#8220;Neft Da\u015flar\u0131&#8221;n\u0131n 70 illiyi qeyd olunur. 1949-cu ilin m\u0259hz bu g\u00fcn\u00fcnd\u0259 neft\u00e7il\u0259rimiz d\u00fcnyada ilk d\u0259f\u0259 olaraq Az\u0259rbaycanda a\u00e7\u0131q d\u0259nizd\u0259 neft hasil ed\u0259r\u0259k, n\u0259inki \u00f6lk\u0259mizin, el\u0259c\u0259 d\u0259 b\u00fct\u00fcn d\u00fcnyan\u0131n neft salnam\u0259sin\u0259 parlaq s\u0259hif\u0259l\u0259r yazm\u0131\u015flar. Bu \u0259lam\u0259tdar hadis\u0259nin yubileyi m\u00fcnasib\u0259til\u0259 b\u00fct\u00fcn Az\u0259rbaycan neft\u00e7il\u0259rini t\u0259brik edir, h\u0259r biriniz\u0259 u\u011furlar v\u0259 yeni-yeni nailiyy\u0259tl\u0259r arzulay\u0131ram!&#8221;<\/p>\n","protected":false},"author":2,"featured_media":93470,"comment_status":"closed","ping_status":"closed","sticky":false,"template":"","format":"standard","meta":{"om_disable_all_campaigns":false,"_monsterinsights_skip_tracking":false,"_monsterinsights_sitenote_active":false,"_monsterinsights_sitenote_note":"","_monsterinsights_sitenote_category":0},"categories":[8],"tags":[],"aioseo_notices":[],"gutentor_comment":0,"rttpg_featured_image_url":{"full":["https:\/\/arantv.az\/wp-content\/uploads\/2019\/11\/800358.jpg",800,600,false],"landscape":["https:\/\/arantv.az\/wp-content\/uploads\/2019\/11\/800358.jpg",800,600,false],"portraits":["https:\/\/arantv.az\/wp-content\/uploads\/2019\/11\/800358.jpg",800,600,false],"thumbnail":["https:\/\/arantv.az\/wp-content\/uploads\/2019\/11\/800358-150x150.jpg",150,150,true],"medium":["https:\/\/arantv.az\/wp-content\/uploads\/2019\/11\/800358-300x225.jpg",300,225,true],"large":["https:\/\/arantv.az\/wp-content\/uploads\/2019\/11\/800358.jpg",640,480,false],"1536x1536":["https:\/\/arantv.az\/wp-content\/uploads\/2019\/11\/800358.jpg",800,600,false],"2048x2048":["https:\/\/arantv.az\/wp-content\/uploads\/2019\/11\/800358.jpg",800,600,false],"post-thumbnail":["https:\/\/arantv.az\/wp-content\/uploads\/2019\/11\/800358-240x172.jpg",240,172,true],"advps-thumb-one":["https:\/\/arantv.az\/wp-content\/uploads\/2019\/11\/800358.jpg",800,600,false]},"rttpg_author":{"display_name":"V\u00fcsal Rafiqo\u011flu","author_link":"https:\/\/arantv.az\/?author=2"},"rttpg_comment":0,"rttpg_category":"<a href=\"https:\/\/arantv.az\/?cat=8\" rel=\"category\">\u018fsas s\u0259hif\u0259<\/a>","rttpg_excerpt":"Az\u0259rbaycan Respublikas\u0131n\u0131n Birinci vitse-prezidenti Mehriban \u018fliyeva &#8220;Neft Da\u015flar\u0131&#8221;n\u0131n 70 illiyi m\u00fcnasib\u0259til\u0259\u00a0r\u0259smi &#8220;Instagram&#8221; s\u0259hif\u0259sind\u0259 payla\u015f\u0131m edib. ARANTV.AZ\u00a0\u00a0Trend-\u0259 istinad\u0259n x\u0259b\u0259r verir ki, payla\u015f\u0131mda deyilir: &#8220;Bu g\u00fcn \u0259fsan\u0259vi &#8220;Neft Da\u015flar\u0131&#8221;n\u0131n 70 illiyi qeyd olunur. 1949-cu ilin m\u0259hz bu g\u00fcn\u00fcnd\u0259 neft\u00e7il\u0259rimiz d\u00fcnyada ilk d\u0259f\u0259 olaraq Az\u0259rbaycanda a\u00e7\u0131q d\u0259nizd\u0259 neft hasil ed\u0259r\u0259k, n\u0259inki \u00f6lk\u0259mizin, el\u0259c\u0259 d\u0259 b\u00fct\u00fcn d\u00fcnyan\u0131n neft salnam\u0259sin\u0259&hellip;","_links":{"self":[{"href":"https:\/\/arantv.az\/index.php?rest_route=\/wp\/v2\/posts\/93469"}],"collection":[{"href":"https:\/\/arantv.az\/index.php?rest_route=\/wp\/v2\/posts"}],"about":[{"href":"https:\/\/arantv.az\/index.php?rest_route=\/wp\/v2\/types\/post"}],"author":[{"embeddable":true,"href":"https:\/\/arantv.az\/index.php?rest_route=\/wp\/v2\/users\/2"}],"replies":[{"embeddable":true,"href":"https:\/\/arantv.az\/index.php?rest_route=%2Fwp%2Fv2%2Fcomments&post=93469"}],"version-history":[{"count":0,"href":"https:\/\/arantv.az\/index.php?rest_route=\/wp\/v2\/posts\/93469\/revisions"}],"wp:featuredmedia":[{"embeddable":true,"href":"https:\/\/arantv.az\/index.php?rest_route=\/wp\/v2\/media\/93470"}],"wp:attachment":[{"href":"https:\/\/arantv.az\/index.php?rest_route=%2Fwp%2Fv2%2Fmedia&parent=93469"}],"wp:term":[{"taxonomy":"category","embeddable":true,"href":"https:\/\/arantv.az\/index.php?rest_route=%2Fwp%2Fv2%2Fcategories&post=93469"},{"taxonomy":"post_tag","embeddable":true,"href":"https:\/\/arantv.az\/index.php?rest_route=%2Fwp%2Fv2%2Ftags&post=93469"}],"curies":[{"name":"wp","href":"https:\/\/api.w.org\/{rel}","templated":true}]}}