{"id":93477,"date":"2019-11-07T08:59:24","date_gmt":"2019-11-07T05:59:24","guid":{"rendered":"http:\/\/arantv.az\/?p=93477"},"modified":"2019-11-07T08:59:24","modified_gmt":"2019-11-07T05:59:24","slug":"prezident-musa-yaquba-ev-verdi","status":"publish","type":"post","link":"https:\/\/arantv.az\/?p=93477","title":{"rendered":"Prezident Musa Yaquba ev verdi"},"content":{"rendered":"<p>Prezident \u0130lham \u018fliyev Xalq \u015fairi Musa Yaquba m\u0259nzil h\u0259diyy\u0259 edib.<\/p>\n<p>Bu bar\u0259d\u0259 Qafqazinfo-ya \u015fairin \u00f6z\u00fc m\u0259lumat\u00a0verib.<\/p>\n<div id=\"AdviadNativeVideo0\" class=\"AdviadNativeVideo\"><\/div>\n<p>O qeyd edib ki, m\u0259nzil Bak\u0131 \u015f\u0259h\u0259rind\u0259dir v\u0259 \u00dc\u00c7\u00a0otaql\u0131d\u0131r.<\/p>\n<p>Xalq \u015fairi ona m\u0259nzil h\u0259diyy\u0259 etdiyi \u00fc\u00e7\u00fcn \u00f6lk\u0259 ba\u015f\u00e7\u0131s\u0131 \u0130lham \u018fliyev\u0259 minn\u0259tdarl\u0131\u011f\u0131n\u0131 ifad\u0259 edib:<\/p>\n<p>\u201cBu qoca v\u0259 x\u0259st\u0259 hal\u0131mda \u00f6lk\u0259 ba\u015f\u00e7\u0131s\u0131 m\u0259ni bir daha sevindirdi. Buna g\u00f6r\u0259 \u00f6z\u00fcm v\u0259 ail\u0259m ad\u0131ndan Prezident\u0259 t\u0259\u015f\u0259kk\u00fcr edir\u0259m\u201d.<\/p>\n","protected":false},"excerpt":{"rendered":"<p>Prezident \u0130lham \u018fliyev Xalq \u015fairi Musa Yaquba m\u0259nzil h\u0259diyy\u0259 edib. Bu bar\u0259d\u0259 Qafqazinfo-ya \u015fairin \u00f6z\u00fc m\u0259lumat\u00a0verib. O qeyd edib ki, m\u0259nzil Bak\u0131 \u015f\u0259h\u0259rind\u0259dir v\u0259 \u00dc\u00c7\u00a0otaql\u0131d\u0131r. Xalq \u015fairi ona m\u0259nzil h\u0259diyy\u0259 etdiyi \u00fc\u00e7\u00fcn \u00f6lk\u0259 ba\u015f\u00e7\u0131s\u0131 \u0130lham \u018fliyev\u0259 minn\u0259tdarl\u0131\u011f\u0131n\u0131 ifad\u0259 edib: \u201cBu qoca v\u0259 x\u0259st\u0259 hal\u0131mda \u00f6lk\u0259 ba\u015f\u00e7\u0131s\u0131 m\u0259ni bir daha sevindirdi. Buna g\u00f6r\u0259 \u00f6z\u00fcm v\u0259 ail\u0259m ad\u0131ndan Prezident\u0259 t\u0259\u015f\u0259kk\u00fcr edir\u0259m\u201d.<\/p>\n","protected":false},"author":2,"featured_media":93478,"comment_status":"closed","ping_status":"closed","sticky":false,"template":"","format":"standard","meta":{"om_disable_all_campaigns":false,"_monsterinsights_skip_tracking":false,"_monsterinsights_sitenote_active":false,"_monsterinsights_sitenote_note":"","_monsterinsights_sitenote_category":0},"categories":[4],"tags":[],"aioseo_notices":[],"gutentor_comment":0,"rttpg_featured_image_url":{"full":["https:\/\/arantv.az\/wp-content\/uploads\/2019\/11\/1498201760-4407.jpg",620,389,false],"landscape":["https:\/\/arantv.az\/wp-content\/uploads\/2019\/11\/1498201760-4407.jpg",620,389,false],"portraits":["https:\/\/arantv.az\/wp-content\/uploads\/2019\/11\/1498201760-4407.jpg",620,389,false],"thumbnail":["https:\/\/arantv.az\/wp-content\/uploads\/2019\/11\/1498201760-4407-150x150.jpg",150,150,true],"medium":["https:\/\/arantv.az\/wp-content\/uploads\/2019\/11\/1498201760-4407-300x188.jpg",300,188,true],"large":["https:\/\/arantv.az\/wp-content\/uploads\/2019\/11\/1498201760-4407.jpg",620,389,false],"1536x1536":["https:\/\/arantv.az\/wp-content\/uploads\/2019\/11\/1498201760-4407.jpg",620,389,false],"2048x2048":["https:\/\/arantv.az\/wp-content\/uploads\/2019\/11\/1498201760-4407.jpg",620,389,false],"post-thumbnail":["https:\/\/arantv.az\/wp-content\/uploads\/2019\/11\/1498201760-4407-240x172.jpg",240,172,true],"advps-thumb-one":["https:\/\/arantv.az\/wp-content\/uploads\/2019\/11\/1498201760-4407.jpg",620,389,false]},"rttpg_author":{"display_name":"V\u00fcsal Rafiqo\u011flu","author_link":"https:\/\/arantv.az\/?author=2"},"rttpg_comment":0,"rttpg_category":"<a href=\"https:\/\/arantv.az\/?cat=4\" rel=\"category\">Siyas\u0259t<\/a>","rttpg_excerpt":"Prezident \u0130lham \u018fliyev Xalq \u015fairi Musa Yaquba m\u0259nzil h\u0259diyy\u0259 edib. Bu bar\u0259d\u0259 Qafqazinfo-ya \u015fairin \u00f6z\u00fc m\u0259lumat\u00a0verib. O qeyd edib ki, m\u0259nzil Bak\u0131 \u015f\u0259h\u0259rind\u0259dir v\u0259 \u00dc\u00c7\u00a0otaql\u0131d\u0131r. Xalq \u015fairi ona m\u0259nzil h\u0259diyy\u0259 etdiyi \u00fc\u00e7\u00fcn \u00f6lk\u0259 ba\u015f\u00e7\u0131s\u0131 \u0130lham \u018fliyev\u0259 minn\u0259tdarl\u0131\u011f\u0131n\u0131 ifad\u0259 edib: \u201cBu qoca v\u0259 x\u0259st\u0259 hal\u0131mda \u00f6lk\u0259 ba\u015f\u00e7\u0131s\u0131 m\u0259ni bir daha sevindirdi. Buna g\u00f6r\u0259 \u00f6z\u00fcm v\u0259 ail\u0259m&hellip;","_links":{"self":[{"href":"https:\/\/arantv.az\/index.php?rest_route=\/wp\/v2\/posts\/93477"}],"collection":[{"href":"https:\/\/arantv.az\/index.php?rest_route=\/wp\/v2\/posts"}],"about":[{"href":"https:\/\/arantv.az\/index.php?rest_route=\/wp\/v2\/types\/post"}],"author":[{"embeddable":true,"href":"https:\/\/arantv.az\/index.php?rest_route=\/wp\/v2\/users\/2"}],"replies":[{"embeddable":true,"href":"https:\/\/arantv.az\/index.php?rest_route=%2Fwp%2Fv2%2Fcomments&post=93477"}],"version-history":[{"count":0,"href":"https:\/\/arantv.az\/index.php?rest_route=\/wp\/v2\/posts\/93477\/revisions"}],"wp:featuredmedia":[{"embeddable":true,"href":"https:\/\/arantv.az\/index.php?rest_route=\/wp\/v2\/media\/93478"}],"wp:attachment":[{"href":"https:\/\/arantv.az\/index.php?rest_route=%2Fwp%2Fv2%2Fmedia&parent=93477"}],"wp:term":[{"taxonomy":"category","embeddable":true,"href":"https:\/\/arantv.az\/index.php?rest_route=%2Fwp%2Fv2%2Fcategories&post=93477"},{"taxonomy":"post_tag","embeddable":true,"href":"https:\/\/arantv.az\/index.php?rest_route=%2Fwp%2Fv2%2Ftags&post=93477"}],"curies":[{"name":"wp","href":"https:\/\/api.w.org\/{rel}","templated":true}]}}