{"id":93493,"date":"2019-11-07T09:05:42","date_gmt":"2019-11-07T06:05:42","guid":{"rendered":"http:\/\/arantv.az\/?p=93493"},"modified":"2019-11-07T09:05:42","modified_gmt":"2019-11-07T06:05:42","slug":"bakida-26-yasli-g%c9%99nc-bicaqlandi","status":"publish","type":"post","link":"https:\/\/arantv.az\/?p=93493","title":{"rendered":"Bak\u0131da 26 ya\u015fl\u0131 g\u0259nc b\u0131\u00e7aqland\u0131"},"content":{"rendered":"<p>Yaral\u0131 x\u0259st\u0259xanaya \u00e7atd\u0131r\u0131l\u0131b<\/p>\n<p><b>ARANTV.AZ\u00a0<\/b>\u00a0aznews.az-a istinad\u0259n x\u0259b\u0259r verir ki, Bak\u0131n\u0131n N\u0259simi rayonunda m\u00fcbahis\u0259 z\u0259minind\u0259 b\u0131\u00e7aqlanma hadis\u0259si ba\u015f verib.<\/p>\n<div><\/div>\n<p>Hadis\u0259 metronun &#8220;Memar \u018fc\u0259mi&#8221; stansiyas\u0131n\u0131n yax\u0131nl\u0131\u011f\u0131nda qeyd\u0259 al\u0131n\u0131b. Kafel\u0259rin birind\u0259 26 ya\u015fl\u0131 Babayev R\u0259van Adil o\u011flu tan\u0131mad\u0131\u011f\u0131 \u015f\u0259xsl\u0259r t\u0259r\u0259find\u0259n d\u00f6y\u00fcl\u00fcb. Onlar daha sonra R.Babayev\u0259 b\u0131\u00e7aqla x\u0259sar\u0259t yetiribl\u0259r. Yaral\u0131 x\u0259st\u0259xanaya \u00e7atd\u0131r\u0131l\u0131b.<\/p>\n<p>Faktla ba\u011fl\u0131 N\u0259simi Rayon Polis \u0130dar\u0259sind\u0259 ara\u015fd\u0131rma apar\u0131l\u0131r.<\/p>\n","protected":false},"excerpt":{"rendered":"<p>Yaral\u0131 x\u0259st\u0259xanaya \u00e7atd\u0131r\u0131l\u0131b ARANTV.AZ\u00a0\u00a0aznews.az-a istinad\u0259n x\u0259b\u0259r verir ki, Bak\u0131n\u0131n N\u0259simi rayonunda m\u00fcbahis\u0259 z\u0259minind\u0259 b\u0131\u00e7aqlanma hadis\u0259si ba\u015f verib. Hadis\u0259 metronun &#8220;Memar \u018fc\u0259mi&#8221; stansiyas\u0131n\u0131n yax\u0131nl\u0131\u011f\u0131nda qeyd\u0259 al\u0131n\u0131b. Kafel\u0259rin birind\u0259 26 ya\u015fl\u0131 Babayev R\u0259van Adil o\u011flu tan\u0131mad\u0131\u011f\u0131 \u015f\u0259xsl\u0259r t\u0259r\u0259find\u0259n d\u00f6y\u00fcl\u00fcb. Onlar daha sonra R.Babayev\u0259 b\u0131\u00e7aqla x\u0259sar\u0259t yetiribl\u0259r. Yaral\u0131 x\u0259st\u0259xanaya \u00e7atd\u0131r\u0131l\u0131b. Faktla ba\u011fl\u0131 N\u0259simi Rayon Polis \u0130dar\u0259sind\u0259 ara\u015fd\u0131rma apar\u0131l\u0131r.<\/p>\n","protected":false},"author":2,"featured_media":93494,"comment_status":"closed","ping_status":"closed","sticky":false,"template":"","format":"standard","meta":{"om_disable_all_campaigns":false,"_monsterinsights_skip_tracking":false,"_monsterinsights_sitenote_active":false,"_monsterinsights_sitenote_note":"","_monsterinsights_sitenote_category":0},"categories":[3],"tags":[],"aioseo_notices":[],"gutentor_comment":0,"rttpg_featured_image_url":{"full":["https:\/\/arantv.az\/wp-content\/uploads\/2019\/11\/492622a7e0a74490dae854664a433331.jpg",450,300,false],"landscape":["https:\/\/arantv.az\/wp-content\/uploads\/2019\/11\/492622a7e0a74490dae854664a433331.jpg",450,300,false],"portraits":["https:\/\/arantv.az\/wp-content\/uploads\/2019\/11\/492622a7e0a74490dae854664a433331.jpg",450,300,false],"thumbnail":["https:\/\/arantv.az\/wp-content\/uploads\/2019\/11\/492622a7e0a74490dae854664a433331-150x150.jpg",150,150,true],"medium":["https:\/\/arantv.az\/wp-content\/uploads\/2019\/11\/492622a7e0a74490dae854664a433331-300x200.jpg",300,200,true],"large":["https:\/\/arantv.az\/wp-content\/uploads\/2019\/11\/492622a7e0a74490dae854664a433331.jpg",450,300,false],"1536x1536":["https:\/\/arantv.az\/wp-content\/uploads\/2019\/11\/492622a7e0a74490dae854664a433331.jpg",450,300,false],"2048x2048":["https:\/\/arantv.az\/wp-content\/uploads\/2019\/11\/492622a7e0a74490dae854664a433331.jpg",450,300,false],"post-thumbnail":["https:\/\/arantv.az\/wp-content\/uploads\/2019\/11\/492622a7e0a74490dae854664a433331-240x172.jpg",240,172,true],"advps-thumb-one":["https:\/\/arantv.az\/wp-content\/uploads\/2019\/11\/492622a7e0a74490dae854664a433331.jpg",450,300,false]},"rttpg_author":{"display_name":"V\u00fcsal Rafiqo\u011flu","author_link":"https:\/\/arantv.az\/?author=2"},"rttpg_comment":0,"rttpg_category":"<a href=\"https:\/\/arantv.az\/?cat=3\" rel=\"category\">Kriminal<\/a>","rttpg_excerpt":"Yaral\u0131 x\u0259st\u0259xanaya \u00e7atd\u0131r\u0131l\u0131b ARANTV.AZ\u00a0\u00a0aznews.az-a istinad\u0259n x\u0259b\u0259r verir ki, Bak\u0131n\u0131n N\u0259simi rayonunda m\u00fcbahis\u0259 z\u0259minind\u0259 b\u0131\u00e7aqlanma hadis\u0259si ba\u015f verib. Hadis\u0259 metronun &#8220;Memar \u018fc\u0259mi&#8221; stansiyas\u0131n\u0131n yax\u0131nl\u0131\u011f\u0131nda qeyd\u0259 al\u0131n\u0131b. Kafel\u0259rin birind\u0259 26 ya\u015fl\u0131 Babayev R\u0259van Adil o\u011flu tan\u0131mad\u0131\u011f\u0131 \u015f\u0259xsl\u0259r t\u0259r\u0259find\u0259n d\u00f6y\u00fcl\u00fcb. Onlar daha sonra R.Babayev\u0259 b\u0131\u00e7aqla x\u0259sar\u0259t yetiribl\u0259r. Yaral\u0131 x\u0259st\u0259xanaya \u00e7atd\u0131r\u0131l\u0131b. Faktla ba\u011fl\u0131 N\u0259simi Rayon Polis \u0130dar\u0259sind\u0259 ara\u015fd\u0131rma apar\u0131l\u0131r.","_links":{"self":[{"href":"https:\/\/arantv.az\/index.php?rest_route=\/wp\/v2\/posts\/93493"}],"collection":[{"href":"https:\/\/arantv.az\/index.php?rest_route=\/wp\/v2\/posts"}],"about":[{"href":"https:\/\/arantv.az\/index.php?rest_route=\/wp\/v2\/types\/post"}],"author":[{"embeddable":true,"href":"https:\/\/arantv.az\/index.php?rest_route=\/wp\/v2\/users\/2"}],"replies":[{"embeddable":true,"href":"https:\/\/arantv.az\/index.php?rest_route=%2Fwp%2Fv2%2Fcomments&post=93493"}],"version-history":[{"count":0,"href":"https:\/\/arantv.az\/index.php?rest_route=\/wp\/v2\/posts\/93493\/revisions"}],"wp:featuredmedia":[{"embeddable":true,"href":"https:\/\/arantv.az\/index.php?rest_route=\/wp\/v2\/media\/93494"}],"wp:attachment":[{"href":"https:\/\/arantv.az\/index.php?rest_route=%2Fwp%2Fv2%2Fmedia&parent=93493"}],"wp:term":[{"taxonomy":"category","embeddable":true,"href":"https:\/\/arantv.az\/index.php?rest_route=%2Fwp%2Fv2%2Fcategories&post=93493"},{"taxonomy":"post_tag","embeddable":true,"href":"https:\/\/arantv.az\/index.php?rest_route=%2Fwp%2Fv2%2Ftags&post=93493"}],"curies":[{"name":"wp","href":"https:\/\/api.w.org\/{rel}","templated":true}]}}