{"id":93518,"date":"2019-11-07T09:42:09","date_gmt":"2019-11-07T06:42:09","guid":{"rendered":"http:\/\/arantv.az\/?p=93518"},"modified":"2019-11-07T09:42:09","modified_gmt":"2019-11-07T06:42:09","slug":"olimpiadanin-qalibi-olmus-sahmatcimiz-11-ci-sinifd%c9%99-oxuduguma-gor%c9%99-d%c9%99rsl%c9%99rim%c9%99-diqq%c9%99t-yetir%c9%99c%c9%99y%c9%99m","status":"publish","type":"post","link":"https:\/\/arantv.az\/?p=93518","title":{"rendered":"Olimpiadan\u0131n qalibi olmu\u015f \u015fahmat\u00e7\u0131m\u0131z: 11-ci sinifd\u0259 oxudu\u011fuma g\u00f6r\u0259 d\u0259rsl\u0259rim\u0259 diqq\u0259t yetir\u0259c\u0259y\u0259m"},"content":{"rendered":"<p>T\u00fcrkiy\u0259nin \u00c7orum \u015f\u0259h\u0259rind\u0259 16 ya\u015fad\u0259k \u015fahmat\u00e7\u0131lar aras\u0131nda \u00dcmumd\u00fcnya Yeniyetm\u0259l\u0259r Olimpiadas\u0131n\u0131n qalibi olan Az\u0259rbaycan milli komandas\u0131 Bak\u0131ya qay\u0131d\u0131b.<\/p>\n<p><b>ARANTV.AZ\u00a0<\/b>x\u0259b\u0259r verir ki, y\u0131\u011fma \u00fczvl\u0259rini Heyd\u0259r \u018fliyev Beyn\u0259lxalq Hava Liman\u0131nda federasiya r\u0259smil\u0259ri, idman ictimaiyy\u0259tinin n\u00fcmay\u0259nd\u0259l\u0259ri v\u0259 jurnalistl\u0259r qar\u015f\u0131lay\u0131b.<\/p>\n<p>Az\u0259rbaycan \u015eahmat Federasiyas\u0131n\u0131n vitse-prezidenti Faiq H\u0259s\u0259nov \u0259ld\u0259 olunan n\u0259tic\u0259ni b\u00f6y\u00fck u\u011fur kimi d\u0259y\u0259rl\u0259ndirib:<\/p>\n<div id=\"AdviadNativeVideo0\" class=\"AdviadNativeVideo\"><\/div>\n<p>\u201c\u0130ndiy\u0259 q\u0259d\u0259r Az\u0259rbaycan \u015fahmat\u00e7\u0131lar\u0131 bu yar\u0131\u015fda bel\u0259 y\u00fcks\u0259k n\u0259tic\u0259 g\u00f6st\u0259rm\u0259yib. Son tur \u0259r\u0259f\u0259sind\u0259 q\u0259l\u0259b\u0259y\u0259 \u00e7ox yax\u0131n oldu\u011fumuzu bilirdik. Bununla bel\u0259, son turda \u00c7in komandas\u0131 il\u0259 oyuna ciddi haz\u0131rla\u015fd\u0131q. B\u00fct\u00fcn idman ictimaiyy\u0259tini t\u0259brik edirik\u201d.<\/p>\n<p>\u00dcmumd\u00fcnya \u015eahmat Olimpiadas\u0131n\u0131n qalibi olan Az\u0259rbaycan y\u0131\u011fmas\u0131n\u0131n ba\u015f m\u0259\u015fq\u00e7isi F\u0259rid Abbasov komandan\u0131n \u00e7empionlu\u011fa layiq oldu\u011funu s\u00f6yl\u0259yib:<\/p>\n<p>\u201cAz\u0259rbaycan \u015fahmat\u0131 d\u00fcnyada g\u00fccl\u00fcl\u0259r s\u0131ras\u0131ndad\u0131r. T\u00fcrkiy\u0259d\u0259ki q\u0259l\u0259b\u0259 bir daha g\u00fcc\u00fcm\u00fcz\u00fc, bacar\u0131\u011f\u0131m\u0131z\u0131 g\u00f6st\u0259rdi. Biz\u0259 g\u00f6st\u0259ril\u0259n d\u0259st\u0259y\u0259 g\u00f6r\u0259 Az\u0259rbaycan \u015eahmat Federasiyas\u0131na t\u0259\u015f\u0259kk\u00fcr edir\u0259m. Son tur \u0259r\u0259f\u0259sind\u0259 h\u0259y\u0259can hiss olunurdu.<\/p>\n<p>Ham\u0131 q\u0131z\u0131l medal arzulay\u0131rd\u0131, bununla bel\u0259, \u00c7inl\u0259 oyunun \u00e7\u0259tin olaca\u011f\u0131n\u0131 ba\u015fa d\u00fc\u015f\u00fcrd\u00fck. Az\u0259rbaycan \u015eahmat Federasiyas\u0131n\u0131n vitse-prezidenti, FIDE r\u0259smisi Mahir M\u0259mm\u0259dov bir g\u00fcn \u0259vv\u0259l z\u0259ng vuraraq b\u00fct\u00fcn komanda \u00fczvl\u0259rin\u0259 d\u0259st\u0259k oldu. Mahir m\u00fc\u0259llim s\u00f6yl\u0259di ki, biz\u0259 inan\u0131r v\u0259 son turda da q\u0259l\u0259b\u0259 qazanmaq reald\u0131r. Bu s\u00f6zl\u0259r biz\u0259 \u00e7ox k\u00f6m\u0259k oldu\u201d.<\/p>\n<p>F\u0259rid Abbasov m\u00fckafatland\u0131rma m\u0259rasimind\u0259 milli geyimd\u0259 i\u015ftirak etm\u0259l\u0259rinin sirrini d\u0259 a\u00e7\u0131qlay\u0131b:<\/p>\n<p>\u201cBilirsiniz ki, oktyabr\u0131n 29-u T\u00fcrkiy\u0259d\u0259 Cumhuriyy\u0259t g\u00fcn\u00fcd\u00fcr. Yar\u0131\u015fdan \u0259vv\u0259l b\u00fct\u00fcn komandalardan s\u0259f\u0259r\u0259 \u00e7\u0131xark\u0259n milli geyiml\u0259rini \u00f6zl\u0259riyl\u0259 g\u00f6t\u00fcrm\u0259l\u0259rini xahi\u015f etmi\u015fdil\u0259r. Ba\u011flan\u0131\u015f m\u0259rasimind\u0259 b\u00fct\u00fcn \u00f6lk\u0259l\u0259rin milli geyimd\u0259 olmalar\u0131n\u0131 ist\u0259yirdil\u0259r.<\/p>\n<p>N\u0259tic\u0259d\u0259, i\u015ftirak\u00e7\u0131 \u00f6lk\u0259l\u0259rd\u0259n yaln\u0131z Az\u0259rbaycan milli geyimi g\u0259tirmi\u015fdi. \u018fvv\u0259ld\u0259n ideyam\u0131z var idi \u2013 q\u0131z\u0131l medal qazansaq, m\u00fckafatland\u0131rma m\u0259rasimin\u0259 milli geyimd\u0259 yollanaq. \u00c7ox sevinir\u0259m ki, ist\u0259yimiz al\u0131nd\u0131. Qazan\u0131lan u\u011furda h\u0259r bir \u015fahmat\u00e7\u0131m\u0131z\u0131n rolu var. T\u00fcrkiy\u0259d\u0259 \u0259sl komanda kimi \u00e7\u0131x\u0131\u015f ed\u0259r\u0259k \u00e7empion olduq\u201d.<\/p>\n<div class=\"gallery\">\n<div class=\"gallery-i\"><img src=\"https:\/\/assets.oxu.az\/uploads\/W1siZiIsIjIwMTkvMTEvMDcvMDkvNDgvMzgvYThjODJhNWYtMzNlYi00MjQxLTk1MjktOGY2N2E0NjY4NmIwL0lNR180MzczLTA2LTExLTE5LTExLTIyLmpwZWciXSxbInAiLCJlbmNvZGUiLCJqcGciLCItcXVhbGl0eSA4MCJdLFsicCIsInRodW1iIiwiNTkweDU5MFx1MDAzZSJdXQ?sha=304db1241a0dbd4a\" alt=\"\" \/><\/p>\n<div class=\"gallery-i-caption\"><\/div>\n<\/div>\n<\/div>\n<p>Birinci l\u00f6vh\u0259d\u0259 \u00e7\u0131x\u0131\u015f ed\u0259n M\u0259h\u0259mm\u0259d Muradl\u0131 q\u0259l\u0259b\u0259d\u0259 komanda \u00fczvl\u0259rinin mehribanl\u0131\u011f\u0131n\u0131n m\u00fch\u00fcm rol oynad\u0131\u011f\u0131n\u0131 deyib:<\/p>\n<p>\u201cBiz \u0259sl komanda kimi \u00e7\u0131x\u0131\u015f etdik. Mehribanl\u0131\u011f\u0131m\u0131z m\u00fch\u00fcm rol oynad\u0131. U\u015faqlarla bir-birimizi yax\u015f\u0131 ba\u015fa d\u00fc\u015f\u00fcrd\u00fck. S\u0259f\u0259rd\u0259n \u00f6nc\u0259 m\u00fckafat\u00e7\u0131lar s\u0131ras\u0131nda yer alma\u011f\u0131 arzulay\u0131rd\u0131q. 5-6 turdan sonra is\u0259 ancaq \u00e7empionluq bar\u0259d\u0259 d\u00fc\u015f\u00fcnm\u0259y\u0259 ba\u015flad\u0131q\u201d.<\/p>\n<p>\u0130kinci l\u00f6vh\u0259d\u0259 yeddi xal toplayan Ayd\u0131n S\u00fcleymanl\u0131 q\u0259l\u0259b\u0259nin onun karyeras\u0131nda \u00f6n\u0259mli yer tutaca\u011f\u0131n\u0131 s\u00f6yl\u0259yib:<\/p>\n<p>\u201cBir ne\u00e7\u0259 g\u00fcn \u0259vv\u0259l 14 ya\u015fl\u0131lar aras\u0131nda d\u00fcnya \u00e7empionu oldum. \u0130ndi is\u0259 yeniyetm\u0259l\u0259r aras\u0131nda \u00dcmumd\u00fcnya \u015eahmat Olimpiadas\u0131nda q\u0131z\u0131l medal \u0259ld\u0259 etdim. Bu u\u011furdan sonra \u00fcz\u0259rimizd\u0259 daha \u00e7ox \u00e7al\u0131\u015fmal\u0131y\u0131q. 2-3 g\u00fcn istirah\u0259td\u0259n sonra Monteneqroya yola d\u00fc\u015f\u0259c\u0259y\u0259m.<\/p>\n<p>\u201cV\u00fcqar H\u0259\u015fimov\u201d klubunun hey\u0259tind\u0259 Avropa \u00c7empionlar Kubokunda i\u015ftirak ed\u0259c\u0259y\u0259m. V\u00fcqar\u0131n ad\u0131n\u0131 da\u015f\u0131yan klubda i\u015ftirak etm\u0259k m\u0259nim \u00fc\u00e7\u00fcn h\u0259m \u015f\u0259r\u0259fdir, h\u0259m d\u0259 b\u00f6y\u00fck m\u0259suliyy\u0259t. \u00c7al\u0131\u015faca\u011fam ki, bu yar\u0131\u015fda da layiqinc\u0259 m\u00fcbariz\u0259 apar\u0131m\u201d.<\/p>\n<p>\u00dc\u00e7\u00fcnc\u00fc l\u00f6vh\u0259d\u0259 \u00e7\u0131x\u0131\u015f ed\u0259n \u018fhm\u0259d \u018fhm\u0259dzad\u0259 jurnalistl\u0259r\u0259 a\u00e7\u0131qlamas\u0131nda \u0259n b\u00f6y\u00fck arzusundan dan\u0131\u015f\u0131b:<\/p>\n<p>\u201cS\u00f6zs\u00fcz ki, bu g\u00fcn biz g\u00fccl\u00fc olduq. V\u0259t\u0259n\u0259 q\u0131z\u0131l medalla qay\u0131td\u0131q. Bununla bel\u0259, \u00fcz\u0259rimizd\u0259 daha \u00e7ox i\u015fl\u0259m\u0259liyik. Biz\u0259 g\u00f6st\u0259ril\u0259n d\u0259st\u0259y\u0259 g\u00f6r\u0259 federasiyaya, m\u0259\u015fq\u00e7il\u0259r\u0259 t\u0259\u015f\u0259kk\u00fcr edirik. \u018fn b\u00f6y\u00fck arzum g\u0259l\u0259c\u0259kd\u0259 \u015e\u0259hriyar M\u0259mm\u0259dyarov, Teymur R\u0259c\u0259bovun \u00e7\u0131x\u0131\u015f etdiyi Az\u0259rbaycan\u0131n \u0259sas milli komandas\u0131n\u0131n \u015f\u0259r\u0259fini qorumaqd\u0131r\u201d.<\/p>\n<p>V\u00fcqar Manafovla G\u00f6vh\u0259r Beydullayeva da T\u00fcrkiy\u0259d\u0259 yeniyetm\u0259l\u0259rin bel\u0259 m\u00f6t\u0259b\u0259r yar\u0131\u015f\u0131nda q\u0131z\u0131l medal qazand\u0131qlar\u0131na g\u00f6r\u0259 xo\u015fb\u0259xt olduqlar\u0131n\u0131 bildirib. G\u00f6vh\u0259r Beydullayeva qeyd edib ki, komandada yegan\u0259 qad\u0131n idman\u00e7\u0131 kimi h\u0259mkarlar\u0131 ona qar\u015f\u0131 h\u0259r zaman diqq\u0259t v\u0259 qay\u011f\u0131 g\u00f6st\u0259rib:<\/p>\n<p>\u201cBiz komandada sanki ail\u0259yik. H\u0259r zaman bir-birimiz\u0259 d\u0259st\u0259k olurduq. M\u0259hz bu mehribanl\u0131\u011f\u0131m\u0131z say\u0259sind\u0259 qalib olduq. Bu il 11-ci sinifd\u0259 oxudu\u011fuma g\u00f6r\u0259\u00a0d\u0259rsl\u0259rim\u0259 x\u00fcsusi diqq\u0259t yetir\u0259c\u0259y\u0259m. Bu il daha yar\u0131\u015f\u0131m yoxdur. G\u0259l\u0259n il yar\u0131\u015flara qat\u0131laca\u011fam\u201d.<\/p>\n<p>Qeyd ed\u0259k ki, Az\u0259rbaycan komandas\u0131 olimpiadada 16 xal toplay\u0131b. Az\u0259rbaycan Rusiya, \u00c7in, Ukrayna kimi g\u00fccl\u00fc \u015fahmat \u00f6lk\u0259l\u0259rini gerid\u0259 qoyub.<\/p>\n<p>Kollektiv Monqolustan, AB\u015e, Kanada, \u0130srail, Qazax\u0131stan v\u0259 Yunan\u0131stan\u0131 m\u0259\u011flub etdiyi halda, yaln\u0131z \u00d6zb\u0259kistan v\u0259 Ukrayna il\u0259 he\u00e7-he\u00e7\u0259 ed\u0259r\u0259k liderliyi sonad\u0259k qoruyub. \u015eahmat\u00e7\u0131lardan \u0259n y\u00fcks\u0259k n\u0259tic\u0259ni Ayd\u0131n S\u00fcleymanl\u0131 g\u00f6st\u0259rib. O, doqquz tura yeddi xal qazan\u0131b.oxu.az<\/p>\n","protected":false},"excerpt":{"rendered":"<p>T\u00fcrkiy\u0259nin \u00c7orum \u015f\u0259h\u0259rind\u0259 16 ya\u015fad\u0259k \u015fahmat\u00e7\u0131lar aras\u0131nda \u00dcmumd\u00fcnya Yeniyetm\u0259l\u0259r Olimpiadas\u0131n\u0131n qalibi olan Az\u0259rbaycan milli komandas\u0131 Bak\u0131ya qay\u0131d\u0131b. ARANTV.AZ\u00a0x\u0259b\u0259r verir ki, y\u0131\u011fma \u00fczvl\u0259rini Heyd\u0259r \u018fliyev Beyn\u0259lxalq Hava Liman\u0131nda federasiya r\u0259smil\u0259ri, idman ictimaiyy\u0259tinin n\u00fcmay\u0259nd\u0259l\u0259ri v\u0259 jurnalistl\u0259r qar\u015f\u0131lay\u0131b. Az\u0259rbaycan \u015eahmat Federasiyas\u0131n\u0131n vitse-prezidenti Faiq H\u0259s\u0259nov \u0259ld\u0259 olunan n\u0259tic\u0259ni b\u00f6y\u00fck u\u011fur kimi d\u0259y\u0259rl\u0259ndirib: \u201c\u0130ndiy\u0259 q\u0259d\u0259r Az\u0259rbaycan \u015fahmat\u00e7\u0131lar\u0131 bu yar\u0131\u015fda bel\u0259 y\u00fcks\u0259k n\u0259tic\u0259 g\u00f6st\u0259rm\u0259yib. Son tur \u0259r\u0259f\u0259sind\u0259 q\u0259l\u0259b\u0259y\u0259 \u00e7ox yax\u0131n oldu\u011fumuzu bilirdik. Bununla bel\u0259, son turda \u00c7in komandas\u0131 il\u0259 oyuna ciddi haz\u0131rla\u015fd\u0131q. B\u00fct\u00fcn idman ictimaiyy\u0259tini t\u0259brik edirik\u201d. \u00dcmumd\u00fcnya \u015eahmat Olimpiadas\u0131n\u0131n qalibi olan Az\u0259rbaycan y\u0131\u011fmas\u0131n\u0131n ba\u015f m\u0259\u015fq\u00e7isi&hellip;<\/p>\n","protected":false},"author":2,"featured_media":93519,"comment_status":"closed","ping_status":"closed","sticky":false,"template":"","format":"standard","meta":{"om_disable_all_campaigns":false,"_monsterinsights_skip_tracking":false,"_monsterinsights_sitenote_active":false,"_monsterinsights_sitenote_note":"","_monsterinsights_sitenote_category":0},"categories":[6],"tags":[],"aioseo_notices":[],"gutentor_comment":0,"rttpg_featured_image_url":{"full":["https:\/\/arantv.az\/wp-content\/uploads\/2019\/11\/b0dbf130-1bb2-40c7-91ae-63bc0e16375c-3.jpg",620,380,false],"landscape":["https:\/\/arantv.az\/wp-content\/uploads\/2019\/11\/b0dbf130-1bb2-40c7-91ae-63bc0e16375c-3.jpg",620,380,false],"portraits":["https:\/\/arantv.az\/wp-content\/uploads\/2019\/11\/b0dbf130-1bb2-40c7-91ae-63bc0e16375c-3.jpg",620,380,false],"thumbnail":["https:\/\/arantv.az\/wp-content\/uploads\/2019\/11\/b0dbf130-1bb2-40c7-91ae-63bc0e16375c-3-150x150.jpg",150,150,true],"medium":["https:\/\/arantv.az\/wp-content\/uploads\/2019\/11\/b0dbf130-1bb2-40c7-91ae-63bc0e16375c-3-300x184.jpg",300,184,true],"large":["https:\/\/arantv.az\/wp-content\/uploads\/2019\/11\/b0dbf130-1bb2-40c7-91ae-63bc0e16375c-3.jpg",620,380,false],"1536x1536":["https:\/\/arantv.az\/wp-content\/uploads\/2019\/11\/b0dbf130-1bb2-40c7-91ae-63bc0e16375c-3.jpg",620,380,false],"2048x2048":["https:\/\/arantv.az\/wp-content\/uploads\/2019\/11\/b0dbf130-1bb2-40c7-91ae-63bc0e16375c-3.jpg",620,380,false],"post-thumbnail":["https:\/\/arantv.az\/wp-content\/uploads\/2019\/11\/b0dbf130-1bb2-40c7-91ae-63bc0e16375c-3-240x172.jpg",240,172,true],"advps-thumb-one":["https:\/\/arantv.az\/wp-content\/uploads\/2019\/11\/b0dbf130-1bb2-40c7-91ae-63bc0e16375c-3.jpg",620,380,false]},"rttpg_author":{"display_name":"V\u00fcsal Rafiqo\u011flu","author_link":"https:\/\/arantv.az\/?author=2"},"rttpg_comment":0,"rttpg_category":"<a href=\"https:\/\/arantv.az\/?cat=6\" rel=\"category\">\u0130dman<\/a>","rttpg_excerpt":"T\u00fcrkiy\u0259nin \u00c7orum \u015f\u0259h\u0259rind\u0259 16 ya\u015fad\u0259k \u015fahmat\u00e7\u0131lar aras\u0131nda \u00dcmumd\u00fcnya Yeniyetm\u0259l\u0259r Olimpiadas\u0131n\u0131n qalibi olan Az\u0259rbaycan milli komandas\u0131 Bak\u0131ya qay\u0131d\u0131b. ARANTV.AZ\u00a0x\u0259b\u0259r verir ki, y\u0131\u011fma \u00fczvl\u0259rini Heyd\u0259r \u018fliyev Beyn\u0259lxalq Hava Liman\u0131nda federasiya r\u0259smil\u0259ri, idman ictimaiyy\u0259tinin n\u00fcmay\u0259nd\u0259l\u0259ri v\u0259 jurnalistl\u0259r qar\u015f\u0131lay\u0131b. Az\u0259rbaycan \u015eahmat Federasiyas\u0131n\u0131n vitse-prezidenti Faiq H\u0259s\u0259nov \u0259ld\u0259 olunan n\u0259tic\u0259ni b\u00f6y\u00fck u\u011fur kimi d\u0259y\u0259rl\u0259ndirib: \u201c\u0130ndiy\u0259 q\u0259d\u0259r Az\u0259rbaycan \u015fahmat\u00e7\u0131lar\u0131 bu yar\u0131\u015fda bel\u0259&hellip;","_links":{"self":[{"href":"https:\/\/arantv.az\/index.php?rest_route=\/wp\/v2\/posts\/93518"}],"collection":[{"href":"https:\/\/arantv.az\/index.php?rest_route=\/wp\/v2\/posts"}],"about":[{"href":"https:\/\/arantv.az\/index.php?rest_route=\/wp\/v2\/types\/post"}],"author":[{"embeddable":true,"href":"https:\/\/arantv.az\/index.php?rest_route=\/wp\/v2\/users\/2"}],"replies":[{"embeddable":true,"href":"https:\/\/arantv.az\/index.php?rest_route=%2Fwp%2Fv2%2Fcomments&post=93518"}],"version-history":[{"count":0,"href":"https:\/\/arantv.az\/index.php?rest_route=\/wp\/v2\/posts\/93518\/revisions"}],"wp:featuredmedia":[{"embeddable":true,"href":"https:\/\/arantv.az\/index.php?rest_route=\/wp\/v2\/media\/93519"}],"wp:attachment":[{"href":"https:\/\/arantv.az\/index.php?rest_route=%2Fwp%2Fv2%2Fmedia&parent=93518"}],"wp:term":[{"taxonomy":"category","embeddable":true,"href":"https:\/\/arantv.az\/index.php?rest_route=%2Fwp%2Fv2%2Fcategories&post=93518"},{"taxonomy":"post_tag","embeddable":true,"href":"https:\/\/arantv.az\/index.php?rest_route=%2Fwp%2Fv2%2Ftags&post=93518"}],"curies":[{"name":"wp","href":"https:\/\/api.w.org\/{rel}","templated":true}]}}