{"id":93558,"date":"2019-11-07T10:17:53","date_gmt":"2019-11-07T07:17:53","guid":{"rendered":"http:\/\/arantv.az\/?p=93558"},"modified":"2019-11-07T10:17:53","modified_gmt":"2019-11-07T07:17:53","slug":"nazird%c9%99n-h%c9%99rbi-qulluqcularin-pul-t%c9%99minati-il%c9%99-bagli-q%c9%99rar","status":"publish","type":"post","link":"https:\/\/arantv.az\/?p=93558","title":{"rendered":"Nazird\u0259n h\u0259rbi qulluq\u00e7ular\u0131n pul t\u0259minat\u0131 il\u0259 ba\u011fl\u0131 &#8211; Q\u018fRAR"},"content":{"rendered":"<p>\u018fm\u0259k v\u0259\u00a0\u018fhalinin Sosial\u00a0M\u00fcdafi\u0259si Nazirliyinin Kollegiyas\u0131n\u0131n 2017-ci il 30 avqust tarixli, 12-3 n\u00f6mr\u0259li Q\u0259rar\u0131 il\u0259\u00a0t\u0259sdiql\u0259nmi\u015f \u201cH\u0259rbi qulluq\u00e7ular v\u0259\u00a0x\u00fcsusi r\u00fctb\u0259li \u015f\u0259xsl\u0259r \u00fczr\u0259\u00a0s\u0131\u011fortaolunanlar\u0131n f\u0259rdi u\u00e7otu Qaydalar\u0131\u201dnda d\u0259yi\u015fiklik edilib.<\/p>\n<p><strong>ARANTV.AZ<\/strong>-\u0131n m\u0259lumat\u0131na g\u00f6r\u0259, bu bar\u0259d\u0259 Kollegiyan\u0131n s\u0259dri, \u018fm\u0259k v\u0259 \u018fhalinin Sosial M\u00fcdafi\u0259si naziri Sahil Babayev q\u0259rar imzalay\u0131b.<\/p>\n<p>Q\u0259rara \u0259sas\u0259n\u00a0 s\u0259n\u0259din 2.1.10-cu yar\u0131mb\u0259ndind\u0259\u00a0\u201cdig\u0259r\u00a0\u0259lav\u0259l\u0259rd\u0259n\u201d s\u00f6zl\u0259rind\u0259n sonra \u201c(b\u00fcdc\u0259d\u0259nk\u0259nar v\u0259saitl\u0259r hesab\u0131na hesablanan\u00a0\u0259lav\u0259l\u0259r v\u0259\u00a0dig\u0259r \u00f6d\u0259ni\u015fl\u0259r istisna olmaqla)\u201d s\u00f6zl\u0259ri\u00a0\u0259lav\u0259\u00a0edilib. \u018fvv\u0259lki redaksiyan\u0131n h\u0259min b\u0259ndind\u0259 is\u0259 bu s\u00f6zl\u0259r olmay\u0131b.<\/p>\n<div id=\"AdviadNativeVideo0\" class=\"AdviadNativeVideo\"><\/div>\n<p>Qeyd ed\u0259k ki, \u201cH\u0259rbi qulluq\u00e7ular v\u0259\u00a0x\u00fcsusi r\u00fctb\u0259li \u015f\u0259xsl\u0259r \u00fczr\u0259\u00a0s\u0131\u011fortaolunanlar\u0131n f\u0259rdi u\u00e7otu Qaydalar\u0131\u201d 2.1.10-cu yar\u0131mb\u0259ndi h\u0259rbi qulluq\u00e7ular\u0131n t\u0259minat x\u0259rcliyi (pul t\u0259minat\u0131) il\u0259 ba\u011fl\u0131d\u0131r.<\/p>\n<p>Qeyd olunur ki, t\u0259minat x\u0259rcliyi h\u0259rbi qulluq\u00e7ular\u0131n ald\u0131qlar\u0131 ayl\u0131q v\u0259zif\u0259 maa\u015f\u0131ndan, r\u00fctb\u0259 maa\u015f\u0131ndan, xidm\u0259t ill\u0259rin\u0259 g\u00f6r\u0259 \u0259lav\u0259d\u0259n, \u0259rzaq pay\u0131 \u0259v\u0259zin\u0259 veril\u0259n pul kompensasiyas\u0131ndan, v\u0259zif\u0259 maa\u015f\u0131ndan hesablanan dig\u0259r \u0259lav\u0259l\u0259rd\u0259n\u00a0(b\u00fcdc\u0259d\u0259nk\u0259nar v\u0259saitl\u0259r hesab\u0131na hesablanan\u00a0\u0259lav\u0259l\u0259r v\u0259\u00a0dig\u0259r \u00f6d\u0259ni\u015fl\u0259r istisna olmaqla) art\u0131mlardan ibar\u0259t olan m\u0259bl\u0259\u011fdir.<\/p>\n<p>Nazirliyin Aparat\u0131n\u0131n H\u00fcquq \u015f\u00f6b\u0259sin\u0259\u00a0tap\u015f\u0131r\u0131l\u0131b ki, bu q\u0259rar\u0131n q\u0259bul edildiyi g\u00fcnd\u0259n \u00fc\u00e7 g\u00fcn m\u00fcdd\u0259tind\u0259\u00a0H\u00fcquqi Aktlar\u0131n D\u00f6vl\u0259t Reyestrind\u0259\u00a0qeyd\u0259\u00a0al\u0131nmas\u0131 \u00fc\u00e7\u00fcn\u00a0\u018fdliyy\u0259\u00a0Nazirliyin\u0259\u00a0t\u0259qdim olunmas\u0131n\u0131 t\u0259min etsin.<\/p>\n<p>Nazirliyi Aparat\u0131n\u0131n \u00dcmumi \u015f\u00f6b\u0259sin\u0259\u00a0tap\u015f\u0131r\u0131l\u0131b ki, bu q\u0259rar\u0131n sur\u0259tinin Nazirliyin aidiyy\u0259ti struktur b\u00f6lm\u0259l\u0259rin\u0259\u00a0\u00e7atd\u0131r\u0131lmas\u0131n\u0131 t\u0259min etsin.<\/p>\n<p>Q\u0259rar\u0131n icras\u0131na n\u0259zar\u0259t\u00a0\u018fm\u0259k v\u0259\u00a0\u018fhalinin Sosial M\u00fcdafi\u0259si Nazirliyinin 2019-cu il 19 fevral tarixli 19020011499 n\u00f6mr\u0259li\u00a0\u0259mri il\u0259\u00a0m\u00fc\u0259yy\u0259n edilmi\u015f kurasiya b\u00f6lg\u00fcs\u00fcn\u0259\u00a0\u0259sas\u0259n h\u0259yata ke\u00e7iril\u0259c\u0259k.<\/p>\n<p>Qeyd ed\u0259k ki, q\u0259rar noyabr\u0131n 6-dan q\u00fcvv\u0259y\u0259 minib.oxu.az<\/p>\n","protected":false},"excerpt":{"rendered":"<p>\u018fm\u0259k v\u0259\u00a0\u018fhalinin Sosial\u00a0M\u00fcdafi\u0259si Nazirliyinin Kollegiyas\u0131n\u0131n 2017-ci il 30 avqust tarixli, 12-3 n\u00f6mr\u0259li Q\u0259rar\u0131 il\u0259\u00a0t\u0259sdiql\u0259nmi\u015f \u201cH\u0259rbi qulluq\u00e7ular v\u0259\u00a0x\u00fcsusi r\u00fctb\u0259li \u015f\u0259xsl\u0259r \u00fczr\u0259\u00a0s\u0131\u011fortaolunanlar\u0131n f\u0259rdi u\u00e7otu Qaydalar\u0131\u201dnda d\u0259yi\u015fiklik edilib. ARANTV.AZ-\u0131n m\u0259lumat\u0131na g\u00f6r\u0259, bu bar\u0259d\u0259 Kollegiyan\u0131n s\u0259dri, \u018fm\u0259k v\u0259 \u018fhalinin Sosial M\u00fcdafi\u0259si naziri Sahil Babayev q\u0259rar imzalay\u0131b. Q\u0259rara \u0259sas\u0259n\u00a0 s\u0259n\u0259din 2.1.10-cu yar\u0131mb\u0259ndind\u0259\u00a0\u201cdig\u0259r\u00a0\u0259lav\u0259l\u0259rd\u0259n\u201d s\u00f6zl\u0259rind\u0259n sonra \u201c(b\u00fcdc\u0259d\u0259nk\u0259nar v\u0259saitl\u0259r hesab\u0131na hesablanan\u00a0\u0259lav\u0259l\u0259r v\u0259\u00a0dig\u0259r \u00f6d\u0259ni\u015fl\u0259r istisna olmaqla)\u201d s\u00f6zl\u0259ri\u00a0\u0259lav\u0259\u00a0edilib. \u018fvv\u0259lki redaksiyan\u0131n h\u0259min b\u0259ndind\u0259 is\u0259 bu s\u00f6zl\u0259r olmay\u0131b. Qeyd ed\u0259k ki, \u201cH\u0259rbi qulluq\u00e7ular v\u0259\u00a0x\u00fcsusi r\u00fctb\u0259li \u015f\u0259xsl\u0259r \u00fczr\u0259\u00a0s\u0131\u011fortaolunanlar\u0131n f\u0259rdi u\u00e7otu Qaydalar\u0131\u201d 2.1.10-cu yar\u0131mb\u0259ndi h\u0259rbi qulluq\u00e7ular\u0131n t\u0259minat x\u0259rcliyi (pul t\u0259minat\u0131) il\u0259 ba\u011fl\u0131d\u0131r. Qeyd olunur&hellip;<\/p>\n","protected":false},"author":2,"featured_media":93559,"comment_status":"closed","ping_status":"closed","sticky":false,"template":"","format":"standard","meta":{"om_disable_all_campaigns":false,"_monsterinsights_skip_tracking":false,"_monsterinsights_sitenote_active":false,"_monsterinsights_sitenote_note":"","_monsterinsights_sitenote_category":0},"categories":[1],"tags":[],"aioseo_notices":[],"gutentor_comment":0,"rttpg_featured_image_url":{"full":["https:\/\/arantv.az\/wp-content\/uploads\/2019\/11\/ROM3624.jpg",620,413,false],"landscape":["https:\/\/arantv.az\/wp-content\/uploads\/2019\/11\/ROM3624.jpg",620,413,false],"portraits":["https:\/\/arantv.az\/wp-content\/uploads\/2019\/11\/ROM3624.jpg",620,413,false],"thumbnail":["https:\/\/arantv.az\/wp-content\/uploads\/2019\/11\/ROM3624-150x150.jpg",150,150,true],"medium":["https:\/\/arantv.az\/wp-content\/uploads\/2019\/11\/ROM3624-300x200.jpg",300,200,true],"large":["https:\/\/arantv.az\/wp-content\/uploads\/2019\/11\/ROM3624.jpg",620,413,false],"1536x1536":["https:\/\/arantv.az\/wp-content\/uploads\/2019\/11\/ROM3624.jpg",620,413,false],"2048x2048":["https:\/\/arantv.az\/wp-content\/uploads\/2019\/11\/ROM3624.jpg",620,413,false],"post-thumbnail":["https:\/\/arantv.az\/wp-content\/uploads\/2019\/11\/ROM3624-240x172.jpg",240,172,true],"advps-thumb-one":["https:\/\/arantv.az\/wp-content\/uploads\/2019\/11\/ROM3624.jpg",620,413,false]},"rttpg_author":{"display_name":"V\u00fcsal Rafiqo\u011flu","author_link":"https:\/\/arantv.az\/?author=2"},"rttpg_comment":0,"rttpg_category":"<a href=\"https:\/\/arantv.az\/?cat=1\" rel=\"category\">C\u0259miyy\u0259t<\/a>","rttpg_excerpt":"\u018fm\u0259k v\u0259\u00a0\u018fhalinin Sosial\u00a0M\u00fcdafi\u0259si Nazirliyinin Kollegiyas\u0131n\u0131n 2017-ci il 30 avqust tarixli, 12-3 n\u00f6mr\u0259li Q\u0259rar\u0131 il\u0259\u00a0t\u0259sdiql\u0259nmi\u015f \u201cH\u0259rbi qulluq\u00e7ular v\u0259\u00a0x\u00fcsusi r\u00fctb\u0259li \u015f\u0259xsl\u0259r \u00fczr\u0259\u00a0s\u0131\u011fortaolunanlar\u0131n f\u0259rdi u\u00e7otu Qaydalar\u0131\u201dnda d\u0259yi\u015fiklik edilib. ARANTV.AZ-\u0131n m\u0259lumat\u0131na g\u00f6r\u0259, bu bar\u0259d\u0259 Kollegiyan\u0131n s\u0259dri, \u018fm\u0259k v\u0259 \u018fhalinin Sosial M\u00fcdafi\u0259si naziri Sahil Babayev q\u0259rar imzalay\u0131b. Q\u0259rara \u0259sas\u0259n\u00a0 s\u0259n\u0259din 2.1.10-cu yar\u0131mb\u0259ndind\u0259\u00a0\u201cdig\u0259r\u00a0\u0259lav\u0259l\u0259rd\u0259n\u201d s\u00f6zl\u0259rind\u0259n sonra \u201c(b\u00fcdc\u0259d\u0259nk\u0259nar v\u0259saitl\u0259r hesab\u0131na hesablanan\u00a0\u0259lav\u0259l\u0259r v\u0259\u00a0dig\u0259r \u00f6d\u0259ni\u015fl\u0259r&hellip;","_links":{"self":[{"href":"https:\/\/arantv.az\/index.php?rest_route=\/wp\/v2\/posts\/93558"}],"collection":[{"href":"https:\/\/arantv.az\/index.php?rest_route=\/wp\/v2\/posts"}],"about":[{"href":"https:\/\/arantv.az\/index.php?rest_route=\/wp\/v2\/types\/post"}],"author":[{"embeddable":true,"href":"https:\/\/arantv.az\/index.php?rest_route=\/wp\/v2\/users\/2"}],"replies":[{"embeddable":true,"href":"https:\/\/arantv.az\/index.php?rest_route=%2Fwp%2Fv2%2Fcomments&post=93558"}],"version-history":[{"count":0,"href":"https:\/\/arantv.az\/index.php?rest_route=\/wp\/v2\/posts\/93558\/revisions"}],"wp:featuredmedia":[{"embeddable":true,"href":"https:\/\/arantv.az\/index.php?rest_route=\/wp\/v2\/media\/93559"}],"wp:attachment":[{"href":"https:\/\/arantv.az\/index.php?rest_route=%2Fwp%2Fv2%2Fmedia&parent=93558"}],"wp:term":[{"taxonomy":"category","embeddable":true,"href":"https:\/\/arantv.az\/index.php?rest_route=%2Fwp%2Fv2%2Fcategories&post=93558"},{"taxonomy":"post_tag","embeddable":true,"href":"https:\/\/arantv.az\/index.php?rest_route=%2Fwp%2Fv2%2Ftags&post=93558"}],"curies":[{"name":"wp","href":"https:\/\/api.w.org\/{rel}","templated":true}]}}